{"id":55808,"date":"2026-09-05T00:38:19","date_gmt":"2026-09-05T00:38:19","guid":{"rendered":"https:\/\/canalshowsport.com.ar\/?p=74102"},"modified":"2026-09-05T00:38:19","modified_gmt":"2026-09-05T00:38:19","slug":"ricardo-zielinski-y-el-empate-con-sabor-a-poco-en-alberdi-merecimiento-de-principio-a-fin-pero-no-pudimos-cerrarlo","status":"publish","type":"post","link":"https:\/\/economiapoliticacba.com\/?p=55808","title":{"rendered":"Ricardo Zielinski y el empate con sabor a poco en Alberdi: &#8220;Merecimiento de principio a fin, pero no pudimos cerrarlo&#8221;"},"content":{"rendered":"<p class=\"wp-block-paragraph\"><strong>Belgrano<\/strong> dej\u00f3 escapar una victoria que parec\u00eda abrochada en el Gigante de Alberdi tras igualar por la m\u00ednima frente a <strong>Hurac\u00e1n<\/strong>. El Pirata domin\u00f3 las acciones y gener\u00f3 las situaciones m\u00e1s claras, pero la <strong>falta de efectividad<\/strong> en los metros finales le cost\u00f3 dos puntos fundamentales en casa.<\/p>\n<p class=\"wp-block-paragraph\">Tras el encuentro, el entrenador <strong>Ricardo Zielinski<\/strong> analiz\u00f3 el desarrollo del juego y lament\u00f3 la falta de contundencia para liquidar el partido. <strong><em>\u201cMerecimiento de principio a fin, pero ni hasta la pelota final nos sali\u00f3. Ten\u00edamos para cerrarlo y no pudimos\u201d<\/em><\/strong>, expres\u00f3 el &#8220;Ruso&#8221;, visiblemente disconforme con el resultado final ante un rival que pr\u00e1cticamente no inquiet\u00f3 el arco de Cardozo: <strong><em>\u201cHurac\u00e1n lleg\u00f3 solo una vez. Nos falta la serenidad de resolver el partido en el \u00e1rea contraria\u201d<\/em><\/strong>.<\/p>\n<figure class=\"wp-block-image size-full\"><img loading=\"lazy\" decoding=\"async\" width=\"1280\" height=\"960\" src=\"http:\/\/economiapoliticacba.com\/wp-content\/uploads\/2026\/09\/ricardo-zielinski-y-el-empate-con-sabor-a-poco-en-alberdi-merecimiento-de-principio-a-fin-pero-no-pudimos-cerrarlo.png\" alt class=\"wp-image-74104\" srcset=\"http:\/\/economiapoliticacba.com\/wp-content\/uploads\/2026\/09\/ricardo-zielinski-y-el-empate-con-sabor-a-poco-en-alberdi-merecimiento-de-principio-a-fin-pero-no-pudimos-cerrarlo.png 1280w, http:\/\/economiapoliticacba.com\/wp-content\/uploads\/2026\/09\/ricardo-zielinski-y-el-empate-con-sabor-a-poco-en-alberdi-merecimiento-de-principio-a-fin-pero-no-pudimos-cerrarlo-1.png 24w, http:\/\/economiapoliticacba.com\/wp-content\/uploads\/2026\/09\/ricardo-zielinski-y-el-empate-con-sabor-a-poco-en-alberdi-merecimiento-de-principio-a-fin-pero-no-pudimos-cerrarlo-2.png 36w, http:\/\/economiapoliticacba.com\/wp-content\/uploads\/2026\/09\/ricardo-zielinski-y-el-empate-con-sabor-a-poco-en-alberdi-merecimiento-de-principio-a-fin-pero-no-pudimos-cerrarlo-3.png 48w, http:\/\/economiapoliticacba.com\/wp-content\/uploads\/2026\/09\/ricardo-zielinski-y-el-empate-con-sabor-a-poco-en-alberdi-merecimiento-de-principio-a-fin-pero-no-pudimos-cerrarlo-4.png 768w, http:\/\/economiapoliticacba.com\/wp-content\/uploads\/2026\/09\/ricardo-zielinski-y-el-empate-con-sabor-a-poco-en-alberdi-merecimiento-de-principio-a-fin-pero-no-pudimos-cerrarlo-5.png 750w, http:\/\/economiapoliticacba.com\/wp-content\/uploads\/2026\/09\/ricardo-zielinski-y-el-empate-con-sabor-a-poco-en-alberdi-merecimiento-de-principio-a-fin-pero-no-pudimos-cerrarlo-6.png 1140w\" sizes=\"(max-width: 1280px) 100vw, 1280px\"><\/figure>\n<p class=\"wp-block-paragraph\">Haciendo un balance general del rendimiento colectivo, el DT rescat\u00f3 las formas en que viene respondiendo el equipo: <em><strong>\u201cDe positivo me llevo un mont\u00f3n de cosas. El equipo funcion\u00f3 y viene funcionando bien. El \u00fanico problema es que no podemos cerrar el partido y que nos est\u00e1 costando el gol\u201d<\/strong><\/em>, analiz\u00f3, al tiempo que desliz\u00f3 una exigencia de cara al armado del plantel: <strong><em>\u201cTendr\u00edamos que haber tra\u00eddo un jugador, un recambio\u201d<\/em><\/strong>.<\/p>\n<p class=\"wp-block-paragraph\">Uno de los momentos claves de la noche pas\u00f3 por la ejecuci\u00f3n desde los doce pasos y la situaci\u00f3n de Lucas Passerini, quien estrell\u00f3 su remate en el palo. Lejos de cuestionarlo, Zielinski respald\u00f3 al delantero: <em><strong>\u201cPasserini es uno de los que seguramente est\u00e1 nominado para patear los penales. Dentro de esa terminaci\u00f3n, se puede cambiar. \u00c9l lo pidi\u00f3 y los que erran penales son los que patean. El palo le dijo que no\u201d<\/strong><\/em>. <\/p>\n","protected":false},"excerpt":{"rendered":"<p>Belgrano dej\u00f3 escapar una victoria que parec\u00eda abrochada en el Gigante de Alberdi tras igualar por la m\u00ednima frente a Hurac\u00e1n. El Pirata domin\u00f3 las acciones y gener\u00f3 las situaciones m\u00e1s claras, pero la falta de efectividad en los metros finales le cost\u00f3 dos puntos fundamentales en casa. Tras el encuentro, el entrenador Ricardo Zielinski [&hellip;]<\/p>\n","protected":false},"author":1,"featured_media":55809,"comment_status":"closed","ping_status":"closed","sticky":false,"template":"","format":"standard","meta":{"om_disable_all_campaigns":false,"_monsterinsights_skip_tracking":false,"_monsterinsights_sitenote_active":false,"_monsterinsights_sitenote_note":"","_monsterinsights_sitenote_category":0},"categories":[16],"tags":[22,30,34,73,1141,1386],"aioseo_notices":[],"_links":{"self":[{"href":"https:\/\/economiapoliticacba.com\/index.php?rest_route=\/wp\/v2\/posts\/55808"}],"collection":[{"href":"https:\/\/economiapoliticacba.com\/index.php?rest_route=\/wp\/v2\/posts"}],"about":[{"href":"https:\/\/economiapoliticacba.com\/index.php?rest_route=\/wp\/v2\/types\/post"}],"author":[{"embeddable":true,"href":"https:\/\/economiapoliticacba.com\/index.php?rest_route=\/wp\/v2\/users\/1"}],"replies":[{"embeddable":true,"href":"https:\/\/economiapoliticacba.com\/index.php?rest_route=%2Fwp%2Fv2%2Fcomments&post=55808"}],"version-history":[{"count":0,"href":"https:\/\/economiapoliticacba.com\/index.php?rest_route=\/wp\/v2\/posts\/55808\/revisions"}],"wp:featuredmedia":[{"embeddable":true,"href":"https:\/\/economiapoliticacba.com\/index.php?rest_route=\/wp\/v2\/media\/55809"}],"wp:attachment":[{"href":"https:\/\/economiapoliticacba.com\/index.php?rest_route=%2Fwp%2Fv2%2Fmedia&parent=55808"}],"wp:term":[{"taxonomy":"category","embeddable":true,"href":"https:\/\/economiapoliticacba.com\/index.php?rest_route=%2Fwp%2Fv2%2Fcategories&post=55808"},{"taxonomy":"post_tag","embeddable":true,"href":"https:\/\/economiapoliticacba.com\/index.php?rest_route=%2Fwp%2Fv2%2Ftags&post=55808"}],"curies":[{"name":"wp","href":"https:\/\/api.w.org\/{rel}","templated":true}]}}