{"id":55804,"date":"2026-09-05T01:39:11","date_gmt":"2026-09-05T01:39:11","guid":{"rendered":"https:\/\/canalshowsport.com.ar\/?p=74106"},"modified":"2026-09-05T01:39:11","modified_gmt":"2026-09-05T01:39:11","slug":"talleres-visita-a-san-lorenzo-en-el-debut-de-omar-de-felippe","status":"publish","type":"post","link":"https:\/\/economiapoliticacba.com\/?p=55804","title":{"rendered":"Talleres visita a San Lorenzo en el debut de Omar De Felippe"},"content":{"rendered":"<p class=\"wp-block-paragraph\"><strong><a href=\"https:\/\/www.canalshowsport.com.ar\/category\/futbol\/talleres\">Talleres <\/a><\/strong>afrontar\u00e1 este s\u00e1bado un partido clave para intentar cambiar el rumbo en el Torneo Clausura. Desde las 19, la \u201cT\u201d visitar\u00e1 a San Lorenzo en el estadio Pedro Bidegain, por la octava fecha de la Zona A, en lo que marcar\u00e1 el debut oficial de<strong> Omar De Felippe<\/strong> como entrenador del conjunto cordob\u00e9s.<\/p>\n<p class=\"wp-block-paragraph\">El panorama obliga a Talleres a sumar. El equipo marcha \u00faltimo en la Zona A con cinco puntos y apenas consigui\u00f3 una victoria en sus siete presentaciones. San Lorenzo, justamente, aparece inmediatamente por encima con siete unidades, por lo que el encuentro tendr\u00e1 adem\u00e1s el condimento de enfrentar a un rival directo en la parte baja de la tabla.<\/p>\n<figure class=\"wp-block-image size-large\"><img decoding=\"async\" src=\"http:\/\/economiapoliticacba.com\/wp-content\/uploads\/2026\/09\/talleres-visita-a-san-lorenzo-en-el-debut-de-omar-de-felippe.jpg\" alt><figcaption class=\"wp-element-caption\">Foto: prensa Talleres.<\/figcaption><\/figure>\n<p class=\"wp-block-paragraph\">De Felippe asumi\u00f3 esta semana tras la salida de Jorge Sampaoli y tuvo apenas unos pocos entrenamientos para trabajar con el plantel antes de su primera prueba. El nuevo t\u00e9cnico llega con el objetivo de recuperar r\u00e1pidamente la confianza del equipo y comenzar a sumar puntos para salir de la zona comprometida.<\/p>\n<p class=\"wp-block-paragraph\">Una de las novedades de la convocatoria ser\u00e1 <strong>Diego Valoyes<\/strong>. El delantero colombiano dej\u00f3 atr\u00e1s molestias f\u00edsicas, volvi\u00f3 a entrenar con el grupo y estar\u00e1 nuevamente a disposici\u00f3n del plantel. Su regreso le brinda a De Felippe una alternativa ofensiva m\u00e1s para este primer compromiso.<\/p>\n<blockquote class=\"instagram-media\" data-instgrm-captioned data-instgrm-permalink=\"https:\/\/www.instagram.com\/p\/Dc4aPRRCbm0\/?utm_source=ig_embed&amp;utm_campaign=loading\" data-instgrm-version=\"14\" readability=\"-0.1875\"><\/blockquote>\n<p class=\"wp-block-paragraph\">As\u00ed, Talleres se presenta en el Nuevo Gas\u00f3metro con una misi\u00f3n concreta: comenzar una nueva etapa con De Felippe y aprovechar el duelo directo ante San Lorenzo para conseguir una victoria que le permita abandonar el \u00faltimo lugar de la Zona A.<\/p>\n","protected":false},"excerpt":{"rendered":"<p>Talleres afrontar\u00e1 este s\u00e1bado un partido clave para intentar cambiar el rumbo en el Torneo Clausura. Desde las 19, la \u201cT\u201d visitar\u00e1 a San Lorenzo en el estadio Pedro Bidegain, por la octava fecha de la Zona A, en lo que marcar\u00e1 el debut oficial de Omar De Felippe como entrenador del conjunto cordob\u00e9s. El [&hellip;]<\/p>\n","protected":false},"author":1,"featured_media":55805,"comment_status":"closed","ping_status":"closed","sticky":false,"template":"","format":"standard","meta":{"om_disable_all_campaigns":false,"_monsterinsights_skip_tracking":false,"_monsterinsights_sitenote_active":false,"_monsterinsights_sitenote_note":"","_monsterinsights_sitenote_category":0},"categories":[16],"tags":[36,2865],"aioseo_notices":[],"_links":{"self":[{"href":"https:\/\/economiapoliticacba.com\/index.php?rest_route=\/wp\/v2\/posts\/55804"}],"collection":[{"href":"https:\/\/economiapoliticacba.com\/index.php?rest_route=\/wp\/v2\/posts"}],"about":[{"href":"https:\/\/economiapoliticacba.com\/index.php?rest_route=\/wp\/v2\/types\/post"}],"author":[{"embeddable":true,"href":"https:\/\/economiapoliticacba.com\/index.php?rest_route=\/wp\/v2\/users\/1"}],"replies":[{"embeddable":true,"href":"https:\/\/economiapoliticacba.com\/index.php?rest_route=%2Fwp%2Fv2%2Fcomments&post=55804"}],"version-history":[{"count":0,"href":"https:\/\/economiapoliticacba.com\/index.php?rest_route=\/wp\/v2\/posts\/55804\/revisions"}],"wp:featuredmedia":[{"embeddable":true,"href":"https:\/\/economiapoliticacba.com\/index.php?rest_route=\/wp\/v2\/media\/55805"}],"wp:attachment":[{"href":"https:\/\/economiapoliticacba.com\/index.php?rest_route=%2Fwp%2Fv2%2Fmedia&parent=55804"}],"wp:term":[{"taxonomy":"category","embeddable":true,"href":"https:\/\/economiapoliticacba.com\/index.php?rest_route=%2Fwp%2Fv2%2Fcategories&post=55804"},{"taxonomy":"post_tag","embeddable":true,"href":"https:\/\/economiapoliticacba.com\/index.php?rest_route=%2Fwp%2Fv2%2Ftags&post=55804"}],"curies":[{"name":"wp","href":"https:\/\/api.w.org\/{rel}","templated":true}]}}