{"id":55785,"date":"2026-09-04T21:32:14","date_gmt":"2026-09-04T21:32:14","guid":{"rendered":"https:\/\/comercioyjusticia.info\/?p=536995"},"modified":"2026-09-04T21:32:14","modified_gmt":"2026-09-04T21:32:14","slug":"guillermo-arias-presto-juramento-y-es-el-nuevo-juez-electoral-de-cordoba","status":"publish","type":"post","link":"https:\/\/economiapoliticacba.com\/?p=55785","title":{"rendered":"Guillermo Arias prest\u00f3 juramento y es el nuevo juez electoral de C\u00f3rdoba"},"content":{"rendered":"<div><img src=\"https:\/\/comercioyjusticia.info\/wp-content\/uploads\/2026\/09\/Arias.jpg\" class=\"ff-og-image-inserted\"><\/div>\n<p class=\"wp-block-paragraph\">El presidente del Tribunal Superior de Justicia de C\u00f3rdoba (TSJ), Domingo Sesin, tom\u00f3 juramento al<strong> nuevo titular del Juzgado Electoral provincial, Guillermo Arias. <\/strong>La ceremonia se desarroll\u00f3 este viernes en la Sala de Audiencias del TSJ, ubicada en el primer piso del Palacio de Justicia I.<\/p>\n<p class=\"wp-block-paragraph\">El juez Arias obtuvo la primera ubicaci\u00f3n en el orden de m\u00e9rito del concurso organizado por el Consejo de la Magistratura de la Provincia para cubrir la vacante generada por la jubilaci\u00f3n de la exmagistrada Marta Vidal. El gobernador de C\u00f3rdoba, Mart\u00edn Llaryrora, suscribi\u00f3 el decreto de designaci\u00f3n, luego de que la Legislatura provincial, en sesi\u00f3n p\u00fablica, prestara el acuerdo solicitado.<\/p>\n<p class=\"wp-block-paragraph\">Adem\u00e1s del presidente del TSJ, participaron del acto los vocales A\u00edda Tarditti, Mar\u00eda Marta C\u00e1ceres de Bollati, Sebasti\u00e1n L\u00f3pez Pe\u00f1a, Luis Angulo y Jessica Valentini.&nbsp;<\/p>\n<p class=\"wp-block-paragraph\">Tambi\u00e9n asistieron la vicegobernadora de la Provincia, Myrian Prunotto; la vicepresidenta de la Legislatura provincial, Julieta Rinaldi; el juez federal Hugo Vaca Narvaja; el ministro de Justicia y Trabajo de la Provincia, Juli\u00e1n L\u00f3pez; diputados nacionales y autoridades gubernamentales y legislativas.<\/p>\n<p class=\"wp-block-paragraph\">Asimismo, se hicieron presentes en la ceremonia el fiscal General, Carlos Rub\u00e9n Lezcano; el defensor General, Pablo Bustos Fierro; y la procuradora Penitenciaria General, Betina Croppi, magistrados y funcionarios judiciales.<\/p>\n","protected":false},"excerpt":{"rendered":"<p>El presidente del Tribunal Superior de Justicia de C\u00f3rdoba (TSJ), Domingo Sesin, tom\u00f3 juramento al nuevo titular del Juzgado Electoral provincial, Guillermo Arias. La ceremonia se desarroll\u00f3 este viernes en la Sala de Audiencias del TSJ, ubicada en el primer piso del Palacio de Justicia I. El juez Arias obtuvo la primera ubicaci\u00f3n en el [&hellip;]<\/p>\n","protected":false},"author":1,"featured_media":55786,"comment_status":"open","ping_status":"closed","sticky":false,"template":"","format":"standard","meta":{"om_disable_all_campaigns":false,"_monsterinsights_skip_tracking":false,"_monsterinsights_sitenote_active":false,"_monsterinsights_sitenote_note":"","_monsterinsights_sitenote_category":0},"categories":[21],"tags":[],"aioseo_notices":[],"_links":{"self":[{"href":"https:\/\/economiapoliticacba.com\/index.php?rest_route=\/wp\/v2\/posts\/55785"}],"collection":[{"href":"https:\/\/economiapoliticacba.com\/index.php?rest_route=\/wp\/v2\/posts"}],"about":[{"href":"https:\/\/economiapoliticacba.com\/index.php?rest_route=\/wp\/v2\/types\/post"}],"author":[{"embeddable":true,"href":"https:\/\/economiapoliticacba.com\/index.php?rest_route=\/wp\/v2\/users\/1"}],"replies":[{"embeddable":true,"href":"https:\/\/economiapoliticacba.com\/index.php?rest_route=%2Fwp%2Fv2%2Fcomments&post=55785"}],"version-history":[{"count":0,"href":"https:\/\/economiapoliticacba.com\/index.php?rest_route=\/wp\/v2\/posts\/55785\/revisions"}],"wp:featuredmedia":[{"embeddable":true,"href":"https:\/\/economiapoliticacba.com\/index.php?rest_route=\/wp\/v2\/media\/55786"}],"wp:attachment":[{"href":"https:\/\/economiapoliticacba.com\/index.php?rest_route=%2Fwp%2Fv2%2Fmedia&parent=55785"}],"wp:term":[{"taxonomy":"category","embeddable":true,"href":"https:\/\/economiapoliticacba.com\/index.php?rest_route=%2Fwp%2Fv2%2Fcategories&post=55785"},{"taxonomy":"post_tag","embeddable":true,"href":"https:\/\/economiapoliticacba.com\/index.php?rest_route=%2Fwp%2Fv2%2Ftags&post=55785"}],"curies":[{"name":"wp","href":"https:\/\/api.w.org\/{rel}","templated":true}]}}