{"id":55783,"date":"2026-09-04T22:55:36","date_gmt":"2026-09-04T22:55:36","guid":{"rendered":"https:\/\/www.clubtalleres.com.ar\/?p=217405"},"modified":"2026-09-04T22:55:36","modified_gmt":"2026-09-04T22:55:36","slug":"juveniles-lpf-2026-talleres-enfrenta-a-union-de-santa-fe","status":"publish","type":"post","link":"https:\/\/economiapoliticacba.com\/?p=55783","title":{"rendered":"Juveniles LPF 2026: Talleres enfrenta a Uni\u00f3n de Santa Fe"},"content":{"rendered":"<div><img src=\"http:\/\/economiapoliticacba.com\/wp-content\/uploads\/2026\/09\/juveniles-lpf-2026-talleres-enfrenta-a-union-de-santa-fe.jpg\" class=\"ff-og-image-inserted\"><\/div>\n<p class=\"wp-block-paragraph\">El Albiazul se mide ante el Tatengue en el marco de la Fecha 24 del Torneo de Juveniles de Liga Profesional de F\u00fatbol 2026.<\/p>\n<p class=\"wp-block-paragraph\">Las categor\u00edas mayores jugar\u00e1n en condici\u00f3n de visitante, en el <em>Predio La Tatenguita<\/em>, mientras que las menores ser\u00e1n locales en el <em>Centro de Alto Rendimiento Deportivo Amadeo Nuccetelli<\/em>.<\/p>\n<p class=\"wp-block-paragraph\">A continuaci\u00f3n, el cronograma de la jornada:<\/p>\n<p class=\"wp-block-paragraph\"><strong><em>Predio La Tatenguita<\/em><br \/>S\u00e1bado 5 de septiembre<br \/>4ta |<\/strong> 9 hs<br \/><strong>5ta |<\/strong> 11 hs<br \/><strong>6ta |<\/strong> 13 hs<\/p>\n<p class=\"wp-block-paragraph\"><strong><em>En Centro de Alto Rendimiento Deportivo Amadeo Nuccetelli:<br \/><\/em>S\u00e1bado 5 de septiembre<br \/>7ma |<\/strong> 9 hs<br \/><strong>8va |<\/strong> 11 hs<br \/><strong>9na |<\/strong> 12.50 hs<\/p>\n<p class=\"wp-block-paragraph\"><a>En la \u00faltima jornada,<\/a> <strong>Talleres<\/strong> sum\u00f3 4 puntos producto de 1 victoria, 1 empate y 4 derrotas. Convirti\u00f3 9 goles y recibi\u00f3 16 goles en contra.<\/p>\n<p class=\"wp-block-paragraph\">Segu\u00ed toda la informaci\u00f3n de nuestros juveniles (entrenamientos, formaciones, minuto a minuto, resultados, entrevistas) en el canal de Instagram <a href=\"https:\/\/www.instagram.com\/talleresformativas\/\"><em><strong>@talleresformativas<\/strong><\/em><\/a> <\/p>\n<p class=\"wp-block-paragraph\">Tambi\u00e9n podes seguir la transmisi\u00f3n de los partidos que se disputan en condici\u00f3n de local en el <a href=\"https:\/\/www.youtube.com\/@talleresoficial\/streams\"><em><strong>Canal Oficial en YouTube del Club<\/strong><\/em><\/a> <\/p>\n<p> <!-- CONTENT END 1 --> <\/p>\n","protected":false},"excerpt":{"rendered":"<p>El Albiazul se mide ante el Tatengue en el marco de la Fecha 24 del Torneo de Juveniles de Liga Profesional de F\u00fatbol 2026. Las categor\u00edas mayores jugar\u00e1n en condici\u00f3n de visitante, en el Predio La Tatenguita, mientras que las menores ser\u00e1n locales en el Centro de Alto Rendimiento Deportivo Amadeo Nuccetelli. A continuaci\u00f3n, el [&hellip;]<\/p>\n","protected":false},"author":1,"featured_media":55784,"comment_status":"closed","ping_status":"closed","sticky":false,"template":"","format":"standard","meta":{"om_disable_all_campaigns":false,"_monsterinsights_skip_tracking":false,"_monsterinsights_sitenote_active":false,"_monsterinsights_sitenote_note":"","_monsterinsights_sitenote_category":0},"categories":[16],"tags":[],"aioseo_notices":[],"_links":{"self":[{"href":"https:\/\/economiapoliticacba.com\/index.php?rest_route=\/wp\/v2\/posts\/55783"}],"collection":[{"href":"https:\/\/economiapoliticacba.com\/index.php?rest_route=\/wp\/v2\/posts"}],"about":[{"href":"https:\/\/economiapoliticacba.com\/index.php?rest_route=\/wp\/v2\/types\/post"}],"author":[{"embeddable":true,"href":"https:\/\/economiapoliticacba.com\/index.php?rest_route=\/wp\/v2\/users\/1"}],"replies":[{"embeddable":true,"href":"https:\/\/economiapoliticacba.com\/index.php?rest_route=%2Fwp%2Fv2%2Fcomments&post=55783"}],"version-history":[{"count":0,"href":"https:\/\/economiapoliticacba.com\/index.php?rest_route=\/wp\/v2\/posts\/55783\/revisions"}],"wp:featuredmedia":[{"embeddable":true,"href":"https:\/\/economiapoliticacba.com\/index.php?rest_route=\/wp\/v2\/media\/55784"}],"wp:attachment":[{"href":"https:\/\/economiapoliticacba.com\/index.php?rest_route=%2Fwp%2Fv2%2Fmedia&parent=55783"}],"wp:term":[{"taxonomy":"category","embeddable":true,"href":"https:\/\/economiapoliticacba.com\/index.php?rest_route=%2Fwp%2Fv2%2Fcategories&post=55783"},{"taxonomy":"post_tag","embeddable":true,"href":"https:\/\/economiapoliticacba.com\/index.php?rest_route=%2Fwp%2Fv2%2Ftags&post=55783"}],"curies":[{"name":"wp","href":"https:\/\/api.w.org\/{rel}","templated":true}]}}