{"id":55765,"date":"2026-09-04T17:41:46","date_gmt":"2026-09-04T17:41:46","guid":{"rendered":"https:\/\/canalshowsport.com.ar\/?p=73975"},"modified":"2026-09-04T17:41:46","modified_gmt":"2026-09-04T17:41:46","slug":"de-belgrano-a-la-cima-cuti-romero-sera-el-nuevo-capitan-de-argentina","status":"publish","type":"post","link":"https:\/\/economiapoliticacba.com\/?p=55765","title":{"rendered":"De Belgrano a la cima: Cuti Romero ser\u00e1 el nuevo capit\u00e1n de Argentina"},"content":{"rendered":"<p class=\"wp-block-paragraph\"><strong>Cristian Romero<\/strong> ser\u00e1 el <strong>nuevo capit\u00e1n de la Selecci\u00f3n Argentina<\/strong>, seg\u00fan pudo confirmar el periodista <em>Esteban Edul<\/em> de <em>ESPN<\/em>. Tras los retiros de <strong>Lionel Messi<\/strong> y <strong>Nicol\u00e1s Otamendi<\/strong> del combinado nacional, el \u201c<em>Cuti<\/em>\u201d ser\u00e1 quien porte la <strong>cinta de capit\u00e1n<\/strong> \u201c<em>Albiceleste<\/em>\u201d.<\/p>\n<p class=\"wp-block-paragraph\">El zaguero formado en <a href=\"https:\/\/canalshowsport.com.ar\/futbol\/belgrano\/\"><strong>Belgrano<\/strong><\/a> ya tom\u00f3 el rol de la capitan\u00eda en un duelo ante <strong>Chile<\/strong>, por las Eliminatorias rumbo al Mundial 2026. En esa ocasi\u00f3n, el \u201c10\u201d fue suplente ante molestias f\u00edsicas y Otamendi cumpl\u00eda una sanci\u00f3n por acumulaci\u00f3n de tarjetas amarillas.<\/p>\n<figure class=\"wp-block-image size-full\"><img loading=\"lazy\" decoding=\"async\" width=\"1296\" height=\"729\" src=\"http:\/\/economiapoliticacba.com\/wp-content\/uploads\/2026\/09\/de-belgrano-a-la-cima-cuti-romero-sera-el-nuevo-capitan-de-argentina.jpg\" alt class=\"wp-image-73976\" srcset=\"http:\/\/economiapoliticacba.com\/wp-content\/uploads\/2026\/09\/de-belgrano-a-la-cima-cuti-romero-sera-el-nuevo-capitan-de-argentina.jpg 1296w, http:\/\/economiapoliticacba.com\/wp-content\/uploads\/2026\/09\/de-belgrano-a-la-cima-cuti-romero-sera-el-nuevo-capitan-de-argentina-2.jpg 768w, http:\/\/economiapoliticacba.com\/wp-content\/uploads\/2026\/09\/de-belgrano-a-la-cima-cuti-romero-sera-el-nuevo-capitan-de-argentina-3.jpg 48w, http:\/\/economiapoliticacba.com\/wp-content\/uploads\/2026\/09\/de-belgrano-a-la-cima-cuti-romero-sera-el-nuevo-capitan-de-argentina-4.jpg 36w, http:\/\/economiapoliticacba.com\/wp-content\/uploads\/2026\/09\/de-belgrano-a-la-cima-cuti-romero-sera-el-nuevo-capitan-de-argentina-5.jpg 24w, http:\/\/economiapoliticacba.com\/wp-content\/uploads\/2026\/09\/de-belgrano-a-la-cima-cuti-romero-sera-el-nuevo-capitan-de-argentina-6.jpg 750w, http:\/\/economiapoliticacba.com\/wp-content\/uploads\/2026\/09\/de-belgrano-a-la-cima-cuti-romero-sera-el-nuevo-capitan-de-argentina-7.jpg 1140w\" sizes=\"(max-width: 1296px) 100vw, 1296px\"><\/figure>\n<p class=\"wp-block-paragraph\">Al finalizar el partido con triunfo por 1-0 para Argentina, Romero expres\u00f3:&nbsp; \u201c<strong><em>Va a ser una noche inolvidable para m\u00ed<\/em><\/strong><em>.Ya ven\u00eda emocionado antes de llegar al estadio. Llegu\u00e9 como un ni\u00f1o con mucha ilusi\u00f3n a la Selecci\u00f3n. Agradezco mucho, a Leo, a Ota, por<\/em> <strong><em>elegirme como uno de los capitanes<\/em><\/strong>&#8220;.<\/p>\n<p class=\"wp-block-paragraph\">En su momento, esta decisi\u00f3n se pens\u00f3 para el mediano y largo plazo, cuando los dos hist\u00f3ricos del combinado albiceleste ya no formen parte. Por su perfil de l\u00edder, se gan\u00f3 el lugar y estar\u00e1 al frente del equipo en el pr\u00f3ximo ciclo mundialista.<\/p>\n<p class=\"wp-block-paragraph\">&#8220;Cuti&#8221; Romero disput\u00f3 <strong>58 partidos<\/strong> con la Selecci\u00f3n Argentina. Su debut fue ante Chile, en la gira previa a la Copa Am\u00e9rica 2021. Desde su llegada, se afianz\u00f3 como titular y un pilar en la defensa de Lionel Scaloni. En el ciclo, anot\u00f3 cuatro goles y fue parte fundamental para las conquistas del <strong>Mundial 2022<\/strong>, las <strong>Copa Am\u00e9rica de 2021 y 2024<\/strong> y la <strong>Finalissima<\/strong>.<\/p>\n<figure class=\"wp-block-image size-full\"><img loading=\"lazy\" decoding=\"async\" width=\"1024\" height=\"729\" src=\"http:\/\/economiapoliticacba.com\/wp-content\/uploads\/2026\/09\/de-belgrano-a-la-cima-cuti-romero-sera-el-nuevo-capitan-de-argentina.webp\" alt class=\"wp-image-73978\" srcset=\"http:\/\/economiapoliticacba.com\/wp-content\/uploads\/2026\/09\/de-belgrano-a-la-cima-cuti-romero-sera-el-nuevo-capitan-de-argentina.webp 1024w, http:\/\/economiapoliticacba.com\/wp-content\/uploads\/2026\/09\/de-belgrano-a-la-cima-cuti-romero-sera-el-nuevo-capitan-de-argentina-1.webp 767w, http:\/\/economiapoliticacba.com\/wp-content\/uploads\/2026\/09\/de-belgrano-a-la-cima-cuti-romero-sera-el-nuevo-capitan-de-argentina-2.webp 24w, http:\/\/economiapoliticacba.com\/wp-content\/uploads\/2026\/09\/de-belgrano-a-la-cima-cuti-romero-sera-el-nuevo-capitan-de-argentina-3.webp 36w, http:\/\/economiapoliticacba.com\/wp-content\/uploads\/2026\/09\/de-belgrano-a-la-cima-cuti-romero-sera-el-nuevo-capitan-de-argentina-4.webp 48w, http:\/\/economiapoliticacba.com\/wp-content\/uploads\/2026\/09\/de-belgrano-a-la-cima-cuti-romero-sera-el-nuevo-capitan-de-argentina-5.webp 120w, http:\/\/economiapoliticacba.com\/wp-content\/uploads\/2026\/09\/de-belgrano-a-la-cima-cuti-romero-sera-el-nuevo-capitan-de-argentina-6.webp 350w, http:\/\/economiapoliticacba.com\/wp-content\/uploads\/2026\/09\/de-belgrano-a-la-cima-cuti-romero-sera-el-nuevo-capitan-de-argentina-7.webp 750w\" sizes=\"(max-width: 1024px) 100vw, 1024px\"><\/figure>\n<p class=\"wp-block-paragraph\">En medio de la noticia, <strong>\u201cLuifa\u201d Artime<\/strong> poste\u00f3 una foto en sus redes sociales junto a Romero con el mensaje: <strong><em>\u201cOrgullo Pirata\u201d<\/em><\/strong>, acompa\u00f1ado de \u00edconos que simbolizan el nuevo rol del defensor en la \u201c<em>Albiceleste<\/em>\u201d.<\/p>\n<figure class=\"wp-block-image size-full\"><img loading=\"lazy\" decoding=\"async\" width=\"1206\" height=\"2143\" src=\"http:\/\/economiapoliticacba.com\/wp-content\/uploads\/2026\/09\/de-belgrano-a-la-cima-cuti-romero-sera-el-nuevo-capitan-de-argentina-1.jpg\" alt class=\"wp-image-73977\"><\/figure>\n<figure class=\"wp-block-embed is-type-wp-embed is-provider-canal-showsport wp-block-embed-canal-showsport\"><\/figure>\n","protected":false},"excerpt":{"rendered":"<p>Cristian Romero ser\u00e1 el nuevo capit\u00e1n de la Selecci\u00f3n Argentina, seg\u00fan pudo confirmar el periodista Esteban Edul de ESPN. Tras los retiros de Lionel Messi y Nicol\u00e1s Otamendi del combinado nacional, el \u201cCuti\u201d ser\u00e1 quien porte la cinta de capit\u00e1n \u201cAlbiceleste\u201d. El zaguero formado en Belgrano ya tom\u00f3 el rol de la capitan\u00eda en un [&hellip;]<\/p>\n","protected":false},"author":1,"featured_media":55766,"comment_status":"closed","ping_status":"closed","sticky":false,"template":"","format":"standard","meta":{"om_disable_all_campaigns":false,"_monsterinsights_skip_tracking":false,"_monsterinsights_sitenote_active":false,"_monsterinsights_sitenote_note":"","_monsterinsights_sitenote_category":0},"categories":[16],"tags":[125,22,1313,446,34,66,135],"aioseo_notices":[],"_links":{"self":[{"href":"https:\/\/economiapoliticacba.com\/index.php?rest_route=\/wp\/v2\/posts\/55765"}],"collection":[{"href":"https:\/\/economiapoliticacba.com\/index.php?rest_route=\/wp\/v2\/posts"}],"about":[{"href":"https:\/\/economiapoliticacba.com\/index.php?rest_route=\/wp\/v2\/types\/post"}],"author":[{"embeddable":true,"href":"https:\/\/economiapoliticacba.com\/index.php?rest_route=\/wp\/v2\/users\/1"}],"replies":[{"embeddable":true,"href":"https:\/\/economiapoliticacba.com\/index.php?rest_route=%2Fwp%2Fv2%2Fcomments&post=55765"}],"version-history":[{"count":0,"href":"https:\/\/economiapoliticacba.com\/index.php?rest_route=\/wp\/v2\/posts\/55765\/revisions"}],"wp:featuredmedia":[{"embeddable":true,"href":"https:\/\/economiapoliticacba.com\/index.php?rest_route=\/wp\/v2\/media\/55766"}],"wp:attachment":[{"href":"https:\/\/economiapoliticacba.com\/index.php?rest_route=%2Fwp%2Fv2%2Fmedia&parent=55765"}],"wp:term":[{"taxonomy":"category","embeddable":true,"href":"https:\/\/economiapoliticacba.com\/index.php?rest_route=%2Fwp%2Fv2%2Fcategories&post=55765"},{"taxonomy":"post_tag","embeddable":true,"href":"https:\/\/economiapoliticacba.com\/index.php?rest_route=%2Fwp%2Fv2%2Ftags&post=55765"}],"curies":[{"name":"wp","href":"https:\/\/api.w.org\/{rel}","templated":true}]}}