{"id":55759,"date":"2026-09-04T00:21:46","date_gmt":"2026-09-04T00:21:46","guid":{"rendered":"https:\/\/canalshowsport.com.ar\/?p=73854"},"modified":"2026-09-04T00:21:46","modified_gmt":"2026-09-04T00:21:46","slug":"belgrano-confirmo-a-sus-convocados-para-recibir-a-huracan-vuelven-chino-zelarayan-y-santiago-longo","status":"publish","type":"post","link":"https:\/\/economiapoliticacba.com\/?p=55759","title":{"rendered":"Belgrano confirm\u00f3 a sus convocados para recibir a Hurac\u00e1n: vuelven &#8220;Chino&#8221; Zelaray\u00e1n y Santiago Longo"},"content":{"rendered":"<p class=\"wp-block-paragraph\">Belgrano ya tiene todo listo para recibir a Hurac\u00e1n. El encuentro se disputar\u00e1 este viernes desde las 19 en el <strong>Estadio Julio C\u00e9sar Villagra<\/strong>, por la octava fecha del Torneo Clausura, y Ricardo Zielinski dio a conocer la lista de convocados.<\/p>\n<p class=\"wp-block-paragraph\">La principal noticia pasa por el <strong>regreso de Lucas \u201cChino\u201d Zelaray\u00e1n<\/strong>, quien vuelve a estar a disposici\u00f3n despu\u00e9s de atravesar una molestia en una de sus rodillas. El mediocampista ofensivo hab\u00eda quedado al margen de los \u00faltimos compromisos y ahora vuelve a integrar la n\u00f3mina.<\/p>\n<p class=\"wp-block-paragraph\">Tambi\u00e9n aparece nuevamente <strong>Santiago Longo<\/strong>, uno de los referentes del plantel. El volante hab\u00eda sido baja en el \u00faltimo partido por una sobrecarga muscular y ahora est\u00e1 nuevamente entre los convocados.<\/p>\n<figure class=\"wp-block-image size-full\"><img loading=\"lazy\" decoding=\"async\" width=\"900\" height=\"1600\" src=\"http:\/\/economiapoliticacba.com\/wp-content\/uploads\/2026\/09\/belgrano-confirmo-a-sus-convocados-para-recibir-a-huracan-vuelven-chino-zelarayan-y-santiago-longo.png\" alt class=\"wp-image-73856\" srcset=\"http:\/\/economiapoliticacba.com\/wp-content\/uploads\/2026\/09\/belgrano-confirmo-a-sus-convocados-para-recibir-a-huracan-vuelven-chino-zelarayan-y-santiago-longo.png 900w, http:\/\/economiapoliticacba.com\/wp-content\/uploads\/2026\/09\/belgrano-confirmo-a-sus-convocados-para-recibir-a-huracan-vuelven-chino-zelarayan-y-santiago-longo-1.png 13w, http:\/\/economiapoliticacba.com\/wp-content\/uploads\/2026\/09\/belgrano-confirmo-a-sus-convocados-para-recibir-a-huracan-vuelven-chino-zelarayan-y-santiago-longo-2.png 20w, http:\/\/economiapoliticacba.com\/wp-content\/uploads\/2026\/09\/belgrano-confirmo-a-sus-convocados-para-recibir-a-huracan-vuelven-chino-zelarayan-y-santiago-longo-3.png 27w, http:\/\/economiapoliticacba.com\/wp-content\/uploads\/2026\/09\/belgrano-confirmo-a-sus-convocados-para-recibir-a-huracan-vuelven-chino-zelarayan-y-santiago-longo-4.png 768w, http:\/\/economiapoliticacba.com\/wp-content\/uploads\/2026\/09\/belgrano-confirmo-a-sus-convocados-para-recibir-a-huracan-vuelven-chino-zelarayan-y-santiago-longo-5.png 864w, http:\/\/economiapoliticacba.com\/wp-content\/uploads\/2026\/09\/belgrano-confirmo-a-sus-convocados-para-recibir-a-huracan-vuelven-chino-zelarayan-y-santiago-longo-6.png 750w\" sizes=\"(max-width: 900px) 100vw, 900px\"><\/figure>\n<p class=\"wp-block-paragraph\">Por otra parte, Belgrano contin\u00faa con la recuperaci\u00f3n de <strong>Agust\u00edn Falc\u00f3n<\/strong>, quien sufri\u00f3 una <strong>ruptura meniscal en la rodilla izquierda<\/strong> durante el encuentro ante Defensa y Justicia.<\/p>\n<p class=\"wp-block-paragraph\">El defensor de 21 a\u00f1os debi\u00f3 ser intervenido quir\u00fargicamente luego de que los estudios confirmaran la lesi\u00f3n. El club hab\u00eda informado que su evoluci\u00f3n quedar\u00eda bajo seguimiento del cuerpo m\u00e9dico de la instituci\u00f3n.<\/p>\n","protected":false},"excerpt":{"rendered":"<p>Belgrano ya tiene todo listo para recibir a Hurac\u00e1n. El encuentro se disputar\u00e1 este viernes desde las 19 en el Estadio Julio C\u00e9sar Villagra, por la octava fecha del Torneo Clausura, y Ricardo Zielinski dio a conocer la lista de convocados. La principal noticia pasa por el regreso de Lucas \u201cChino\u201d Zelaray\u00e1n, quien vuelve a [&hellip;]<\/p>\n","protected":false},"author":1,"featured_media":55760,"comment_status":"closed","ping_status":"closed","sticky":false,"template":"","format":"standard","meta":{"om_disable_all_campaigns":false,"_monsterinsights_skip_tracking":false,"_monsterinsights_sitenote_active":false,"_monsterinsights_sitenote_note":"","_monsterinsights_sitenote_category":0},"categories":[16],"tags":[22,30,73,1664,2583],"aioseo_notices":[],"_links":{"self":[{"href":"https:\/\/economiapoliticacba.com\/index.php?rest_route=\/wp\/v2\/posts\/55759"}],"collection":[{"href":"https:\/\/economiapoliticacba.com\/index.php?rest_route=\/wp\/v2\/posts"}],"about":[{"href":"https:\/\/economiapoliticacba.com\/index.php?rest_route=\/wp\/v2\/types\/post"}],"author":[{"embeddable":true,"href":"https:\/\/economiapoliticacba.com\/index.php?rest_route=\/wp\/v2\/users\/1"}],"replies":[{"embeddable":true,"href":"https:\/\/economiapoliticacba.com\/index.php?rest_route=%2Fwp%2Fv2%2Fcomments&post=55759"}],"version-history":[{"count":0,"href":"https:\/\/economiapoliticacba.com\/index.php?rest_route=\/wp\/v2\/posts\/55759\/revisions"}],"wp:featuredmedia":[{"embeddable":true,"href":"https:\/\/economiapoliticacba.com\/index.php?rest_route=\/wp\/v2\/media\/55760"}],"wp:attachment":[{"href":"https:\/\/economiapoliticacba.com\/index.php?rest_route=%2Fwp%2Fv2%2Fmedia&parent=55759"}],"wp:term":[{"taxonomy":"category","embeddable":true,"href":"https:\/\/economiapoliticacba.com\/index.php?rest_route=%2Fwp%2Fv2%2Fcategories&post=55759"},{"taxonomy":"post_tag","embeddable":true,"href":"https:\/\/economiapoliticacba.com\/index.php?rest_route=%2Fwp%2Fv2%2Ftags&post=55759"}],"curies":[{"name":"wp","href":"https:\/\/api.w.org\/{rel}","templated":true}]}}