{"id":55748,"date":"2026-09-04T00:40:00","date_gmt":"2026-09-04T00:40:00","guid":{"rendered":"https:\/\/economiapoliticacba.com\/?p=55748"},"modified":"2026-09-04T00:40:00","modified_gmt":"2026-09-04T00:40:00","slug":"milei-por-malvinas-las-frases-mas-fuertes-de-su-explosiva-cadena-nacional","status":"publish","type":"post","link":"https:\/\/economiapoliticacba.com\/?p=55748","title":{"rendered":"Milei por Malvinas: las frases m\u00e1s fuertes de su explosiva cadena nacional"},"content":{"rendered":"<p><!-- \/21709548400\/Eleconomista\/nota_Video_Oustream --> <\/p>\n<p>Javier Milei convirti\u00f3 este jueves a la cuesti\u00f3n Malvinas en el centro de la agenda del Gobierno. En una <a href=\"https:\/\/eleconomista.com.ar\/politica\/milei-hablara-cadena-nacional-malvinas-tras-inesperada-senal-trump-n97847\">cadena nacional<\/a>, el Presidente anunci\u00f3 una bater\u00eda de medidas econ\u00f3micas, diplom\u00e1ticas y judiciales para frenar la explotaci\u00f3n de recursos naturales en las islas y endureci\u00f3 el mensaje tanto hacia el Reino Unido como hacia las empresas que participen de proyectos sin autorizaci\u00f3n argentina.<\/p>\n<p>&#8220;Las Malvinas son argentinas, por historia y por derecho. No hay discusi\u00f3n al respecto&#8221;, plante\u00f3 Milei al comienzo del mensaje, antes de reivindicar el reclamo hist\u00f3rico argentino y cuestionar el argumento brit\u00e1nico de la autodeterminaci\u00f3n de los isle\u00f1os.<\/p>\n<h2>&#8220;La causa Malvinas no pertenece a un gobierno ni a un partido pol\u00edtico&#8221;<\/h2>\n<p>El Presidente busc\u00f3, adem\u00e1s, despegar la cuesti\u00f3n de la disputa partidaria dom\u00e9stica. &#8220;La causa Malvinas no pertenece a un gobierno ni a un partido pol\u00edtico, es una causa nacional&#8221;, afirm\u00f3. Seg\u00fan detall\u00f3, durante los \u00faltimos tres a\u00f1os el Gobierno obtuvo 18 resoluciones y declaraciones internacionales en apoyo al reclamo y present\u00f3 m\u00e1s de 60 propuestas formales frente a acciones unilaterales brit\u00e1nicas. Milei ya hab\u00eda sostenido antes de la cadena que su gesti\u00f3n consigui\u00f3 <a href=\"https:\/\/eleconomista.com.ar\/politica\/milei-dijo-presidente-logro-los-mayores-avances-historia-malvinas-es-verdad-n97211\">los mayores avances de la historia<\/a> en el tema.<\/p>\n<p> \ufeff <\/p>\n<h2>Qu\u00e9 dijo Milei sobre Donald Trump y la posici\u00f3n de Estados Unidos<\/h2>\n<p>Milei tambi\u00e9n volvi\u00f3 a poner a Donald Trump dentro de la ecuaci\u00f3n. Asegur\u00f3 que el presidente estadounidense declar\u00f3 que Washington est\u00e1 &#8220;revaluando su posici\u00f3n hist\u00f3rica con relaci\u00f3n a Malvinas&#8221; y sostuvo que eso ser\u00eda posible por la condici\u00f3n de la Argentina como &#8220;socio confiable&#8221; y alineado con los valores occidentales. La tensi\u00f3n entre Washington y Londres por el gasto militar es, justamente, la que <a href=\"https:\/\/eleconomista.com.ar\/politica\/islas-malvinas-pelea-trump-reino-unido-abre-una-ventana-argentina-n93437\">abri\u00f3 una ventana para la Argentina<\/a>.<\/p>\n<p>Pero el n\u00facleo del discurso estuvo en otro lugar: el avance de la explotaci\u00f3n petrolera.<\/p>\n<figure class=\"image\"><img loading=\"lazy\" width=\"100\" height=\"100\" class=\"cst_img\" src=\"http:\/\/economiapoliticacba.com\/wp-content\/uploads\/2026\/09\/milei-por-malvinas-las-frases-mas-fuertes-de-su-explosiva-cadena-nacional.webp\" data-src-origin=\"https:\/\/statics.eleconomista.com.ar\/2026\/07\/6a5949dbb036c.jpg\" alt=\"Los jugadores de la selecci\u00f3n celebran con una bandera de las islas Malvinas - X\"><figcaption>Los jugadores de la Selecci\u00f3n celebran con una bandera de las islas Malvinas &#8211; X<\/figcaption><\/figure>\n<p> \ufeff <\/p>\n<h2>El petr\u00f3leo en Malvinas y el &#8220;peligro urgente&#8221; que ve Milei<\/h2>\n<p>El Gobierno puso el foco especialmente sobre el proyecto <a href=\"https:\/\/eleconomista.com.ar\/energia\/una-petrolera-israeli-avanza-sobre-petroleo-malvinas-negocio-us-2100-millones-incomoda-milei-n96987\">Sea Lion, operado por Navitas Petroleum y Rockhopper Exploration<\/a>. Seg\u00fan explic\u00f3 Milei, el desarrollo tiene previsto comenzar la explotaci\u00f3n petrolera offshore en los pr\u00f3ximos meses.<\/p>\n<p>&#8220;Si hoy no actuamos con firmeza y celeridad, en pocos meses tendr\u00e1n la capacidad material de apropiarse de las reservas de petr\u00f3leo que yacen bajo nuestro mar&#8221;, sostuvo. Y agreg\u00f3 que permitirlo significar\u00eda generar un incentivo para que Londres &#8220;profundice la ocupaci\u00f3n de las islas y la explotaci\u00f3n de nuestros recursos&#8221;.<\/p>\n<p>Para Milei, Sea Lion no constituye un caso aislado. Hay otros proyectos y compa\u00f1\u00edas que, seg\u00fan el Gobierno, avanzan sobre recursos de la zona en disputa. El propio Financial Times hab\u00eda advertido que el yacimiento <a href=\"https:\/\/eleconomista.com.ar\/politica\/financial-times-revelo-plan-millonario-puede-cambiar-siempre-malvinas-enojo-gobierno-milei-n96424\">puede cambiar para siempre la econom\u00eda de las islas<\/a>.<\/p>\n<p> \ufeff <\/p>\n<p>&#8220;Nuestra causa nacional enfrenta un peligro claro y urgente y demanda una respuesta proporcional. No lo vamos a permitir. La Argentina no se quedar\u00e1 de brazos cruzados&#8221;, afirm\u00f3.<\/p>\n<p>A partir de ese diagn\u00f3stico, anunci\u00f3 el despliegue de &#8220;todas las herramientas del Estado, diplom\u00e1ticas, econ\u00f3micas, judiciales y legales&#8221;.<\/p>\n<h2>Milei va contra las empresas: sanciones a accionistas, directores y proveedores<\/h2>\n<p>Uno de los anuncios m\u00e1s concretos fue el endurecimiento de las sanciones contra las compa\u00f1\u00edas vinculadas a proyectos en Malvinas.<\/p>\n<p> \ufeff <\/p>\n<p>Milei revel\u00f3 que la Canciller\u00eda ya envi\u00f3 cerca de 180 notas de desaliento a empresas y a m\u00e1s de 29 pa\u00edses y anunci\u00f3 que firmar\u00e1 un decreto para acelerar los procedimientos sancionatorios previstos en la Ley 26.659.<\/p>\n<p>La ofensiva no alcanzar\u00e1 solamente a las compa\u00f1\u00edas que exploten directamente los recursos.<\/p>\n<p>&#8220;Fortaleceremos los mecanismos de detecci\u00f3n temprana e intercambio de informaci\u00f3n&#8221;, dijo Milei, para luego anticipar sanciones contra &#8220;las empresas que lleven adelante estas actividades, as\u00ed como contra sus accionistas, directores y proveedores&#8221;.<\/p>\n<p> \ufeff <\/p>\n<p>El mensaje hacia el sector privado fue todav\u00eda m\u00e1s expl\u00edcito.<\/p>\n<p>&#8220;Procederemos a inhabilitar de operar en territorio argentino a las empresas involucradas, directa o indirectamente, en proyectos en las Islas Malvinas sin autorizaci\u00f3n argentina&#8221;, anunci\u00f3.<\/p>\n<p>Y plante\u00f3 una disyuntiva para las compa\u00f1\u00edas: quienes operen en las islas sin autorizaci\u00f3n argentina deber\u00e1n elegir entre continuar con esos proyectos o acceder a una operaci\u00f3n &#8220;rentable y segura&#8221; en la Argentina.<\/p>\n<p> \ufeff <\/p>\n<p>&#8220;No se pueden hacer las dos cosas&#8221;, sentenci\u00f3.<\/p>\n<h2>M\u00e1s recursos para Defensa y una base naval en Tierra del Fuego<\/h2>\n<p>El segundo gran cap\u00edtulo de anuncios estuvo relacionado con Defensa y el Atl\u00e1ntico Sur.<\/p>\n<p>Milei confirm\u00f3 que firmar\u00e1 un Decreto de Necesidad y Urgencia para <a href=\"https:\/\/eleconomista.com.ar\/politica\/milei-reconocio-deuda-salarial-fuerzas-armadas-reivindico-malvinas-anuncio-inversion-defensa-n93819\">ampliar los recursos del Ministerio de Defensa<\/a>, con el objetivo prioritario de construir una base naval integrada en Tierra del Fuego y aumentar las capacidades de telecomunicaciones.<\/p>\n<p> \ufeff <\/p>\n<p>&#8220;Esta base nos convertir\u00e1 en el Polo log\u00edstico m\u00e1s importante del Atl\u00e1ntico Sur y ser\u00e1 fundamental para la proyecci\u00f3n geopol\u00edtica de la Argentina&#8221;, asegur\u00f3.<\/p>\n<p>En paralelo, enviar\u00e1 con car\u00e1cter urgente al Congreso un proyecto de Ley de Defensa de la Soberan\u00eda Nacional.<\/p>\n<p>La iniciativa buscar\u00e1 endurecer las sanciones y penas contra las compa\u00f1\u00edas vinculadas a operaciones no autorizadas. Los proveedores recibir\u00e1n las mismas penalidades que las empresas y los infractores no podr\u00e1n contratar en la Argentina ni con el sector p\u00fablico ni con el privado.<\/p>\n<p> \ufeff <\/p>\n<p>El proyecto tambi\u00e9n prev\u00e9, cuando corresponda, la aplicaci\u00f3n del juicio en ausencia y extender\u00e1 el r\u00e9gimen sancionatorio a otras actividades en las islas que afecten los recursos naturales argentinos.<\/p>\n<h2>Milei anunci\u00f3 la creaci\u00f3n de un Consejo de Seguridad Nacional<\/h2>\n<p>El proyecto incluir\u00e1 adem\u00e1s la creaci\u00f3n de un Consejo de Seguridad Nacional, una estructura que buscar\u00e1 coordinar distintas \u00e1reas del Estado.<\/p>\n<p>Seg\u00fan detall\u00f3 Milei, el Consejo articular\u00e1 Canciller\u00eda, Defensa, Inteligencia y Econom\u00eda y definir\u00e1 una pol\u00edtica de seguridad nacional &#8220;de aplicaci\u00f3n obligatoria y transversal a todo el Estado&#8221;.<\/p>\n<p> \ufeff <\/p>\n<p>Tambi\u00e9n establecer\u00e1 un marco espec\u00edfico para la protecci\u00f3n de la infraestructura cr\u00edtica y para la protecci\u00f3n aeroespacial y mar\u00edtima del pa\u00eds.<\/p>\n<p>La definici\u00f3n supone una ampliaci\u00f3n del concepto tradicional de seguridad. Para Milei, ya no se trata solamente de proteger f\u00edsicamente el territorio.<\/p>\n<p>&#8220;Atraer inversiones, proteger nuestra moneda, fortalecer nuestro sistema financiero y desarrollar nuestros recursos cr\u00edticos son cuestiones de seguridad nacional. Y proteger el Atl\u00e1ntico Sur tambi\u00e9n es una cuesti\u00f3n de seguridad nacional&#8221;, afirm\u00f3.<\/p>\n<p> \ufeff <\/p>\n<figure class=\"image\"><img loading=\"lazy\" width=\"100\" height=\"100\" class=\"cst_img\" src=\"http:\/\/economiapoliticacba.com\/wp-content\/uploads\/2026\/09\/milei-por-malvinas-las-frases-mas-fuertes-de-su-explosiva-cadena-nacional-1.webp\" data-src-origin=\"https:\/\/statics.eleconomista.com.ar\/2026\/09\/6a99960cb0217.jpg\" alt=\"milei - e\"><figcaption>Javier Milei<\/figcaption><\/figure>\n<h2>Milei vincul\u00f3 Malvinas con la Inteligencia Artificial y la Ant\u00e1rtida<\/h2>\n<p>El discurso adquiri\u00f3 entonces una dimensi\u00f3n de largo plazo.<\/p>\n<p> \ufeff <\/p>\n<p>Milei plante\u00f3 que las grandes potencias competir\u00e1n cada vez m\u00e1s por los recursos necesarios para sostener el crecimiento econ\u00f3mico y tecnol\u00f3gico.<\/p>\n<p>&#8220;Las grandes naciones saben que en el futuro deber\u00e1n competir por los recursos necesarios para alimentar el crecimiento que traer\u00e1 la era de la Inteligencia Artificial&#8221;, sostuvo.<\/p>\n<p> \ufeff <\/p>\n<p>Y enseguida introdujo a la Ant\u00e1rtida: &#8220;En esa disputa la Ant\u00e1rtida ser\u00e1 uno de los principales focos de inter\u00e9s y competencia&#8221;.<\/p>\n<p>Para el Presidente, Malvinas, Atl\u00e1ntico Sur y Ant\u00e1rtida forman parte de una misma discusi\u00f3n estrat\u00e9gica.<\/p>\n<p>&#8220;Quien tenga mayor proyecci\u00f3n sobre el Atl\u00e1ntico Sur estar\u00e1 en una mejor posici\u00f3n para defender sus intereses&#8221;, dijo.<\/p>\n<p> \ufeff <\/p>\n<p>Y elev\u00f3 todav\u00eda m\u00e1s el tono: &#8220;Cualquier avance adicional sobre las Islas Malvinas ser\u00e1 considerado como una violaci\u00f3n a nuestra seguridad nacional&#8221;.<\/p>\n<p>La s\u00edntesis lleg\u00f3 inmediatamente despu\u00e9s: &#8220;Malvinas es el futuro. No es solamente una cuesti\u00f3n de nuestro pasado&#8221;.<\/p>\n<h2>&#8220;Pol\u00edticamente relevante, econ\u00f3micamente influyente y militarmente respetable&#8221;<\/h2>\n<p>En otro de los pasajes centrales de la cadena, Milei vincul\u00f3 el reclamo de soberan\u00eda con la capacidad econ\u00f3mica y militar del pa\u00eds.<\/p>\n<p> \ufeff <\/p>\n<p>&#8220;Un pa\u00eds empobrecido no tiene capacidad de imponer costos a quienes intentan vulnerar su soberan\u00eda&#8221;, afirm\u00f3, al reivindicar la normalizaci\u00f3n econ\u00f3mica, la quita del cepo y el RIGI como herramientas que, seg\u00fan su visi\u00f3n, permitieron acelerar las inversiones en sectores estrat\u00e9gicos.<\/p>\n<p>Tambi\u00e9n cuestion\u00f3 el deterioro hist\u00f3rico de las Fuerzas Armadas.<\/p>\n<p> \ufeff <\/p>\n<p>&#8220;Un pa\u00eds pobre y sin Fuerzas Armadas dif\u00edcilmente puede avanzar de forma efectiva en sus reclamos soberanos&#8221;, se\u00f1al\u00f3.<\/p>\n<p>Y defini\u00f3: &#8220;La prosperidad es condici\u00f3n necesaria para la seguridad y la seguridad es condici\u00f3n necesaria para la supervivencia&#8221;.<\/p>\n<p> \ufeff <\/p>\n<p>Para recuperar las islas, asegur\u00f3, la Argentina necesita ser una naci\u00f3n &#8220;pol\u00edticamente relevante, econ\u00f3micamente influyente y militarmente respetable. No hay otro camino&#8221;.<\/p>\n<h2>El llamado de Milei a la oposici\u00f3n por Malvinas<\/h2>\n<p>El \u00faltimo tramo estuvo destinado a la pol\u00edtica dom\u00e9stica.<\/p>\n<p>Milei pidi\u00f3 a los aliados internacionales de la Argentina que &#8220;no miren para otro lado cuando se vulnera nuestra soberan\u00eda y se llevan nuestros recursos&#8221; y, hacia adentro, reclam\u00f3 una tregua alrededor de la cuesti\u00f3n Malvinas. El tema le hab\u00eda generado <a href=\"https:\/\/eleconomista.com.ar\/politica\/milei-rompio-silencio-sobre-ayuda-eeuu-defendio-adorni-reavivo-polemica-malvinas-n97072\">m\u00e1s de una pol\u00e9mica interna<\/a> en los \u00faltimos meses.<\/p>\n<p> \ufeff <\/p>\n<p>&#8220;Podemos discutir sobre cualquier otra cosa, podemos discutir mis formas, podemos estar en desacuerdo sobre la pol\u00edtica fiscal o cambiaria, pero este tema demanda una pausa&#8221;, dijo.<\/p>\n<p><mark class=\"marker-yellow\">Y agreg\u00f3: &#8220;Hay causas que est\u00e1n por encima de cualquier diferencia pol\u00edtica. Malvinas es una de ellas&#8221;.<\/mark><\/p>\n<p>El Presidente convoc\u00f3 a la dirigencia pol\u00edtica, econ\u00f3mica y social a acompa\u00f1ar el reclamo con &#8220;una misma voz&#8221;.<\/p>\n<p> \ufeff <\/p>\n<p>&#8220;Las islas son nuestras y nos las arrebataron&#8221;, sentenci\u00f3. Para Milei, adem\u00e1s, son &#8220;indispensables para la proyecci\u00f3n de la Argentina en las pr\u00f3ximas d\u00e9cadas&#8221;.<\/p>\n<p>Y cerr\u00f3 planteando dos alternativas: &#8220;O nos convertimos en una gran naci\u00f3n capaz de defender de verdad nuestra soberan\u00eda, o persistimos en un sendero de deterioro que nos conducir\u00e1 inevitablemente al sometimiento&#8221;.<\/p>\n<p> \ufeff <\/p>\n<p>Su \u00faltima consigna antes del cierre protocolar fue: &#8220;Hagamos a la Argentina grande nuevamente&#8221;.<\/p>\n<p> <a href=\"https:\/\/www.google.com\/preferences\/source?q=eleconomista.com.ar\" target=\"_blank\" rel=\"noopener nofollow\" class=\"ee-google-follow\" readability=\"2\"> <\/p>\n<div class=\"ee-google-follow-icon\"> <img src=\"http:\/\/economiapoliticacba.com\/wp-content\/uploads\/2026\/09\/milei-por-malvinas-las-frases-mas-fuertes-de-su-explosiva-cadena-nacional.png\" alt=\"Logo de Google\"> <\/div>\n<p> <span class=\"ee-google-follow-top\">Segu\u00ed a El Economista en Google<\/span> <span class=\"ee-google-follow-bottom\">Agreganos a tus medios preferidos.<\/span> <\/p>\n<p>+ Agregar<\/p>\n<p><\/a> <\/p>\n","protected":false},"excerpt":{"rendered":"<p>Javier Milei convirti\u00f3 este jueves a la cuesti\u00f3n Malvinas en el centro de la agenda del Gobierno. En una cadena nacional, el Presidente anunci\u00f3 una bater\u00eda de medidas econ\u00f3micas, diplom\u00e1ticas y judiciales para frenar la explotaci\u00f3n de recursos naturales en las islas y endureci\u00f3 el mensaje tanto hacia el Reino Unido como hacia las empresas [&hellip;]<\/p>\n","protected":false},"author":1,"featured_media":55749,"comment_status":"closed","ping_status":"closed","sticky":false,"template":"","format":"standard","meta":{"om_disable_all_campaigns":false,"_monsterinsights_skip_tracking":false,"_monsterinsights_sitenote_active":false,"_monsterinsights_sitenote_note":"","_monsterinsights_sitenote_category":0},"categories":[17,21],"tags":[],"aioseo_notices":[],"_links":{"self":[{"href":"https:\/\/economiapoliticacba.com\/index.php?rest_route=\/wp\/v2\/posts\/55748"}],"collection":[{"href":"https:\/\/economiapoliticacba.com\/index.php?rest_route=\/wp\/v2\/posts"}],"about":[{"href":"https:\/\/economiapoliticacba.com\/index.php?rest_route=\/wp\/v2\/types\/post"}],"author":[{"embeddable":true,"href":"https:\/\/economiapoliticacba.com\/index.php?rest_route=\/wp\/v2\/users\/1"}],"replies":[{"embeddable":true,"href":"https:\/\/economiapoliticacba.com\/index.php?rest_route=%2Fwp%2Fv2%2Fcomments&post=55748"}],"version-history":[{"count":0,"href":"https:\/\/economiapoliticacba.com\/index.php?rest_route=\/wp\/v2\/posts\/55748\/revisions"}],"wp:featuredmedia":[{"embeddable":true,"href":"https:\/\/economiapoliticacba.com\/index.php?rest_route=\/wp\/v2\/media\/55749"}],"wp:attachment":[{"href":"https:\/\/economiapoliticacba.com\/index.php?rest_route=%2Fwp%2Fv2%2Fmedia&parent=55748"}],"wp:term":[{"taxonomy":"category","embeddable":true,"href":"https:\/\/economiapoliticacba.com\/index.php?rest_route=%2Fwp%2Fv2%2Fcategories&post=55748"},{"taxonomy":"post_tag","embeddable":true,"href":"https:\/\/economiapoliticacba.com\/index.php?rest_route=%2Fwp%2Fv2%2Ftags&post=55748"}],"curies":[{"name":"wp","href":"https:\/\/api.w.org\/{rel}","templated":true}]}}