{"id":55744,"date":"2026-09-03T23:24:16","date_gmt":"2026-09-03T23:24:16","guid":{"rendered":"https:\/\/cordoba.gob.ar\/?p=93932"},"modified":"2026-09-03T23:24:16","modified_gmt":"2026-09-03T23:24:16","slug":"la-reforma-de-1918-uno-de-los-recorridos-turistico-culturales-por-la-docta","status":"publish","type":"post","link":"https:\/\/economiapoliticacba.com\/?p=55744","title":{"rendered":"\u201cLa Reforma de 1918\u201d, uno de los recorridos tur\u00edstico-culturales por la Docta"},"content":{"rendered":"<div><img src=\"http:\/\/economiapoliticacba.com\/wp-content\/uploads\/2026\/09\/la-reforma-de-1918-uno-de-los-recorridos-turistico-culturales-por-la-docta.jpg\" class=\"ff-og-image-inserted\"><\/div>\n<p data-prosemirror-content-type=\"node\" data-prosemirror-node-name=\"paragraph\" data-prosemirror-node-block=\"true\">La Municipalidad de C\u00f3rdoba, a trav\u00e9s de la Subsecretar\u00eda de Cultura y Empleo y la Subsecretar\u00eda de Turismo, presenta una propuesta integrada por cuatro Rutas Tur\u00edstico-Culturales que invitan a recorrer distintos hitos de la historia, la cultura y la identidad de la ciudad.<\/p>\n<p data-prosemirror-content-type=\"node\" data-prosemirror-node-name=\"paragraph\" data-prosemirror-node-block=\"true\">En esta oportunidad, la propuesta estar\u00e1 dedicada al recorrido \u201cLa Reforma de 1918\u201d, que se realizar\u00e1 el viernes 4 de septiembre, a las 10:30 horas.<\/p>\n<p data-prosemirror-content-type=\"node\" data-prosemirror-node-name=\"paragraph\" data-prosemirror-node-block=\"true\">La actividad es gratuita y cuenta con un cupo de 50 personas, por orden de llegada. El punto de inicio ser\u00e1 la Oficina de Turismo ubicada en Diagonal Eugenio Garz\u00f3n 400-428.<\/p>\n<p data-prosemirror-content-type=\"node\" data-prosemirror-node-name=\"paragraph\" data-prosemirror-node-block=\"true\">Cada una de las rutas propone un recorrido geogr\u00e1fico, cultural e intelectual diferente. Adem\u00e1s de \u201cLa Reforma de 1918\u201d, la propuesta incluye los siguientes circuitos:<\/p>\n<p data-prosemirror-content-type=\"node\" data-prosemirror-node-name=\"paragraph\" data-prosemirror-node-block=\"true\">\u00b7 El Cordobazo<\/p>\n<p data-prosemirror-content-type=\"node\" data-prosemirror-node-name=\"paragraph\" data-prosemirror-node-block=\"true\">\u00b7 El Camino de las Escuelas<\/p>\n<p data-prosemirror-content-type=\"node\" data-prosemirror-node-name=\"paragraph\" data-prosemirror-node-block=\"true\">\u00b7 Paisajes Po\u00e9ticos<\/p>\n<p data-prosemirror-content-type=\"node\" data-prosemirror-node-name=\"paragraph\" data-prosemirror-node-block=\"true\">A trav\u00e9s de estos recorridos se busca contribuir a la construcci\u00f3n de una memoria activa de la ciudadan\u00eda, promoviendo la preservaci\u00f3n y difusi\u00f3n del patrimonio cultural material e inmaterial de la ciudad.<\/p>\n<p data-prosemirror-content-type=\"node\" data-prosemirror-node-name=\"paragraph\" data-prosemirror-node-block=\"true\">Las propuestas invitan a descubrir, a trav\u00e9s de la historia, acontecimientos, espacios y procesos significativos para la vida cultural de C\u00f3rdoba, sus tramas sociales y los elementos que contribuyen a la construcci\u00f3n de la identidad local.<\/p>\n<h3 data-prosemirror-content-type=\"node\" data-prosemirror-node-name=\"heading\" data-prosemirror-node-block=\"true\"><strong data-prosemirror-content-type=\"mark\" data-prosemirror-mark-name=\"strong\">El recorrido \u201cLa Reforma de 1918\u201d<\/strong><\/h3>\n<p data-prosemirror-content-type=\"node\" data-prosemirror-node-name=\"paragraph\" data-prosemirror-node-block=\"true\">La actividad tiene una duraci\u00f3n aproximada de 1 hora y 45 minutos y contempla las siguientes escalas:<\/p>\n<ol class=\"ak-ol\" start=\"1\" data-prosemirror-content-type=\"node\" data-prosemirror-node-name=\"orderedList\" data-prosemirror-node-block=\"true\">\n<li data-prosemirror-content-type=\"node\" data-prosemirror-node-name=\"listItem\" data-prosemirror-node-block=\"true\">\n<p data-prosemirror-content-type=\"node\" data-prosemirror-node-name=\"paragraph\" data-prosemirror-node-block=\"true\">Escalinatas del Teatro San Mart\u00edn.<\/p>\n<\/li>\n<li data-prosemirror-content-type=\"node\" data-prosemirror-node-name=\"listItem\" data-prosemirror-node-block=\"true\">\n<p data-prosemirror-content-type=\"node\" data-prosemirror-node-name=\"paragraph\" data-prosemirror-node-block=\"true\">Academia Nacional de Ciencias.<\/p>\n<\/li>\n<li data-prosemirror-content-type=\"node\" data-prosemirror-node-name=\"listItem\" data-prosemirror-node-block=\"true\">\n<p data-prosemirror-content-type=\"node\" data-prosemirror-node-name=\"paragraph\" data-prosemirror-node-block=\"true\">Plazoleta de la Compa\u00f1\u00eda de Jes\u00fas.<\/p>\n<\/li>\n<li data-prosemirror-content-type=\"node\" data-prosemirror-node-name=\"listItem\" data-prosemirror-node-block=\"true\">\n<p data-prosemirror-content-type=\"node\" data-prosemirror-node-name=\"paragraph\" data-prosemirror-node-block=\"true\">Hall de la Facultad de Derecho \u201cRafael Garc\u00eda\u201d.<\/p>\n<\/li>\n<li data-prosemirror-content-type=\"node\" data-prosemirror-node-name=\"listItem\" data-prosemirror-node-block=\"true\">\n<p data-prosemirror-content-type=\"node\" data-prosemirror-node-name=\"paragraph\" data-prosemirror-node-block=\"true\">Fachada y Sal\u00f3n del Antiguo Rectorado.<\/p>\n<\/li>\n<li data-prosemirror-content-type=\"node\" data-prosemirror-node-name=\"listItem\" data-prosemirror-node-block=\"true\">\n<p data-prosemirror-content-type=\"node\" data-prosemirror-node-name=\"paragraph\" data-prosemirror-node-block=\"true\">Sal\u00f3n de Grados.<\/p>\n<\/li>\n<li data-prosemirror-content-type=\"node\" data-prosemirror-node-name=\"listItem\" data-prosemirror-node-block=\"true\">\n<p data-prosemirror-content-type=\"node\" data-prosemirror-node-name=\"paragraph\" data-prosemirror-node-block=\"true\">Museo de la Reforma, espacio en el que se destinar\u00e1 un mayor tiempo para la visita.<\/p>\n<\/li>\n<\/ol>\n<p data-prosemirror-content-type=\"node\" data-prosemirror-node-name=\"paragraph\" data-prosemirror-node-block=\"true\">El objetivo del recorrido es acercar la historia de la Reforma Universitaria de 1918 a trav\u00e9s de algunas de sus escenas y acontecimientos m\u00e1s relevantes, vinculados con lugares emblem\u00e1ticos de la ciudad de C\u00f3rdoba.<\/p>\n","protected":false},"excerpt":{"rendered":"<p>La Municipalidad de C\u00f3rdoba, a trav\u00e9s de la Subsecretar\u00eda de Cultura y Empleo y la Subsecretar\u00eda de Turismo, presenta una propuesta integrada por cuatro Rutas Tur\u00edstico-Culturales que invitan a recorrer distintos hitos de la historia, la cultura y la identidad de la ciudad. En esta oportunidad, la propuesta estar\u00e1 dedicada al recorrido \u201cLa Reforma de [&hellip;]<\/p>\n","protected":false},"author":1,"featured_media":55745,"comment_status":"closed","ping_status":"closed","sticky":false,"template":"","format":"standard","meta":{"om_disable_all_campaigns":false,"_monsterinsights_skip_tracking":false,"_monsterinsights_sitenote_active":false,"_monsterinsights_sitenote_note":"","_monsterinsights_sitenote_category":0},"categories":[15],"tags":[],"aioseo_notices":[],"_links":{"self":[{"href":"https:\/\/economiapoliticacba.com\/index.php?rest_route=\/wp\/v2\/posts\/55744"}],"collection":[{"href":"https:\/\/economiapoliticacba.com\/index.php?rest_route=\/wp\/v2\/posts"}],"about":[{"href":"https:\/\/economiapoliticacba.com\/index.php?rest_route=\/wp\/v2\/types\/post"}],"author":[{"embeddable":true,"href":"https:\/\/economiapoliticacba.com\/index.php?rest_route=\/wp\/v2\/users\/1"}],"replies":[{"embeddable":true,"href":"https:\/\/economiapoliticacba.com\/index.php?rest_route=%2Fwp%2Fv2%2Fcomments&post=55744"}],"version-history":[{"count":0,"href":"https:\/\/economiapoliticacba.com\/index.php?rest_route=\/wp\/v2\/posts\/55744\/revisions"}],"wp:featuredmedia":[{"embeddable":true,"href":"https:\/\/economiapoliticacba.com\/index.php?rest_route=\/wp\/v2\/media\/55745"}],"wp:attachment":[{"href":"https:\/\/economiapoliticacba.com\/index.php?rest_route=%2Fwp%2Fv2%2Fmedia&parent=55744"}],"wp:term":[{"taxonomy":"category","embeddable":true,"href":"https:\/\/economiapoliticacba.com\/index.php?rest_route=%2Fwp%2Fv2%2Fcategories&post=55744"},{"taxonomy":"post_tag","embeddable":true,"href":"https:\/\/economiapoliticacba.com\/index.php?rest_route=%2Fwp%2Fv2%2Ftags&post=55744"}],"curies":[{"name":"wp","href":"https:\/\/api.w.org\/{rel}","templated":true}]}}