{"id":55742,"date":"2026-09-03T18:33:16","date_gmt":"2026-09-03T18:33:16","guid":{"rendered":"https:\/\/comercioyjusticia.info\/?p=536834"},"modified":"2026-09-03T18:33:16","modified_gmt":"2026-09-03T18:33:16","slug":"justicia-de-cordoba-oficializan-la-inscripcion-de-nuevos-peritos-oficiales-en-distintas-especialidades","status":"publish","type":"post","link":"https:\/\/economiapoliticacba.com\/?p=55742","title":{"rendered":"Justicia de C\u00f3rdoba: oficializan la inscripci\u00f3n de nuevos peritos oficiales en distintas especialidades"},"content":{"rendered":"<div><img src=\"https:\/\/comercioyjusticia.info\/wp-content\/uploads\/2021\/12\/peritos-contadores.jpg\" class=\"ff-og-image-inserted\"><\/div>\n<p class=\"wp-block-paragraph\"><strong>La medida alcanza a profesionales auxiliares en el \u00e1rea de contable, documentolog\u00eda legal e higiene y seguridad en el trabajo<\/strong><\/p>\n<p class=\"wp-block-paragraph\"><strong>Tribunal Superior de Justicia de la Provincia de C\u00f3rdoba<\/strong><\/p>\n<p class=\"wp-block-paragraph\"><strong>Resoluci\u00f3n Administrativa N\u00b0 235 \u2013 Letra: \u201cA\u201d<\/strong><\/p>\n<p class=\"wp-block-paragraph\">C\u00f3rdoba, 1 de septiembre de 2026.<\/p>\n<p class=\"wp-block-paragraph\">VISTO: La necesidad de inscribir profesionales auxiliares de la Justicia pertenecientes a las diversas especialidades que componen los listados de Peritos Oficiales.<\/p>\n<p class=\"wp-block-paragraph\">Y CONSIDERANDO:<\/p>\n<p class=\"wp-block-paragraph\">1) Las comunicaciones efectuadas por el Consejo Profesional de Ciencias Econ\u00f3micas de la Provincia de C\u00f3rdoba, y el Colegio Profesional de Higiene y Seguridad de la Provincia de C\u00f3rdoba (COPHISEC), entidades que han suscripto con la Administraci\u00f3n General del Poder Judicial el Convenio previsto por el Acuerdo Reglamentario N\u00b0 163, Serie \u201cB\u201d, del 22\/7\/2020, habi\u00e9ndose certificado por los medios previstos el cumplimiento de los requisitos exigidos al momento de su presentaci\u00f3n por parte de los interesados, de lo dispuesto por el Acuerdo Reglamentario de referencia, el que se encuentra vigente conforme lo determina el Acuerdo Reglamentario N\u00b0 164, Serie \u201cB\u201d, del 29\/9\/2020.<\/p>\n<p class=\"wp-block-paragraph\">2) Que los dem\u00e1s especialistas que solicitaron inscripci\u00f3n y cuyos Colegios Profesionales a\u00fan no han firmado convenio con el Poder Judicial, han cumplimentado con los requisitos exigidos al momento de su presentaci\u00f3n en virtud de lo dispuesto por el Acuerdo.<\/p>\n<p class=\"wp-block-paragraph\">3) En su m\u00e9rito, resulta adecuado inscribir como \u201cPeritos Oficiales\u201d a los profesionales que se describen en el punto I) de la parte resolutiva del presente. Por todo ello y disposiciones legales citadas y lo establecido en los art\u00edculos 2, 3 y 6 del Acuerdo Reglamentario N\u00b0 916, Serie \u201cA\u201d, de fecha 4\/12\/2007, sus modificatorios y ampliatorios y Acuerdo Reglamentario N\u00b0 163, Serie \u201cB\u201d, del 22\/7\/2020, del Tribunal Superior de Justicia de la Provincia de C\u00f3rdoba. Esta Administraci\u00f3n General del Poder Judicial de la Provincia de C\u00f3rdoba;<\/p>\n<p class=\"wp-block-paragraph\">RESUELVE:<\/p>\n<p class=\"wp-block-paragraph\">&nbsp;I) INSCRIBIR como PERITOS OFICIALES, previo Juramento de Ley, a los siguientes profesionales, en las Especialidades de:<\/p>\n<p class=\"wp-block-paragraph\">A) CONTADORAS: FONTANA GIANNA y LUCHINO LORENA ANAH\u00cd para actuar en la Primera Cicunscripci\u00f3n Judicial con asiento en la Sede Judicial de la ciudad de C\u00d3RDOBA CAPITAL, y MOSELLI MAR\u00cdA GERTRUDIS para para actuar en la Primera Circunscripci\u00f3n Judicial con asiento en las Sedes Judiciales de las ciudades de ALTA GRACIA y C\u00d3RDOBA CAPITAL.<\/p>\n<p class=\"wp-block-paragraph\">B) DOCUMENTOLOG\u00cdA LEGAL: ORDO\u00d1EZ MILAGROS MICAELA, para actuar en la Primera Circunscripci\u00f3n Judicial con asiento en la Sede Judicial de la ciudad de VILLA CARLOS PAZ.<\/p>\n<p class=\"wp-block-paragraph\">C) HIGIENE Y SEGURIDAD EN EL TRABAJO (LICENCIADO): DONIGIAN EDUARDO RAFAEL para actuar en la Primera Circunscripci\u00f3n Judicial con asiento en la Sede Judicial de la ciudad de C\u00d3RDOBA CAPITAL.<\/p>\n<p class=\"wp-block-paragraph\">II) COMUNICAR a los interesados.<\/p>\n<p class=\"wp-block-paragraph\">FDO: LUIS MA. SOSA LANZA CASTELLI, ADMINISTRADOR GENERAL DEL PODER JUDICIAL.<\/p>\n<p class=\"wp-block-paragraph\"><strong>N. de R.- Publicada en el Bolet\u00edn Oficial de la Provincia de C\u00f3rdoba N\u00ba 170 del 3 de septiembre de 2026.<\/strong><\/p>\n","protected":false},"excerpt":{"rendered":"<p>La medida alcanza a profesionales auxiliares en el \u00e1rea de contable, documentolog\u00eda legal e higiene y seguridad en el trabajo Tribunal Superior de Justicia de la Provincia de C\u00f3rdoba Resoluci\u00f3n Administrativa N\u00b0 235 \u2013 Letra: \u201cA\u201d C\u00f3rdoba, 1 de septiembre de 2026. VISTO: La necesidad de inscribir profesionales auxiliares de la Justicia pertenecientes a las [&hellip;]<\/p>\n","protected":false},"author":1,"featured_media":55743,"comment_status":"open","ping_status":"closed","sticky":false,"template":"","format":"standard","meta":{"om_disable_all_campaigns":false,"_monsterinsights_skip_tracking":false,"_monsterinsights_sitenote_active":false,"_monsterinsights_sitenote_note":"","_monsterinsights_sitenote_category":0},"categories":[21],"tags":[],"aioseo_notices":[],"_links":{"self":[{"href":"https:\/\/economiapoliticacba.com\/index.php?rest_route=\/wp\/v2\/posts\/55742"}],"collection":[{"href":"https:\/\/economiapoliticacba.com\/index.php?rest_route=\/wp\/v2\/posts"}],"about":[{"href":"https:\/\/economiapoliticacba.com\/index.php?rest_route=\/wp\/v2\/types\/post"}],"author":[{"embeddable":true,"href":"https:\/\/economiapoliticacba.com\/index.php?rest_route=\/wp\/v2\/users\/1"}],"replies":[{"embeddable":true,"href":"https:\/\/economiapoliticacba.com\/index.php?rest_route=%2Fwp%2Fv2%2Fcomments&post=55742"}],"version-history":[{"count":0,"href":"https:\/\/economiapoliticacba.com\/index.php?rest_route=\/wp\/v2\/posts\/55742\/revisions"}],"wp:featuredmedia":[{"embeddable":true,"href":"https:\/\/economiapoliticacba.com\/index.php?rest_route=\/wp\/v2\/media\/55743"}],"wp:attachment":[{"href":"https:\/\/economiapoliticacba.com\/index.php?rest_route=%2Fwp%2Fv2%2Fmedia&parent=55742"}],"wp:term":[{"taxonomy":"category","embeddable":true,"href":"https:\/\/economiapoliticacba.com\/index.php?rest_route=%2Fwp%2Fv2%2Fcategories&post=55742"},{"taxonomy":"post_tag","embeddable":true,"href":"https:\/\/economiapoliticacba.com\/index.php?rest_route=%2Fwp%2Fv2%2Ftags&post=55742"}],"curies":[{"name":"wp","href":"https:\/\/api.w.org\/{rel}","templated":true}]}}