{"id":55740,"date":"2026-09-03T18:35:00","date_gmt":"2026-09-03T18:35:00","guid":{"rendered":"https:\/\/comercioyjusticia.info\/?p=536840"},"modified":"2026-09-03T18:35:00","modified_gmt":"2026-09-03T18:35:00","slug":"amia-rosatti-reflexiono-sobre-inteligencia-artificial-y-llamo-a-buscar-respuestas-propias","status":"publish","type":"post","link":"https:\/\/economiapoliticacba.com\/?p=55740","title":{"rendered":"AMIA: Rosatti reflexion\u00f3 sobre inteligencia artificial y llam\u00f3 a buscar respuestas propias"},"content":{"rendered":"<div><img src=\"https:\/\/comercioyjusticia.info\/wp-content\/uploads\/2026\/09\/Rosatti.jpeg\" class=\"ff-og-image-inserted\"><\/div>\n<p class=\"wp-block-paragraph\">El presidente de la Corte Suprema de Justicia de la Naci\u00f3n y del Consejo de la Magistratura,&nbsp;<strong>Horacio Rosatti, llam\u00f3 a buscar \u201crespuestas propias y profundas\u201d frente al avance de la inteligencia artificial y el impacto de las redes sociales<\/strong>.<\/p>\n<p class=\"wp-block-paragraph\"><strong>Rosatti disert\u00f3 como orador principal del evento anual que organiza la Asociaci\u00f3n Mutual Israelita Argentina (AMIA) en v\u00edsperas de Rosh Hashan\u00e1, el A\u00f1o Nuevo jud\u00edo<\/strong>, seg\u00fan inform\u00f3 Agencia Noticias Argentinas.<\/p>\n<p class=\"wp-block-paragraph\">Durante la ceremonia, el Gran Rabino Eliahu Hamra y el titular de la AMIA, Osvaldo Armoza, le entregaron al ministro de la Corte el Premio AMIA, simbolizado por un shofar, instrumento de viento que forma parte de los rituales m\u00e1s solemnes del juda\u00edsmo.<\/p>\n<p class=\"wp-block-paragraph\">Tras agradecer la invitaci\u00f3n y la distinci\u00f3n ante la significaci\u00f3n de las fiestas para la comunidad jud\u00eda,&nbsp;<strong>Rosatti reflexion\u00f3 sobre los nuevos desaf\u00edos de la humanidad vinculados con el uso de la inteligencia artificial y las redes sociales y llam\u00f3 a encontrar las \u201crespuestas propias\u201d en uno mismo<\/strong>.<\/p>\n<p class=\"wp-block-paragraph\"><strong>\u201cEl hombre contempor\u00e1neo ha perdido en gran medida la capacidad de la introspecci\u00f3n. Abrumado por la rutina, aturdido muchas veces por las redes sociales, parad\u00f3jicamente tiene m\u00e1s instrumentos para comunicarse con el pr\u00f3jimo, pero sus v\u00ednculos, sus relaciones, no son tan profundas como pod\u00edan serlo en otra \u00e9poca\u201d<\/strong>, sostuvo.<\/p>\n<p class=\"wp-block-paragraph\">Con citas a la perspectiva freudiana del \u201chombre como una especie de Dios con pr\u00f3tesis\u201d, el presidente de la Corte se\u00f1al\u00f3 que si el padre del psicoan\u00e1lisis viviera hoy \u201ccon internet y con la inteligencia artificial, es decir, con m\u00e1s herramientas e instrumentos, dir\u00eda que las pr\u00f3tesis son casi infinitas\u201d.<\/p>\n<p>\u201cPero no debemos olvidarnos que esas son extensiones artificiales. Como le ocurri\u00f3 a \u00cdcaro cuando olvid\u00f3 que las alas con las que pod\u00eda elevarse pod\u00edan ser derretidas por el sol y caer al mar\u201d, destac\u00f3.<\/p>\n<p><strong>Generar un cambio<\/strong><\/p>\n<p class=\"wp-block-paragraph\">En esa l\u00ednea, agreg\u00f3: \u201cEs muy importante la capacidad de recogerse sobre uno mismo, de hacer ese viaje interior, esa introspecci\u00f3n para generar un cambio posible\u201d.<\/p>\n<p><strong>\u201cPorque internet nos puede dar la posibilidad de vencer todas las distancias y de establecer comunicaci\u00f3n en tiempo real, pero eso no nos garantiza relaciones profundas entre los seres humanos; y la inteligencia artificial nos puede dar todas las respuestas posibles, o casi todas, pero no van a ser nuestras respuestas y lo que necesitamos son respuestas propias y profundas\u201d<\/strong>, afirm\u00f3 Rosatti.<\/p>\n<p class=\"wp-block-paragraph\"><strong>El titular de la Corte destac\u00f3 adem\u00e1s que Rosh Hashan\u00e1 permite \u201ca trav\u00e9s de este viaje de introspecci\u00f3n analizar nuestras conductas pasadas y procurar ser una mejor persona hacia el futuro<\/strong>&nbsp;y generar as\u00ed una sociedad mejor\u201d.<\/p>\n<p class=\"wp-block-paragraph\">Al entregar el Premio AMIA, Hamra se\u00f1al\u00f3: \u201cEn pocos d\u00edas vamos a reunirnos en los templos. Y el instrumento que nos va a acompa\u00f1ar es el shofar. Vamos a reunirnos para escuchar el sonido del shofar\u201d.<\/p>\n<p class=\"wp-block-paragraph\">\u201cEse sonido simple llama a la reflexi\u00f3n, a nuestra alma a despertar y a reflexionar internamente qu\u00e9 tenemos para mejorar y qu\u00e9 debemos corregir. Porque, como dijo el presidente de la Corte, nunca el ser humano pierde la capacidad de renovarse\u201d, a\u00f1adi\u00f3 el Gran Rabino.<\/p>\n","protected":false},"excerpt":{"rendered":"<p>El presidente de la Corte Suprema de Justicia de la Naci\u00f3n y del Consejo de la Magistratura,&nbsp;Horacio Rosatti, llam\u00f3 a buscar \u201crespuestas propias y profundas\u201d frente al avance de la inteligencia artificial y el impacto de las redes sociales. Rosatti disert\u00f3 como orador principal del evento anual que organiza la Asociaci\u00f3n Mutual Israelita Argentina (AMIA) [&hellip;]<\/p>\n","protected":false},"author":1,"featured_media":55741,"comment_status":"open","ping_status":"closed","sticky":false,"template":"","format":"standard","meta":{"om_disable_all_campaigns":false,"_monsterinsights_skip_tracking":false,"_monsterinsights_sitenote_active":false,"_monsterinsights_sitenote_note":"","_monsterinsights_sitenote_category":0},"categories":[21],"tags":[],"aioseo_notices":[],"_links":{"self":[{"href":"https:\/\/economiapoliticacba.com\/index.php?rest_route=\/wp\/v2\/posts\/55740"}],"collection":[{"href":"https:\/\/economiapoliticacba.com\/index.php?rest_route=\/wp\/v2\/posts"}],"about":[{"href":"https:\/\/economiapoliticacba.com\/index.php?rest_route=\/wp\/v2\/types\/post"}],"author":[{"embeddable":true,"href":"https:\/\/economiapoliticacba.com\/index.php?rest_route=\/wp\/v2\/users\/1"}],"replies":[{"embeddable":true,"href":"https:\/\/economiapoliticacba.com\/index.php?rest_route=%2Fwp%2Fv2%2Fcomments&post=55740"}],"version-history":[{"count":0,"href":"https:\/\/economiapoliticacba.com\/index.php?rest_route=\/wp\/v2\/posts\/55740\/revisions"}],"wp:featuredmedia":[{"embeddable":true,"href":"https:\/\/economiapoliticacba.com\/index.php?rest_route=\/wp\/v2\/media\/55741"}],"wp:attachment":[{"href":"https:\/\/economiapoliticacba.com\/index.php?rest_route=%2Fwp%2Fv2%2Fmedia&parent=55740"}],"wp:term":[{"taxonomy":"category","embeddable":true,"href":"https:\/\/economiapoliticacba.com\/index.php?rest_route=%2Fwp%2Fv2%2Fcategories&post=55740"},{"taxonomy":"post_tag","embeddable":true,"href":"https:\/\/economiapoliticacba.com\/index.php?rest_route=%2Fwp%2Fv2%2Ftags&post=55740"}],"curies":[{"name":"wp","href":"https:\/\/api.w.org\/{rel}","templated":true}]}}