{"id":55738,"date":"2026-09-03T19:32:41","date_gmt":"2026-09-03T19:32:41","guid":{"rendered":"https:\/\/comercioyjusticia.info\/?p=536836"},"modified":"2026-09-03T19:32:41","modified_gmt":"2026-09-03T19:32:41","slug":"en-chile-milei-reivindico-el-derrocamiento-de-allende-y-apunto-contra-pedro-sanchez-y-macri","status":"publish","type":"post","link":"https:\/\/economiapoliticacba.com\/?p=55738","title":{"rendered":"En Chile, Milei reivindic\u00f3 el derrocamiento de Allende y apunt\u00f3 contra Pedro S\u00e1nchez y Macri"},"content":{"rendered":"<div><img src=\"https:\/\/comercioyjusticia.info\/wp-content\/uploads\/2026\/09\/milei.jpg\" class=\"ff-og-image-inserted\"><\/div>\n<p class=\"wp-block-paragraph\">El presidente&nbsp;<strong>Javier Milei<\/strong>&nbsp;volvi\u00f3 a cargar contra su par de Espa\u00f1a,&nbsp;<strong>Pedro S\u00e1nchez<\/strong>, acus\u00f3 a&nbsp;<strong>Mauricio Macri de \u201cdejarse correr\u201d<\/strong>&nbsp;durante su presidencia y reivindic\u00f3 el derrocamiento de Salvador Allende en Chile. Lo hizo durante su participaci\u00f3n en el Foro de Madrid, que se celebra este jueves en el pa\u00eds vecino.&nbsp;<\/p>\n<p class=\"wp-block-paragraph\">Durante el evento organizado por el partido Vox, el libertario cuestion\u00f3 al presidente de Espa\u00f1a al que referenci\u00f3 como \u201cPedrito\u201d y sostuvo que \u201cest\u00e1 m\u00e1s sucio que una papa\u201d. Adem\u00e1s, lo acus\u00f3 de facilitar la inmigraci\u00f3n \u201cdescontrolada\u201d y de \u201cdegenerar\u201d la identidad espa\u00f1ola por el otro.<\/p>\n<p class=\"wp-block-paragraph\">\u201cLamentablemente Europa, la cuna de nuestra civilizaci\u00f3n, est\u00e1 siendo gobernada en el plano nacional y supranacional por bur\u00f3cratas empecinados en destruir todo lo que somos\u201d, insisti\u00f3, y complet\u00f3: \u201cEst\u00e1 m\u00e1s sucio que una papa, y bien que se ofendi\u00f3 cuando \u00e9l y toda la gentuza que lo rodea, cuando le dije que&nbsp;<strong>era un gobierno de ladrones y parece que los hechos lo confirman\u201d.&nbsp;<\/strong><\/p>\n<p class=\"wp-block-paragraph\">Asimismo, el mandatario defendi\u00f3 el programa econ\u00f3mico y plante\u00f3 que no sucumbir\u00e1 \u201ca la presi\u00f3n pol\u00edtica\u201d. Adem\u00e1s, sostuvo que el expresidente&nbsp;<strong>Mauricio Macri \u201cse dej\u00f3 correr por los que le tiraron 14 toneladas de piedra\u201d.&nbsp;<\/strong><\/p>\n<p class=\"wp-block-paragraph\">\u201cEstas estrategias que yo les cuento, la realidad es que no son nuevas.&nbsp;<strong>Esto mismo hicieron con el gobierno de Mauricio Macri en 2017, cuando ten\u00eda la econom\u00eda creciendo y la pobreza en su pico m\u00e1s bajo en d\u00e9cadas<\/strong>. Y aun as\u00ed lograron instalar el caos en la calle hasta hacerlo perder el rumbo\u201d, plante\u00f3.<\/p>\n<p class=\"wp-block-paragraph\">En la misma l\u00ednea, ampli\u00f3: \u201c<strong>El gobierno del Cambiemos sucumbi\u00f3 a la presi\u00f3n de la pol\u00edtica<\/strong>, tanto de la oposici\u00f3n como el extremo centro. Se dej\u00f3 correr por los que&nbsp;<strong>le tiraron catorce toneladas de piedra<\/strong>&nbsp;y por los presuntos aliados que suger\u00edan poner el freno de mano\u201d.<\/p>\n<p class=\"wp-block-paragraph\"><strong>Alianza internacional<\/strong><\/p>\n<p class=\"wp-block-paragraph\">Por otra parte, llam\u00f3 a la derecha a organizarse y propuso impulsar<strong>&nbsp;una \u201calianza internacional de las ideas de la libertad\u201d<\/strong>, durante su exposici\u00f3n en el Foro de Madrid, que se celebra en Santiago de Chile.&nbsp;<\/p>\n<p class=\"wp-block-paragraph\">\u201cNo podemos permanecer separados. Podemos ignorar el problema, pero el problema no nos va a ignorar.&nbsp;<strong>Tenemos que dejar de lado las diferencias y concentrarnos en lo que nos une<\/strong>\u201c, sostuvo durante el evento.&nbsp;<\/p>\n<p class=\"wp-block-paragraph\">En otro pasaje de la alocuci\u00f3n, el Presidente destac\u00f3 el \u201ccambio\u201d de rumbo en la regi\u00f3n, calific\u00f3 de \u201czurdos mugrosos\u201d a la oposici\u00f3n, y plante\u00f3 que inici\u00f3 en 2021, en la Argentina.<strong>&nbsp;\u201cNo les tenemos miedo, estamos dispuestos a salvar nuestra civilizaci\u00f3n\u201d,<\/strong>&nbsp;sentenci\u00f3.&nbsp;<\/p>\n<p class=\"wp-block-paragraph\">\u201cHoy, el continente entero se est\u00e1 orientando hacia los valores que hicieron grande a occidente, incluso luego de d\u00e9cadas de adoctrinamiento socialista.&nbsp;<strong>Poco a poco, les hemos demostrado que no les tenemos miedo y que estamos dispuestos a salvar nuestra civilizaci\u00f3n y nuestro modo de vida<\/strong>\u201c, asever\u00f3 el libertario.&nbsp;<\/p>\n<p class=\"wp-block-paragraph\">Por \u00faltimo, reivindic\u00f3 el derrocamiento del expresidente<strong>&nbsp;Salvador Allende<\/strong>&nbsp;y cuestion\u00f3 a la derecha en el pa\u00eds vecino.&nbsp;<\/p>\n<p class=\"wp-block-paragraph\">\u201cChile es un lugar emblem\u00e1tico porque con su historia reciente nos recuerda el valor inmenso de dar la batalla cultural,<strong>&nbsp;tras el derrocamiento del comunista Allende.&nbsp;<\/strong>Entr\u00f3 en un per\u00edodo de estabilidad y crecimiento que se extendi\u00f3 por m\u00e1s de 40 a\u00f1os y fue sin lugar a dudas la envidia en t\u00e9rminos econ\u00f3micos de toda la regi\u00f3n\u201d, concluy\u00f3.&nbsp;<\/p>\n","protected":false},"excerpt":{"rendered":"<p>El presidente&nbsp;Javier Milei&nbsp;volvi\u00f3 a cargar contra su par de Espa\u00f1a,&nbsp;Pedro S\u00e1nchez, acus\u00f3 a&nbsp;Mauricio Macri de \u201cdejarse correr\u201d&nbsp;durante su presidencia y reivindic\u00f3 el derrocamiento de Salvador Allende en Chile. Lo hizo durante su participaci\u00f3n en el Foro de Madrid, que se celebra este jueves en el pa\u00eds vecino.&nbsp; Durante el evento organizado por el partido Vox, [&hellip;]<\/p>\n","protected":false},"author":1,"featured_media":55739,"comment_status":"open","ping_status":"closed","sticky":false,"template":"","format":"standard","meta":{"om_disable_all_campaigns":false,"_monsterinsights_skip_tracking":false,"_monsterinsights_sitenote_active":false,"_monsterinsights_sitenote_note":"","_monsterinsights_sitenote_category":0},"categories":[17,21],"tags":[],"aioseo_notices":[],"_links":{"self":[{"href":"https:\/\/economiapoliticacba.com\/index.php?rest_route=\/wp\/v2\/posts\/55738"}],"collection":[{"href":"https:\/\/economiapoliticacba.com\/index.php?rest_route=\/wp\/v2\/posts"}],"about":[{"href":"https:\/\/economiapoliticacba.com\/index.php?rest_route=\/wp\/v2\/types\/post"}],"author":[{"embeddable":true,"href":"https:\/\/economiapoliticacba.com\/index.php?rest_route=\/wp\/v2\/users\/1"}],"replies":[{"embeddable":true,"href":"https:\/\/economiapoliticacba.com\/index.php?rest_route=%2Fwp%2Fv2%2Fcomments&post=55738"}],"version-history":[{"count":0,"href":"https:\/\/economiapoliticacba.com\/index.php?rest_route=\/wp\/v2\/posts\/55738\/revisions"}],"wp:featuredmedia":[{"embeddable":true,"href":"https:\/\/economiapoliticacba.com\/index.php?rest_route=\/wp\/v2\/media\/55739"}],"wp:attachment":[{"href":"https:\/\/economiapoliticacba.com\/index.php?rest_route=%2Fwp%2Fv2%2Fmedia&parent=55738"}],"wp:term":[{"taxonomy":"category","embeddable":true,"href":"https:\/\/economiapoliticacba.com\/index.php?rest_route=%2Fwp%2Fv2%2Fcategories&post=55738"},{"taxonomy":"post_tag","embeddable":true,"href":"https:\/\/economiapoliticacba.com\/index.php?rest_route=%2Fwp%2Fv2%2Ftags&post=55738"}],"curies":[{"name":"wp","href":"https:\/\/api.w.org\/{rel}","templated":true}]}}