{"id":55736,"date":"2026-09-03T17:55:01","date_gmt":"2026-09-03T17:55:01","guid":{"rendered":"https:\/\/www.clubtalleres.com.ar\/?p=217325"},"modified":"2026-09-03T17:55:01","modified_gmt":"2026-09-03T17:55:01","slug":"solidaridad-albiazul-en-el-mes-de-las-infancias","status":"publish","type":"post","link":"https:\/\/economiapoliticacba.com\/?p=55736","title":{"rendered":"Solidaridad Albiazul en el Mes de las Infancias"},"content":{"rendered":"<div><img src=\"http:\/\/economiapoliticacba.com\/wp-content\/uploads\/2026\/09\/solidaridad-albiazul-en-el-mes-de-las-infancias.jpg\" class=\"ff-og-image-inserted\"><\/div>\n<p class=\"wp-block-paragraph\">En el marco del <em><strong>Mes de las Infancias<\/strong><\/em>, el <strong>Mundo Talleres<\/strong> fue escenario de propuestas solidarias pensadas especialmente para los m\u00e1s chicos de la familia albiazul.<\/p>\n<p class=\"wp-block-paragraph\">La instituci\u00f3n impuls\u00f3, dentro de sus distintas \u00e1reas de trabajo, una colecta solidaria de golosinas y juguetes en buen estado destinada a instituciones solidarias de C\u00f3rdoba.<\/p>\n<p class=\"wp-block-paragraph\">Gracias al compromiso y la solidaridad de quienes se sumaron a la propuesta, <strong>Talleres<\/strong> pudo realizar donaciones destinadas a seis instituciones de la ciudad y sus alrededores:<\/p>\n<ul class=\"wp-block-list\">\n<li><strong><em>Asociaci\u00f3n Civil Soles<\/em><\/strong><\/li>\n<li><strong><em>ONG Villa San Nicol\u00e1s Solidaria<\/em><\/strong><\/li>\n<li><strong><em>Centro Vecinal Nuestro Hogar 1\u00b0<\/em><\/strong><\/li>\n<li><strong><em>Comedor y merendero Sachininos<\/em><\/strong><\/li>\n<li><strong><em>Centro Vecinal El Sauce<\/em><\/strong><\/li>\n<li><strong><em>Biblioteca Popular Julio Cort\u00e1zar de Barrio San Vicente<\/em><\/strong><\/li>\n<\/ul>\n<p class=\"wp-block-paragraph\">Cada aporte permiti\u00f3 llevar alegr\u00eda y acompa\u00f1amiento a distintos espacios que trabajan durante todo el a\u00f1o por el bienestar y el desarrollo de las infancias.<\/p>\n<p class=\"wp-block-paragraph\">De esta manera, <strong>Talleres<\/strong> sigue fortaleciendo su v\u00ednculo con la comunidad y promoviendo acciones que trascienden lo deportivo, generando espacios de encuentro, diversi\u00f3n y solidaridad.<\/p>\n<p class=\"wp-block-paragraph\">Con el compromiso de toda la familia albiazul, el <strong>Mes de las Infancias<\/strong> se vivi\u00f3 con alegr\u00eda, participaci\u00f3n y el esp\u00edritu solidario que identifica al <strong>Mundo Talleres<\/strong>.<\/p>\n<p> <!-- CONTENT END 1 --> <\/p>\n","protected":false},"excerpt":{"rendered":"<p>En el marco del Mes de las Infancias, el Mundo Talleres fue escenario de propuestas solidarias pensadas especialmente para los m\u00e1s chicos de la familia albiazul. La instituci\u00f3n impuls\u00f3, dentro de sus distintas \u00e1reas de trabajo, una colecta solidaria de golosinas y juguetes en buen estado destinada a instituciones solidarias de C\u00f3rdoba. Gracias al compromiso [&hellip;]<\/p>\n","protected":false},"author":1,"featured_media":55737,"comment_status":"closed","ping_status":"closed","sticky":false,"template":"","format":"standard","meta":{"om_disable_all_campaigns":false,"_monsterinsights_skip_tracking":false,"_monsterinsights_sitenote_active":false,"_monsterinsights_sitenote_note":"","_monsterinsights_sitenote_category":0},"categories":[16],"tags":[],"aioseo_notices":[],"_links":{"self":[{"href":"https:\/\/economiapoliticacba.com\/index.php?rest_route=\/wp\/v2\/posts\/55736"}],"collection":[{"href":"https:\/\/economiapoliticacba.com\/index.php?rest_route=\/wp\/v2\/posts"}],"about":[{"href":"https:\/\/economiapoliticacba.com\/index.php?rest_route=\/wp\/v2\/types\/post"}],"author":[{"embeddable":true,"href":"https:\/\/economiapoliticacba.com\/index.php?rest_route=\/wp\/v2\/users\/1"}],"replies":[{"embeddable":true,"href":"https:\/\/economiapoliticacba.com\/index.php?rest_route=%2Fwp%2Fv2%2Fcomments&post=55736"}],"version-history":[{"count":0,"href":"https:\/\/economiapoliticacba.com\/index.php?rest_route=\/wp\/v2\/posts\/55736\/revisions"}],"wp:featuredmedia":[{"embeddable":true,"href":"https:\/\/economiapoliticacba.com\/index.php?rest_route=\/wp\/v2\/media\/55737"}],"wp:attachment":[{"href":"https:\/\/economiapoliticacba.com\/index.php?rest_route=%2Fwp%2Fv2%2Fmedia&parent=55736"}],"wp:term":[{"taxonomy":"category","embeddable":true,"href":"https:\/\/economiapoliticacba.com\/index.php?rest_route=%2Fwp%2Fv2%2Fcategories&post=55736"},{"taxonomy":"post_tag","embeddable":true,"href":"https:\/\/economiapoliticacba.com\/index.php?rest_route=%2Fwp%2Fv2%2Ftags&post=55736"}],"curies":[{"name":"wp","href":"https:\/\/api.w.org\/{rel}","templated":true}]}}