{"id":55720,"date":"2026-09-03T20:29:01","date_gmt":"2026-09-03T20:29:01","guid":{"rendered":"https:\/\/canalshowsport.com.ar\/?p=73801"},"modified":"2026-09-03T20:29:01","modified_gmt":"2026-09-03T20:29:01","slug":"giuliano-cerato-es-uno-de-los-mejores-momentos-de-mi-carrera","status":"publish","type":"post","link":"https:\/\/economiapoliticacba.com\/?p=55720","title":{"rendered":"Giuliano Cerato: &#8220;Es uno de los mejores momentos de mi carrera&#8221;"},"content":{"rendered":"<div><img src=\"http:\/\/economiapoliticacba.com\/wp-content\/uploads\/2026\/09\/giuliano-cerato-es-uno-de-los-mejores-momentos-de-mi-carrera.jpg\" class=\"ff-og-image-inserted\"><\/div>\n<p class=\"wp-block-paragraph\"><strong>Instituto <\/strong>entren\u00f3 en la jornada de este jueves de cara al duelo ante Uni\u00f3n, por la fecha 8 del Torneo Clausura de la Liga Profesional de F\u00fatbol. Luego de la pr\u00e1ctica, <strong>Giuliano Cerato habl\u00f3 con la prensa <\/strong>y puso en palabras el presente que est\u00e1 viviendo en la &#8220;Gloria&#8221;. <\/p>\n<p class=\"wp-block-paragraph\">&#8220;<em>Es uno de los mejores momentos. El a\u00f1o pasado, en el segundo semestre tambi\u00e9n me fue bastante bien, pero<\/em><strong><em> si tengo que elegir uno de los dos, me quedo con el de ahora&#8221;<\/em>. <\/strong><\/p>\n<p class=\"wp-block-paragraph\">Haciendo referencia al plantel y el desaf\u00edo de permanecer en la punta del campeonato, expres\u00f3: &#8220;<em>Somos un equipo en construcci\u00f3n, tenemos que seguir mejorando cosas porque todo equipo que no sigue mejorando en alg\u00fan momento se cae. <\/em><strong><em>Nosotros sabemos de la humildad que tenemos adentro de la cancha y de lo que hay que mejorar. Tenemos que seguir por el mismo camino<\/em>&#8220;.<\/strong><\/p>\n<p class=\"wp-block-paragraph\">Por \u00faltimo, de cara a lo que viene, resalt\u00f3: &#8220;<em>Nosotros vamos partido a partido. Ahora pensamos en Uni\u00f3n, sabemos que va ser una final para nosotros. Todos los partidos los tomamos de la misma forma<\/em>&#8220;. <\/p>\n<blockquote class=\"instagram-media\" data-instgrm-captioned data-instgrm-permalink=\"https:\/\/www.instagram.com\/reel\/Dc1TCRgRxSu\/?utm_source=ig_embed&amp;utm_campaign=loading\" data-instgrm-version=\"14\" readability=\"-0.2\"><\/blockquote>\n","protected":false},"excerpt":{"rendered":"<p>Instituto entren\u00f3 en la jornada de este jueves de cara al duelo ante Uni\u00f3n, por la fecha 8 del Torneo Clausura de la Liga Profesional de F\u00fatbol. Luego de la pr\u00e1ctica, Giuliano Cerato habl\u00f3 con la prensa y puso en palabras el presente que est\u00e1 viviendo en la &#8220;Gloria&#8221;. &#8220;Es uno de los mejores momentos. [&hellip;]<\/p>\n","protected":false},"author":1,"featured_media":55721,"comment_status":"closed","ping_status":"closed","sticky":false,"template":"","format":"standard","meta":{"om_disable_all_campaigns":false,"_monsterinsights_skip_tracking":false,"_monsterinsights_sitenote_active":false,"_monsterinsights_sitenote_note":"","_monsterinsights_sitenote_category":0},"categories":[16],"tags":[3604,63,3099,2865],"aioseo_notices":[],"_links":{"self":[{"href":"https:\/\/economiapoliticacba.com\/index.php?rest_route=\/wp\/v2\/posts\/55720"}],"collection":[{"href":"https:\/\/economiapoliticacba.com\/index.php?rest_route=\/wp\/v2\/posts"}],"about":[{"href":"https:\/\/economiapoliticacba.com\/index.php?rest_route=\/wp\/v2\/types\/post"}],"author":[{"embeddable":true,"href":"https:\/\/economiapoliticacba.com\/index.php?rest_route=\/wp\/v2\/users\/1"}],"replies":[{"embeddable":true,"href":"https:\/\/economiapoliticacba.com\/index.php?rest_route=%2Fwp%2Fv2%2Fcomments&post=55720"}],"version-history":[{"count":0,"href":"https:\/\/economiapoliticacba.com\/index.php?rest_route=\/wp\/v2\/posts\/55720\/revisions"}],"wp:featuredmedia":[{"embeddable":true,"href":"https:\/\/economiapoliticacba.com\/index.php?rest_route=\/wp\/v2\/media\/55721"}],"wp:attachment":[{"href":"https:\/\/economiapoliticacba.com\/index.php?rest_route=%2Fwp%2Fv2%2Fmedia&parent=55720"}],"wp:term":[{"taxonomy":"category","embeddable":true,"href":"https:\/\/economiapoliticacba.com\/index.php?rest_route=%2Fwp%2Fv2%2Fcategories&post=55720"},{"taxonomy":"post_tag","embeddable":true,"href":"https:\/\/economiapoliticacba.com\/index.php?rest_route=%2Fwp%2Fv2%2Ftags&post=55720"}],"curies":[{"name":"wp","href":"https:\/\/api.w.org\/{rel}","templated":true}]}}