{"id":55705,"date":"2026-09-01T23:00:40","date_gmt":"2026-09-01T23:00:40","guid":{"rendered":"https:\/\/camcomcba.com.ar\/?p=19878"},"modified":"2026-09-01T23:00:40","modified_gmt":"2026-09-01T23:00:40","slug":"se-lanzo-cordoba-impulsa-el-plan-de-creditos-de-bancor-para-comerciantes-y-familias","status":"publish","type":"post","link":"https:\/\/economiapoliticacba.com\/?p=55705","title":{"rendered":"Se lanz\u00f3 \u201cC\u00f3rdoba Impulsa\u201d, el plan de cr\u00e9ditos de Bancor para comerciantes y familias"},"content":{"rendered":"<p><img loading=\"lazy\" width=\"1280\" height=\"720\" src=\"http:\/\/economiapoliticacba.com\/wp-content\/uploads\/2026\/09\/se-lanzo-cordoba-impulsa-el-plan-de-creditos-de-bancor-para-comerciantes-y-familias.jpg\" class=\"imgres wp-post-image\" alt decoding=\"async\" fetchpriority=\"high\" srcset=\"http:\/\/economiapoliticacba.com\/wp-content\/uploads\/2026\/09\/se-lanzo-cordoba-impulsa-el-plan-de-creditos-de-bancor-para-comerciantes-y-familias.jpg 1280w, http:\/\/economiapoliticacba.com\/wp-content\/uploads\/2026\/09\/se-lanzo-cordoba-impulsa-el-plan-de-creditos-de-bancor-para-comerciantes-y-familias-3.jpg 640w, http:\/\/economiapoliticacba.com\/wp-content\/uploads\/2026\/09\/se-lanzo-cordoba-impulsa-el-plan-de-creditos-de-bancor-para-comerciantes-y-familias-4.jpg 320w, http:\/\/economiapoliticacba.com\/wp-content\/uploads\/2026\/09\/se-lanzo-cordoba-impulsa-el-plan-de-creditos-de-bancor-para-comerciantes-y-familias-5.jpg 768w, http:\/\/economiapoliticacba.com\/wp-content\/uploads\/2026\/09\/se-lanzo-cordoba-impulsa-el-plan-de-creditos-de-bancor-para-comerciantes-y-familias-6.jpg 1536w, http:\/\/economiapoliticacba.com\/wp-content\/uploads\/2026\/09\/se-lanzo-cordoba-impulsa-el-plan-de-creditos-de-bancor-para-comerciantes-y-familias-7.jpg 1590w\" sizes=\"(max-width: 1280px) 100vw, 1280px\"><small class=\"text-right\">01\/09\/2026<\/small> <\/p>\n<hr>\n<p><small><\/small><\/p>\n<hr>\n<p>La C\u00e1mara de Comercio de C\u00f3rdoba (CCC), representada por su presidente Sebasti\u00e1n Parra, particip\u00f3 del lanzamiento oficial del plan C\u00f3rdoba Impulsa, la iniciativa del Banco de la Provincia de C\u00f3rdoba (Bancor) y el Gobierno de C\u00f3rdoba destinada a dinamizar el consumo local y sostener a los comercios de toda la provincia en un contexto de ca\u00edda de ventas y dificultades econ\u00f3micas para las familias.<\/p>\n<p>El anuncio, encabezado por el gobernador Mart\u00edn Llaryora junto al presidente de Bancor, Ra\u00fal Paolasso, contempl\u00f3 dos herramientas complementarias: una l\u00ednea de cr\u00e9dito para capital de trabajo destinada a comercios, con la mejor tasa del mercado a nivel nacional, y la ampliaci\u00f3n a 6 cuotas sin inter\u00e9s del financiamiento para consumo familiar a trav\u00e9s de la Tarjeta Cordobesa.<\/p>\n<p><img loading=\"lazy\" decoding=\"async\" class=\"aligncenter size-medium wp-image-19869\" src=\"http:\/\/economiapoliticacba.com\/wp-content\/uploads\/2026\/09\/se-lanzo-cordoba-impulsa-el-plan-de-creditos-de-bancor-para-comerciantes-y-familias-1.jpg\" alt width=\"540\" height=\"360\" srcset=\"http:\/\/economiapoliticacba.com\/wp-content\/uploads\/2026\/09\/se-lanzo-cordoba-impulsa-el-plan-de-creditos-de-bancor-para-comerciantes-y-familias-1.jpg 540w, http:\/\/economiapoliticacba.com\/wp-content\/uploads\/2026\/09\/se-lanzo-cordoba-impulsa-el-plan-de-creditos-de-bancor-para-comerciantes-y-familias-8.jpg 1080w, http:\/\/economiapoliticacba.com\/wp-content\/uploads\/2026\/09\/se-lanzo-cordoba-impulsa-el-plan-de-creditos-de-bancor-para-comerciantes-y-familias-9.jpg 768w, http:\/\/economiapoliticacba.com\/wp-content\/uploads\/2026\/09\/se-lanzo-cordoba-impulsa-el-plan-de-creditos-de-bancor-para-comerciantes-y-familias-10.jpg 1536w, http:\/\/economiapoliticacba.com\/wp-content\/uploads\/2026\/09\/se-lanzo-cordoba-impulsa-el-plan-de-creditos-de-bancor-para-comerciantes-y-familias-11.jpg 1920w\" sizes=\"(max-width: 540px) 100vw, 540px\"><\/p>\n<p>Del encuentro tambi\u00e9n participaron la Federaci\u00f3n Comercial de C\u00f3rdoba (Fedecom), representada por su presidente Fausto Brandol\u00edn, la vicegobernadora Myrian Prunotto, el ministro de la Producci\u00f3n, Ciencia e Innovaci\u00f3n Tecnol\u00f3gica, Fernando Sibilla, el ministro de Gobierno, Manuel Calvo, y numerosos referentes empresariales e institucionales.<\/p>\n<p> <!-- see gallery_shortcode() in wp-includes\/media.php --> <\/p>\n<h2>Financiamiento en 6 cuotas sin inter\u00e9s para las familias<\/h2>\n<p>Con Tarjeta Cordobesa Cr\u00e9dito (Visa y Mastercard), los consumidores podr\u00e1n financiar en 6 cuotas sin inter\u00e9s sus compras en supermercados y farmacias adheridas: 190 sucursales de supermercados como Mariano Max, Almacor, Buenos D\u00edas, Super Mami, Luconi Hnos, Becerra, Cordiez Super, Top, S\u00faper Dos, S\u00faper Granja y S\u00faper Mac; y 215 sucursales de farmacias, entre ellas S\u00e1nchez Antoniolli, General Paz, Alvear, Daniotti, Farma Vida, Moderna, HP Farma, Mas Farma, Red, SV Farma y Grassi.<\/p>\n<p>\u201cDesde la C\u00e1mara de Comercio de C\u00f3rdoba celebramos esta iniciativa, porque responde a una necesidad concreta del sector: contar con financiamiento accesible para sostener la actividad, el empleo y las inversiones de nuestros comercios asociados. Que Bancor acompa\u00f1e con la mejor tasa del pa\u00eds es una se\u00f1al muy positiva para todo el entramado comercial de la provincia\u201d, afirm\u00f3 Sebasti\u00e1n Parra, presidente de la C\u00e1mara de Comercio de C\u00f3rdoba.<\/p>\n<p>Desde la CCC remarcaron que C\u00f3rdoba Impulsa se suma a otras acciones conjuntas con el sector p\u00fablico y financiero orientadas a fortalecer a los m\u00e1s de 30.000 comercios que integran el entramado econ\u00f3mico de la ciudad y la provincia, y reafirmaron su compromiso de seguir trabajando junto a Bancor y al Gobierno de C\u00f3rdoba en soluciones que impulsen el consumo y la actividad comercial.<\/p>\n<p><img loading=\"lazy\" decoding=\"async\" class=\"aligncenter size-medium wp-image-19875\" src=\"http:\/\/economiapoliticacba.com\/wp-content\/uploads\/2026\/09\/se-lanzo-cordoba-impulsa-el-plan-de-creditos-de-bancor-para-comerciantes-y-familias-2.jpg\" alt width=\"540\" height=\"360\" srcset=\"http:\/\/economiapoliticacba.com\/wp-content\/uploads\/2026\/09\/se-lanzo-cordoba-impulsa-el-plan-de-creditos-de-bancor-para-comerciantes-y-familias-2.jpg 540w, http:\/\/economiapoliticacba.com\/wp-content\/uploads\/2026\/09\/se-lanzo-cordoba-impulsa-el-plan-de-creditos-de-bancor-para-comerciantes-y-familias-12.jpg 1080w, http:\/\/economiapoliticacba.com\/wp-content\/uploads\/2026\/09\/se-lanzo-cordoba-impulsa-el-plan-de-creditos-de-bancor-para-comerciantes-y-familias-13.jpg 768w, http:\/\/economiapoliticacba.com\/wp-content\/uploads\/2026\/09\/se-lanzo-cordoba-impulsa-el-plan-de-creditos-de-bancor-para-comerciantes-y-familias-14.jpg 1536w, http:\/\/economiapoliticacba.com\/wp-content\/uploads\/2026\/09\/se-lanzo-cordoba-impulsa-el-plan-de-creditos-de-bancor-para-comerciantes-y-familias-15.jpg 1920w\" sizes=\"auto, (max-width: 540px) 100vw, 540px\"><\/p>\n<h2>L\u00ednea de cr\u00e9dito para comercios asociados<\/h2>\n<p>La l\u00ednea de capital de trabajo prev\u00e9 una tasa nominal anual (TNA) del 33%, a 36 meses de plazo, con un cupo total de $20.000 millones y un monto m\u00e1ximo de $10 millones por operaci\u00f3n, sujeto a aprobaci\u00f3n crediticia.<\/p>\n<p>Est\u00e1 dirigida a comercios miembros de la C\u00e1mara de Comercio de C\u00f3rdoba y de FEDECOM, y podr\u00e1 destinarse a la compra de equipamiento, stock de mercader\u00eda, maquinaria, pago de haberes y otras necesidades del negocio. Estar\u00e1 vigente desde el 1\u00b0 de septiembre y hasta agotar el cupo disponible, y podr\u00e1 tramitarse a trav\u00e9s de www.bancor.com.ar.<\/p>\n<hr>\n","protected":false},"excerpt":{"rendered":"<p>01\/09\/2026 La C\u00e1mara de Comercio de C\u00f3rdoba (CCC), representada por su presidente Sebasti\u00e1n Parra, particip\u00f3 del lanzamiento oficial del plan C\u00f3rdoba Impulsa, la iniciativa del Banco de la Provincia de C\u00f3rdoba (Bancor) y el Gobierno de C\u00f3rdoba destinada a dinamizar el consumo local y sostener a los comercios de toda la provincia en un contexto [&hellip;]<\/p>\n","protected":false},"author":1,"featured_media":55706,"comment_status":"closed","ping_status":"closed","sticky":false,"template":"","format":"standard","meta":{"om_disable_all_campaigns":false,"_monsterinsights_skip_tracking":false,"_monsterinsights_sitenote_active":false,"_monsterinsights_sitenote_note":"","_monsterinsights_sitenote_category":0},"categories":[17,19],"tags":[],"aioseo_notices":[],"_links":{"self":[{"href":"https:\/\/economiapoliticacba.com\/index.php?rest_route=\/wp\/v2\/posts\/55705"}],"collection":[{"href":"https:\/\/economiapoliticacba.com\/index.php?rest_route=\/wp\/v2\/posts"}],"about":[{"href":"https:\/\/economiapoliticacba.com\/index.php?rest_route=\/wp\/v2\/types\/post"}],"author":[{"embeddable":true,"href":"https:\/\/economiapoliticacba.com\/index.php?rest_route=\/wp\/v2\/users\/1"}],"replies":[{"embeddable":true,"href":"https:\/\/economiapoliticacba.com\/index.php?rest_route=%2Fwp%2Fv2%2Fcomments&post=55705"}],"version-history":[{"count":0,"href":"https:\/\/economiapoliticacba.com\/index.php?rest_route=\/wp\/v2\/posts\/55705\/revisions"}],"wp:featuredmedia":[{"embeddable":true,"href":"https:\/\/economiapoliticacba.com\/index.php?rest_route=\/wp\/v2\/media\/55706"}],"wp:attachment":[{"href":"https:\/\/economiapoliticacba.com\/index.php?rest_route=%2Fwp%2Fv2%2Fmedia&parent=55705"}],"wp:term":[{"taxonomy":"category","embeddable":true,"href":"https:\/\/economiapoliticacba.com\/index.php?rest_route=%2Fwp%2Fv2%2Fcategories&post=55705"},{"taxonomy":"post_tag","embeddable":true,"href":"https:\/\/economiapoliticacba.com\/index.php?rest_route=%2Fwp%2Fv2%2Ftags&post=55705"}],"curies":[{"name":"wp","href":"https:\/\/api.w.org\/{rel}","templated":true}]}}