{"id":55703,"date":"2026-09-02T19:42:00","date_gmt":"2026-09-02T19:42:00","guid":{"rendered":"https:\/\/economiapoliticacba.com\/?p=55703"},"modified":"2026-09-02T19:42:00","modified_gmt":"2026-09-02T19:42:00","slug":"festejo-amargo-los-industriales-celebraron-su-dia-entre-criticas-al-gobierno-y-el-pedido-de-respeto","status":"publish","type":"post","link":"https:\/\/economiapoliticacba.com\/?p=55703","title":{"rendered":"Festejo amargo: los industriales celebraron su d\u00eda entre cr\u00edticas al Gobierno y el pedido de respeto"},"content":{"rendered":"<p><!-- \/21709548400\/Eleconomista\/nota_Video_Oustream --> <\/p>\n<p>La industria no tiene demasiados motivos para celebrar su d\u00eda. La contracci\u00f3n del consumo interno, la <a href=\"https:\/\/eleconomista.com.ar\/economia\/producir-argentina-cuesta-30-mas-uia-exige-reformas-urgentes-alerta-mas-cierres-n90863\">fuerte suba de costos<\/a> y el <a href=\"https:\/\/eleconomista.com.ar\/energia\/alerta-pyme-rosato-advierte-viene-un-cierre-masivo-empresas-le-responde-milei-n93318\">aumento de las importaciones de bienes finales<\/a> contin\u00faan empujando hacia abajo los niveles de actividad, y no surgen indicios de una reversi\u00f3n de esa tendencia, al menos en el corto plazo.<\/p>\n<p>En ese marco, <a href=\"https:\/\/eleconomista.com.ar\/economia\/quien-martin-rappalini-nuevo-n1-uia-n84310\">Mart\u00edn Rappallini<\/a>, presidente de la Uni\u00f3n Industrial Argentina (UIA), reclamo &#8220;un puente&#8221; que permita atravesar la transici\u00f3n de la estabilizaci\u00f3n hacia el crecimiento durante el acto de celebraci\u00f3n del <strong>D\u00eda de la Industria<\/strong> llevado a cabo en la planta de Laboratorios Elea, en el municipio bonaerense de Malvinas Argentinas.<\/p>\n<p>&#8220;Si es la industria la que enfrenta la exigencia de la apertura, tambi\u00e9n es la industria la que necesita las condiciones y las herramientas para atravesar la transformaci\u00f3n. El sector industrial pide un puente entre la econom\u00eda que estamos dejando atr\u00e1s y la econom\u00eda competitiva que queremos construir&#8221;, dijo.<\/p>\n<p> \ufeff <\/p>\n<p>Rappallini reconoci\u00f3 que &#8220;la estabilizaci\u00f3n es necesaria y est\u00e1 impactando profundamente en la econom\u00eda&#8221;. Sin embargo, pidi\u00f3 pasar a otra etapa. &#8220;La estabilizaci\u00f3n es fundamental para la Argentina, pero la econom\u00eda no puede medirse solamente por la evoluci\u00f3n de la inflaci\u00f3n; tenemos que mirar la actividad, hoy hay sectores muy golpeados, empresas trabajando por debajo de su capacidad y por eso necesitamos una mirada sist\u00e9mica: la microeconom\u00eda tambi\u00e9n construye la macroeconom\u00eda&#8221;, a\u00f1adi\u00f3.<\/p>\n<p>Lejos de los tiempos en que una relaci\u00f3n mucho m\u00e1s cercana entre el gobierno y los industriales llev\u00f3 incluso a la participaci\u00f3n del presidente Javier Milei en la celebraci\u00f3n del D\u00eda de la Industria de hace dos a\u00f1os, esta vez la asistencia de funcionarios fue muy acotada. Por el \u00e1rea econ\u00f3mica solo asisti\u00f3 el secretario de Coordinaci\u00f3n de Producci\u00f3n, Pablo Lavigne. El jefe de Gabinete, Diego Santilli, declin\u00f3 su participaci\u00f3n horas antes del evento.<\/p>\n<p>En un cuestionamiento impl\u00edcito a esas ausencias, Rappallini se\u00f1al\u00f3 que &#8220;esto es la econom\u00eda real y por eso es importante venir a las plantas productivas del pa\u00eds&#8221;. &#8220;Ac\u00e1, como en cada f\u00e1brica del pa\u00eds, podemos ver todos los d\u00edas c\u00f3mo entran materias primas y salen productos terminados; la industria no le quita nada a ning\u00fan otro sector para crecer, crea valor nuevo y genera riqueza&#8221;, agreg\u00f3.<\/p>\n<p> \ufeff <\/p>\n<figure class=\"image\"><img loading=\"lazy\" width=\"100\" height=\"100\" class=\"cst_img\" src=\"http:\/\/economiapoliticacba.com\/wp-content\/uploads\/2026\/09\/festejo-amargo-los-industriales-celebraron-su-dia-entre-criticas-al-gobierno-y-el-pedido-de-respeto.webp\" data-src-origin=\"http:\/\/economiapoliticacba.com\/wp-content\/uploads\/2026\/09\/festejo-amargo-los-industriales-celebraron-su-dia-entre-criticas-al-gobierno-y-el-pedido-de-respeto.jpg\" alt=\"D\u00eda de la Industria sin Milei: la UIA pidi\u00f3 &quot;un puente&quot; y revel\u00f3 que se perdieron 90.000 empleos - UIA\"><figcaption>D\u00eda de la Industria sin Milei: la UIA pidi\u00f3 &#8220;un puente&#8221; y revel\u00f3 que se perdieron 90.000 empleos &#8211; UIA<\/figcaption><\/figure>\n<h2>Actividad en baja<\/h2>\n<p>El acto celebratorio del D\u00eda de la Industria estuvo enmarcado en una actividad que no levanta. Los <a href=\"https:\/\/eleconomista.com.ar\/economia\/la-uia-encendio-alarma-70000-empleos-menos-fabricas-frenadas-duro-reclamo-impuestos-n96072\">indicadores adelantados de la UIA<\/a> y el Centro de Estudios UIA (CEU) se\u00f1alaron que en julio el sector volvi\u00f3 a caer contra el mes anterior (-0,6%). Con eso, en lo que va del a\u00f1o la industria acumula una baja de 2% con respecto al mismo per\u00edodo de 2025.<\/p>\n<p>&#8220;En materia de producci\u00f3n estamos 10% por debajo de los niveles de 2022 con sectores que registran ca\u00eddas de entre el 25% y el 30%. Este mal desempe\u00f1o tambi\u00e9n se refleja en el <a href=\"https:\/\/eleconomista.com.ar\/economia\/alerta-industria-argentina-pierden-6-empleos-hora-cierran-9-fabricas-dia-n97873\">mercado del trabajo<\/a>: desde agosto de 2023, la industria perdi\u00f3 90.000 puestos asalariados registrados&#8221;, dijo Rappallini. &#8220;Cuando abrimos la econom\u00eda -un proceso necesario para integrarnos al mundo-, no ponemos al 100% de la econom\u00eda a competir internacionalmente. Esa competencia recae fundamentalmente sobre el 25% que produce bienes y servicios que pueden importarse o exportarse, y gran parte de la industria pertenece justamente a ese sector; la industria compite con el mundo, agreg\u00f3&#8221;<\/p>\n<p> \ufeff <\/p>\n<p>Seg\u00fan datos de la consultora I+D (Industria y Desarrollo) que dirige Diego Coatz, ex director ejecutivo y ex economista jefe de la Uni\u00f3n Industrial Argentina (UIA), siete de las <a href=\"https:\/\/eleconomista.com.ar\/tags\/industria-t1248\">12 principales cadenas industriales<\/a> se encuentran entre 30% y 40% por debajo de sus m\u00e1ximos de los \u00faltimos diez a\u00f1os y operan, en promedio, con cerca de 40% de capacidad ociosa.<\/p>\n<p>El panorama negativo incluye un <a href=\"https:\/\/eleconomista.com.ar\/negocios\/alarma-empresaria-ya-cerraron-mas-24000-empresas-llegada-milei-caida-ya-iguala-pandemia-n94965\">proceso vertiginoso de cierre de empresas<\/a>. Desde diciembre de 2023 -mes en que comenz\u00f3 el gobierno de Milei- hasta abril pasado, se perdieron 3.759 empresas industriales. Solo en los primeros cuatro meses de este a\u00f1o, cerraron <a href=\"https:\/\/eleconomista.com.ar\/economia\/alerta-industria-argentina-pierden-6-empleos-hora-cierran-9-fabricas-dia-n97873\">otras 1.070 empresas<\/a>. I+D proyecta que en lo que resta del a\u00f1o van a cerrar otras 2.000 empresas m\u00e1s.<\/p>\n<p>&#8220;En estos \u00faltimos dos a\u00f1os, mientras los servicios aumentaron un 400% y el nivel general de precios cerca de un 190%, los precios industriales crecieron tan solo 140%. La industria fue uno de los pilares de este proceso de desinflaci\u00f3n; la industria le est\u00e1 poniendo el hombro a la estabilizaci\u00f3n&#8221;, afirm\u00f3 Rappallini.<\/p>\n<p> \ufeff <\/p>\n<h2>Delicado equilibrio<\/h2>\n<p>En la b\u00fasqueda de no destruir los <a href=\"https:\/\/eleconomista.com.ar\/economia\/rappallini-presidente-uia-vemos-preocupacion-abra-economia-n93122\">pocos puentes que a\u00fan resisten en la relaci\u00f3n con el gobierno<\/a>, Rappallini tambi\u00e9n envi\u00f3 algunos gui\u00f1os a la Casa Rosada al se\u00f1alar que &#8220;tenemos que entender de d\u00f3nde venimos&#8221;.<\/p>\n<p>&#8220;Durante las \u00faltimas d\u00e9cadas, Argentina construy\u00f3 un modelo en que el estado pretendi\u00f3 convertirse en el principal motor de la econom\u00eda y fue ocupando progresivamente el centro de su funcionamiento: creci\u00f3 el gasto p\u00fablico, aumentaron los impuestos, se multiplicaron las regulaciones, aparecieron los derechos de exportaci\u00f3n, controles y subsidios, y cuando los recursos ya no alcanzaban para mantener ese esquema, la emisi\u00f3n monetaria fue la \u00faltima herramienta&#8221;, afirm\u00f3. <mark class=\"marker-yellow\">&#8220;Para sostener ese funcionamiento, el estado fue hacia la captura de la renta de todos los sectores productivos; Argentina inici\u00f3 un proceso de cambio\u2026 pero cambiar un sistema que funcion\u00f3 durante d\u00e9cadas lleva tiempo&#8221;, agreg\u00f3.<\/mark><\/p>\n<figure class=\"image\"><img loading=\"lazy\" width=\"100\" height=\"100\" class=\"cst_img\" src=\"http:\/\/economiapoliticacba.com\/wp-content\/uploads\/2026\/09\/festejo-amargo-los-industriales-celebraron-su-dia-entre-criticas-al-gobierno-y-el-pedido-de-respeto-1.webp\" data-src-origin=\"https:\/\/statics.eleconomista.com.ar\/2026\/09\/6a987dc25e7c5.jpeg\" alt=\"D\u00eda de la Industria sin Milei: la UIA pidi\u00f3 &quot;un puente&quot; y revel\u00f3 que se perdieron 90.000 empleos - UIA\"><figcaption>D\u00eda de la Industria sin Milei: la UIA pidi\u00f3 &#8220;un puente&#8221; y revel\u00f3 que se perdieron 90.000 empleos &#8211; UIA<\/figcaption><\/figure>\n<p> \ufeff <\/p>\n<p>Esos esfuerzos de los industriales por sostener la relaci\u00f3n no parecen encontrar la misma predisposici\u00f3n del otro lado. En marzo pasado, Milei afirm\u00f3 que <a href=\"https:\/\/eleconomista.com.ar\/economia\/la-industria-nuevo-foco-batalla-cultural-n93337\">quienes defienden la industria nacional son &#8220;unos chorros&#8221;<\/a> en el discurso de apertura del evento &#8220;Argentina Week&#8221; en Nueva York. M\u00e1s cerca en el tiempo, en agosto el ministro de Econom\u00eda, Luis Caputo, <a href=\"https:\/\/eleconomista.com.ar\/economia\/fuerte-respuesta-uia-caputo-tratar-tarados-quienes-defienden-industria-n97212\">calific\u00f3 de &#8220;tarados&#8221;<\/a> a quienes aseguran que el avance de los sectores primarios como la energ\u00eda y el agro resulta perjudicial para la industria.<\/p>\n<p>En ese contexto, <a href=\"https:\/\/eleconomista.com.ar\/economia\/rigi-industria-ya-uia-reunio-caputo-lanzo-una-dura-advertencia-crisis-industrial-n95055\">el titular de la UIA<\/a>, representante de un sector que aporta el 18% del PBI, el 20% del empleo, el 22% de la masa salarial, cerca del 30% de la recaudaci\u00f3n de impuestos y m\u00e1s de la mitad de los gastos de Investigaci\u00f3n y Desarrollo del pa\u00eds, recogi\u00f3 el guante. &#8220;Por nuestro peso econ\u00f3mico, productivo y federal, la industria tiene que ser reconocida como una de las v\u00edas centrales para el progreso&#8221;, dijo Rappallini. <strong>&#8220;Debemos dejar atr\u00e1s las descalificaciones y las agresiones hacia quienes producen; podemos tener diferencias, incluso debatir qu\u00e9 pol\u00edticas necesita la Argentina, pero el respeto tiene que ser parte fundamental de nuestra convivencia democr\u00e1tica&#8221;, concluy\u00f3.<\/strong><\/p>\n<p> <a href=\"https:\/\/www.google.com\/preferences\/source?q=eleconomista.com.ar\" target=\"_blank\" rel=\"noopener nofollow\" class=\"ee-google-follow\" readability=\"2\"> <\/p>\n<div class=\"ee-google-follow-icon\"> <img src=\"http:\/\/economiapoliticacba.com\/wp-content\/uploads\/2026\/09\/festejo-amargo-los-industriales-celebraron-su-dia-entre-criticas-al-gobierno-y-el-pedido-de-respeto.png\" alt=\"Logo de Google\"> <\/div>\n<p> <span class=\"ee-google-follow-top\">Segu\u00ed a El Economista en Google<\/span> <span class=\"ee-google-follow-bottom\">Agreganos a tus medios preferidos.<\/span> <\/p>\n<p>+ Agregar<\/p>\n<p><\/a> <\/p>\n","protected":false},"excerpt":{"rendered":"<p>La industria no tiene demasiados motivos para celebrar su d\u00eda. La contracci\u00f3n del consumo interno, la fuerte suba de costos y el aumento de las importaciones de bienes finales contin\u00faan empujando hacia abajo los niveles de actividad, y no surgen indicios de una reversi\u00f3n de esa tendencia, al menos en el corto plazo. En ese [&hellip;]<\/p>\n","protected":false},"author":1,"featured_media":55704,"comment_status":"closed","ping_status":"closed","sticky":false,"template":"","format":"standard","meta":{"om_disable_all_campaigns":false,"_monsterinsights_skip_tracking":false,"_monsterinsights_sitenote_active":false,"_monsterinsights_sitenote_note":"","_monsterinsights_sitenote_category":0},"categories":[17],"tags":[],"aioseo_notices":[],"_links":{"self":[{"href":"https:\/\/economiapoliticacba.com\/index.php?rest_route=\/wp\/v2\/posts\/55703"}],"collection":[{"href":"https:\/\/economiapoliticacba.com\/index.php?rest_route=\/wp\/v2\/posts"}],"about":[{"href":"https:\/\/economiapoliticacba.com\/index.php?rest_route=\/wp\/v2\/types\/post"}],"author":[{"embeddable":true,"href":"https:\/\/economiapoliticacba.com\/index.php?rest_route=\/wp\/v2\/users\/1"}],"replies":[{"embeddable":true,"href":"https:\/\/economiapoliticacba.com\/index.php?rest_route=%2Fwp%2Fv2%2Fcomments&post=55703"}],"version-history":[{"count":0,"href":"https:\/\/economiapoliticacba.com\/index.php?rest_route=\/wp\/v2\/posts\/55703\/revisions"}],"wp:featuredmedia":[{"embeddable":true,"href":"https:\/\/economiapoliticacba.com\/index.php?rest_route=\/wp\/v2\/media\/55704"}],"wp:attachment":[{"href":"https:\/\/economiapoliticacba.com\/index.php?rest_route=%2Fwp%2Fv2%2Fmedia&parent=55703"}],"wp:term":[{"taxonomy":"category","embeddable":true,"href":"https:\/\/economiapoliticacba.com\/index.php?rest_route=%2Fwp%2Fv2%2Fcategories&post=55703"},{"taxonomy":"post_tag","embeddable":true,"href":"https:\/\/economiapoliticacba.com\/index.php?rest_route=%2Fwp%2Fv2%2Ftags&post=55703"}],"curies":[{"name":"wp","href":"https:\/\/api.w.org\/{rel}","templated":true}]}}