{"id":55697,"date":"2026-09-02T19:23:52","date_gmt":"2026-09-02T19:23:52","guid":{"rendered":"https:\/\/comercioyjusticia.info\/?p=536709"},"modified":"2026-09-02T19:23:52","modified_gmt":"2026-09-02T19:23:52","slug":"mediacion-en-salud-extienden-el-plazo-para-la-habilitacion-de-profesionales-provinciales-en-el-sistema-nacional","status":"publish","type":"post","link":"https:\/\/economiapoliticacba.com\/?p=55697","title":{"rendered":"Mediaci\u00f3n en salud: extienden el plazo para la habilitaci\u00f3n de profesionales provinciales en el sistema nacional"},"content":{"rendered":"<div><img src=\"https:\/\/comercioyjusticia.info\/wp-content\/uploads\/2025\/09\/Mediacion-1.jpg\" class=\"ff-og-image-inserted\"><\/div>\n<p class=\"wp-block-paragraph\"><strong>El Ministerio de Justicia prorrog\u00f3 por dos a\u00f1os el plazo transitorio que permite a los mediadores inscriptos en registros provinciales desempe\u00f1arse en el sistema de mediaci\u00f3n prejudicial en materia de salud (Promesa). La medida, seg\u00fan el gobierno, intenta consolidar una distribuci\u00f3n federal y homog\u00e9nea de profesionales habilitados, agilizar la resoluci\u00f3n de conflictos sanitarios y evitar la saturaci\u00f3n de los tribunales<\/strong><\/p>\n<p class=\"wp-block-paragraph\"><strong>Resoluci\u00f3n 418\/26-MJ<\/strong><\/p>\n<p class=\"wp-block-paragraph\">Ciudad de Buenos Aires, 31\/08\/2026<\/p>\n<p class=\"wp-block-paragraph\">VISTO el Expediente N\u00b0&nbsp;EX-2026-78243055- -APN-DNMYMPRC#MJ, la Ley N\u00b0&nbsp;26.589 y sus modificaciones, los Decretos Nros. 1467 del 22 de septiembre de 2011 y su modificatorio y 379 del 3 de junio de 2025, la Resoluci\u00f3n Conjunta N\u00b0&nbsp;1 del 10 de julio del 2025 del MINISTERIO DE JUSTICIA y del MINISTERIO DE SALUD, las Resoluciones Nros. 596 del 2 de septiembre de 2025 y 1134 del 27 de noviembre de 2025, ambas del MINISTERIO DE JUSTICIA,&nbsp;y<\/p>\n<p class=\"wp-block-paragraph\">CONSIDERANDO:<\/p>\n<p class=\"wp-block-paragraph\">Que la Ley N\u00ba&nbsp;26.589 y sus modificaciones regula el procedimiento de la mediaci\u00f3n obligatoria previa a todo proceso judicial.<\/p>\n<p class=\"wp-block-paragraph\">Que a trav\u00e9s del art\u00edculo 1\u00b0 del Decreto N\u00b0&nbsp;379\/2025 se sustituy\u00f3 el art\u00edculo 6\u00b0 de la Ley N\u00ba&nbsp;26.589 y sus modificaciones, y se incorporaron, en el marco de la mediaci\u00f3n prejudicial optativa, las controversias en materia de salud en aqu\u00e9llos casos en que la parte requerida fuese una entidad comprendida en las Leyes Nros. 23.660, 23.661 o 26.682 y sus respectivas modificaciones.<\/p>\n<p class=\"wp-block-paragraph\">Que por el art\u00edculo 2\u00ba del referido decreto se aprob\u00f3 el \u201cPROCEDIMIENTO DE MEDIACI\u00d3N PREJUDICIAL EN MATERIA DE SALUD\u201d (PROMESA), aplicable a los casos comprendidos en el art\u00edculo 6\u00b0, inciso b) de la Ley N\u00b0&nbsp;26.589 y sus modificaciones, obrante en el ANEXO I que integra dicho acto.<\/p>\n<p class=\"wp-block-paragraph\">Que el art\u00edculo 40 de la aludida Ley establece los cap\u00edtulos que componen el Registro Nacional de Mediaci\u00f3n, cuya organizaci\u00f3n y administraci\u00f3n se encuentra a cargo del MINISTERIO DE JUSTICIA, y en su inciso a) prev\u00e9 el Registro de Mediadores, que incluye el apartado correspondiente a los mediadores en materia de salud.<\/p>\n<p class=\"wp-block-paragraph\">Que conforme el art\u00edculo 10, inciso a), del Anexo I del Decreto N\u00b0&nbsp;379\/2025 las personas que aspiren a ser mediadores en materia de salud deben estar inscriptas en el cap\u00edtulo Registro de Mediadores del Registro Nacional de Mediaci\u00f3n, con una antig\u00fcedad mayor a UN (1) a\u00f1o y no poseer sanciones vigentes al momento de solicitar su incorporaci\u00f3n.<\/p>\n<p class=\"wp-block-paragraph\">Que por la Resoluci\u00f3n Conjunta N\u00b0&nbsp;1\/2025 suscripta entre el MINISTERIO DE JUSTICIA y el MINISTERIO DE SALUD el 10 de julio de 2025, se aprobaron las disposiciones complementarias y operativas para la efectiva implementaci\u00f3n del PROMESA.<\/p>\n<p class=\"wp-block-paragraph\">Que el art\u00edculo 9\u00b0 de la referida Resoluci\u00f3n Conjunta estableci\u00f3 que, transitoriamente y por el plazo de UN (1) a\u00f1o contado desde la fecha de entrada en vigencia del Decreto N\u00b0&nbsp;379\/2025, se considerar\u00e1 cumplido el requisito contemplado en el art\u00edculo 10, inciso a) del ANEXO I del mencionado Decreto respecto de los mediadores inscriptos en los registros provinciales de mediaci\u00f3n, siempre que cuenten previamente con dicha antig\u00fcedad en el registro provincial respectivo.<\/p>\n<p class=\"wp-block-paragraph\">Que dicha disposici\u00f3n de car\u00e1cter transitorio no exime a los profesionales del cumplimiento de lo dispuesto por la Ley N\u00ba&nbsp;26.589 y sus modificaciones, el Decreto N\u00ba&nbsp;379\/2025 y sus disposiciones complementarias.<\/p>\n<p class=\"wp-block-paragraph\">Que, por su parte, la Resoluci\u00f3n N\u00b0&nbsp;596\/2025 del MINISTERIO DE JUSTICIA, en su art\u00edculo 4\u00b0 establece que las mediaciones, en el marco del PROMESA, se deben realizar en la jurisdicci\u00f3n federal con asiento en la provincia correspondiente al domicilio del requirente.<\/p>\n<p class=\"wp-block-paragraph\">Que la Resoluci\u00f3n N\u00b0&nbsp;1134\/2025 del MINISTERIO DE JUSTICIA aprob\u00f3 un r\u00e9gimen de vacancias para las jurisdicciones provinciales en las que no se verifiquen mediadores en materia de salud habilitados en el Registro Nacional de Mediaci\u00f3n, aplicable tambi\u00e9n a los casos en los que la ausencia de mediadores habilitados tenga lugar con motivo de la licencia, suspensi\u00f3n, recusaci\u00f3n o excusaci\u00f3n del profesional mediador.<\/p>\n<p class=\"wp-block-paragraph\">Que el r\u00e9gimen instaurado por la precitada resoluci\u00f3n se aprob\u00f3 de forma transitoria y supeditado a la vigencia de la disposici\u00f3n prevista en el art\u00edculo 9\u00b0 de la Resoluci\u00f3n Conjunta N\u00b0&nbsp;1\/2025 del MINISTERIO DE JUSTICIA y del MINISTERIO DE SALUD, considerando la situaci\u00f3n de aquellas jurisdicciones que carecen de una legislaci\u00f3n local que regule la mediaci\u00f3n prejudicial, que han creado recientemente su respectivo r\u00e9gimen normativo, o que poseen mecanismos de resoluci\u00f3n de conflictos a trav\u00e9s de estructuras judiciales o centros especializados incompatibles con el r\u00e9gimen nacional de mediaci\u00f3n y sus normas complementarias.<\/p>\n<p class=\"wp-block-paragraph\">Que la DIRECCI\u00d3N NACIONAL DE MEDIACI\u00d3N Y M\u00c9TODOS PARTICIPATIVOS DE RESOLUCI\u00d3N DE CONFLICTOS dependiente de la SUBSECRETAR\u00cdA DE ACCESO A LA JUSTICIA de la SECRETAR\u00cdA DE POL\u00cdTICAS DE VINCULACI\u00d3N CIUDADANA de este Ministerio, como organismo competente en la materia, monitorea peri\u00f3dicamente el funcionamiento del PROMESA.<\/p>\n<p class=\"wp-block-paragraph\">Que los datos obtenidos desde la puesta en marcha del PROMESA exhiben un aumento progresivo de su utilizaci\u00f3n en todo el territorio nacional.<\/p>\n<p class=\"wp-block-paragraph\">Que deviene propicio fortalecer el PROMESA como mecanismo de resoluci\u00f3n de controversias orientado a facilitar la soluci\u00f3n consensuada, reducir la judicializaci\u00f3n y promover una respuesta institucional temprana y eficiente, coadyuvando a los principios de econom\u00eda procesal y celeridad.<\/p>\n<p class=\"wp-block-paragraph\">Que, en tal sentido, resulta necesario prorrogar las previsiones del art\u00edculo 9\u00ba de la Resoluci\u00f3n Conjunta N\u00b0&nbsp;1\/2025 del MINISTERIO DE JUSTICIA y del MINISTERIO DE SALUD por DOS (2) a\u00f1os a partir de su vencimiento, a efectos de consolidar la distribuci\u00f3n homog\u00e9nea de mediadores habilitados en el Registro de Mediadores en Materia de Salud en todo el territorio nacional y asegurar el acceso al PROMESA.<\/p>\n<p class=\"wp-block-paragraph\">Que el servicio permanente de asesoramiento jur\u00eddico de este Ministerio ha tomado la intervenci\u00f3n de su competencia.<\/p>\n<p class=\"wp-block-paragraph\">Que la presente se dicta conforme a las atribuciones conferidas por los art\u00edculos 22, inciso 20, de la Ley de Ministerios (T.O. por Decreto N\u00b0&nbsp;438 del 12 de marzo de 1992) y sus modificaciones, 2\u00b0 del Decreto N\u00ba&nbsp;1467\/2011 y su modificatorio y 4\u00b0 del Decreto N\u00b0&nbsp;379\/2025.<\/p>\n<p class=\"wp-block-paragraph\">Por ello,<\/p>\n<p class=\"wp-block-paragraph\">EL MINISTRO DE JUSTICIA<\/p>\n<p class=\"wp-block-paragraph\">RESUELVE:<\/p>\n<p class=\"wp-block-paragraph\">ART\u00cdCULO 1\u00b0.- Prorr\u00f3ganse, a partir de su vencimiento y por el plazo de DOS (2) a\u00f1os, los t\u00e9rminos del art\u00edculo 9\u00ba de la Resoluci\u00f3n Conjunta N\u00b0&nbsp;1\/2025 del MINISTERIO DE JUSTICIA y del MINISTERIO DE SALUD.<\/p>\n<p class=\"wp-block-paragraph\">ART\u00cdCULO 2\u00b0.- La presente resoluci\u00f3n entrar\u00e1 en vigencia a partir del d\u00eda de su publicaci\u00f3n en el BOLET\u00cdN OFICIAL.<\/p>\n<p class=\"wp-block-paragraph\">ART\u00cdCULO 3\u00b0.- Comun\u00edquese, publ\u00edquese, dese a la DIRECCI\u00d3N NACIONAL DEL REGISTRO OFICIAL y arch\u00edvese.<\/p>\n<p class=\"wp-block-paragraph\">Juan Bautista Mahiques<\/p>\n<p class=\"wp-block-paragraph\"><strong>N. de R.- Publicada en el Bolet\u00edn Oficial de la Naci\u00f3n N\u00ba 35.983 del 1 de septiembre de 2026.<\/strong><\/p>\n","protected":false},"excerpt":{"rendered":"<p>El Ministerio de Justicia prorrog\u00f3 por dos a\u00f1os el plazo transitorio que permite a los mediadores inscriptos en registros provinciales desempe\u00f1arse en el sistema de mediaci\u00f3n prejudicial en materia de salud (Promesa). La medida, seg\u00fan el gobierno, intenta consolidar una distribuci\u00f3n federal y homog\u00e9nea de profesionales habilitados, agilizar la resoluci\u00f3n de conflictos sanitarios y evitar [&hellip;]<\/p>\n","protected":false},"author":1,"featured_media":55698,"comment_status":"open","ping_status":"closed","sticky":false,"template":"","format":"standard","meta":{"om_disable_all_campaigns":false,"_monsterinsights_skip_tracking":false,"_monsterinsights_sitenote_active":false,"_monsterinsights_sitenote_note":"","_monsterinsights_sitenote_category":0},"categories":[21],"tags":[],"aioseo_notices":[],"_links":{"self":[{"href":"https:\/\/economiapoliticacba.com\/index.php?rest_route=\/wp\/v2\/posts\/55697"}],"collection":[{"href":"https:\/\/economiapoliticacba.com\/index.php?rest_route=\/wp\/v2\/posts"}],"about":[{"href":"https:\/\/economiapoliticacba.com\/index.php?rest_route=\/wp\/v2\/types\/post"}],"author":[{"embeddable":true,"href":"https:\/\/economiapoliticacba.com\/index.php?rest_route=\/wp\/v2\/users\/1"}],"replies":[{"embeddable":true,"href":"https:\/\/economiapoliticacba.com\/index.php?rest_route=%2Fwp%2Fv2%2Fcomments&post=55697"}],"version-history":[{"count":0,"href":"https:\/\/economiapoliticacba.com\/index.php?rest_route=\/wp\/v2\/posts\/55697\/revisions"}],"wp:featuredmedia":[{"embeddable":true,"href":"https:\/\/economiapoliticacba.com\/index.php?rest_route=\/wp\/v2\/media\/55698"}],"wp:attachment":[{"href":"https:\/\/economiapoliticacba.com\/index.php?rest_route=%2Fwp%2Fv2%2Fmedia&parent=55697"}],"wp:term":[{"taxonomy":"category","embeddable":true,"href":"https:\/\/economiapoliticacba.com\/index.php?rest_route=%2Fwp%2Fv2%2Fcategories&post=55697"},{"taxonomy":"post_tag","embeddable":true,"href":"https:\/\/economiapoliticacba.com\/index.php?rest_route=%2Fwp%2Fv2%2Ftags&post=55697"}],"curies":[{"name":"wp","href":"https:\/\/api.w.org\/{rel}","templated":true}]}}