{"id":55680,"date":"2026-09-02T22:58:00","date_gmt":"2026-09-02T22:58:00","guid":{"rendered":"http:\/\/6a98a92847c9f2d40a2be2b3"},"modified":"2026-09-02T22:58:00","modified_gmt":"2026-09-02T22:58:00","slug":"homenaje-federal-a-messi-la-afa-frenara-todos-los-partidos-para-reconocer-al-10","status":"publish","type":"post","link":"https:\/\/economiapoliticacba.com\/?p=55680","title":{"rendered":"Homenaje federal a Messi: la AFA frenar\u00e1 todos los partidos para reconocer al \u201c10\u201d"},"content":{"rendered":"<p><img src=\"http:\/\/economiapoliticacba.com\/wp-content\/uploads\/2026\/09\/homenaje-federal-a-messi-la-afa-frenara-todos-los-partidos-para-reconocer-al-10.jpg\"><\/p>\n<p>La Asociaci\u00f3n del F\u00fatbol Argentino (AFA) dispuso un <strong>homenaje federal para Lionel Messi<\/strong>. En la pr\u00f3xima fecha, todos los partidos de las competencias oficiales deber\u00e1n detenerse moment\u00e1neamente para reconocer la trayectoria del capit\u00e1n de la Selecci\u00f3n Argentina.<\/p>\n<figure class=\"multimedia\" data-tadevel-template=\"web\/multimedia\" data-type=\"photo\">\n<div class=\"content\">\n<div class=\"sizer\" data-sizer=\"aspect-ratio\" data-tadevel-template=\"web\/aspect-ratio\"><img alt=\"Homenaje federal a Messi: la AFA frenar\u00e1 todos los partidos para reconocer al \u201c10\u201d\" loading=\"lazy\"><\/div>\n<\/div><figcaption class=\"caption\">\n<div class=\"attribution\">Foto: An\u00edbal Greco<\/div>\n<\/figcaption><\/figure>\n<p>La resoluci\u00f3n fue oficializada a trav\u00e9s del <strong>Bolet\u00edn N\u00b0 6940<\/strong> y alcanza a las categor\u00edas masculinas y femeninas, tanto en f\u00fatbol de once como en futsal y f\u00fatbol playa.<\/p>\n<figure class=\"multimedia\" data-html data-tadevel-template=\"web\/multimedia\" data-type=\"rich\" data-url=\"https:\/\/x.com\/LigaAFA\/status\/2095240732059554084\"><figcaption class=\"caption\">\n<div class=\"description\">X de Liga Profesional de F\u00fatbol<\/div>\n<\/figcaption><\/figure>\n<p>El homenaje tendr\u00e1 lugar <strong>exactamente a los 10 minutos del primer tiempo<\/strong>. En ese momento, el \u00e1rbitro parar\u00e1 el partido y se realizar\u00e1 <strong>un minuto de aplausos en todas las canchas del pa\u00eds<\/strong>.<\/p>\n<p>En la <strong>Liga Profesional<\/strong>, la iniciativa se llevar\u00e1 adelante durante este fin de semana, en la <strong>fecha 8<\/strong>. La intenci\u00f3n de la AFA es que el reconocimiento se replique de manera simult\u00e1nea en todo el pa\u00eds, como tributo a la carrera de Messi con la camiseta albiceleste.<\/p>\n","protected":false},"excerpt":{"rendered":"<p>La Asociaci\u00f3n del F\u00fatbol Argentino (AFA) dispuso un homenaje federal para Lionel Messi. En la pr\u00f3xima fecha, todos los partidos de las competencias oficiales deber\u00e1n detenerse moment\u00e1neamente para reconocer la trayectoria del capit\u00e1n de la Selecci\u00f3n Argentina. Foto: An\u00edbal Greco La resoluci\u00f3n fue oficializada a trav\u00e9s del Bolet\u00edn N\u00b0 6940 y alcanza a las categor\u00edas [&hellip;]<\/p>\n","protected":false},"author":1,"featured_media":55681,"comment_status":"closed","ping_status":"closed","sticky":false,"template":"","format":"standard","meta":{"om_disable_all_campaigns":false,"_monsterinsights_skip_tracking":false,"_monsterinsights_sitenote_active":false,"_monsterinsights_sitenote_note":"","_monsterinsights_sitenote_category":0},"categories":[18],"tags":[],"aioseo_notices":[],"_links":{"self":[{"href":"https:\/\/economiapoliticacba.com\/index.php?rest_route=\/wp\/v2\/posts\/55680"}],"collection":[{"href":"https:\/\/economiapoliticacba.com\/index.php?rest_route=\/wp\/v2\/posts"}],"about":[{"href":"https:\/\/economiapoliticacba.com\/index.php?rest_route=\/wp\/v2\/types\/post"}],"author":[{"embeddable":true,"href":"https:\/\/economiapoliticacba.com\/index.php?rest_route=\/wp\/v2\/users\/1"}],"replies":[{"embeddable":true,"href":"https:\/\/economiapoliticacba.com\/index.php?rest_route=%2Fwp%2Fv2%2Fcomments&post=55680"}],"version-history":[{"count":0,"href":"https:\/\/economiapoliticacba.com\/index.php?rest_route=\/wp\/v2\/posts\/55680\/revisions"}],"wp:featuredmedia":[{"embeddable":true,"href":"https:\/\/economiapoliticacba.com\/index.php?rest_route=\/wp\/v2\/media\/55681"}],"wp:attachment":[{"href":"https:\/\/economiapoliticacba.com\/index.php?rest_route=%2Fwp%2Fv2%2Fmedia&parent=55680"}],"wp:term":[{"taxonomy":"category","embeddable":true,"href":"https:\/\/economiapoliticacba.com\/index.php?rest_route=%2Fwp%2Fv2%2Fcategories&post=55680"},{"taxonomy":"post_tag","embeddable":true,"href":"https:\/\/economiapoliticacba.com\/index.php?rest_route=%2Fwp%2Fv2%2Ftags&post=55680"}],"curies":[{"name":"wp","href":"https:\/\/api.w.org\/{rel}","templated":true}]}}