{"id":55676,"date":"2026-09-02T21:33:04","date_gmt":"2026-09-02T21:33:04","guid":{"rendered":"https:\/\/canalshowsport.com.ar\/?p=73609"},"modified":"2026-09-02T21:33:04","modified_gmt":"2026-09-02T21:33:04","slug":"comenzo-la-era-de-felippe-en-talleres-asi-es-su-cuerpo-tecnico","status":"publish","type":"post","link":"https:\/\/economiapoliticacba.com\/?p=55676","title":{"rendered":"Comenz\u00f3 la era De Felippe en Talleres: as\u00ed es su cuerpo t\u00e9cnico"},"content":{"rendered":"<p class=\"wp-block-paragraph\">El ciclo de <strong>Omar De Felippe<\/strong> en <strong>Talleres <\/strong>puso primera. Este mi\u00e9rcoles, el <a href=\"https:\/\/canalshowsport.com.ar\/el-elegido-omar-de-felippe-sera-el-nuevo-entrenador-talleres\/\">entrenador<\/a> de 64 a\u00f1os dirigi\u00f3 su primera pr\u00e1ctica en el &#8220;Matador&#8221;. Fue un entrenamiento a puertas abiertas, con presencia de socios y periodistas.<\/p>\n<p class=\"wp-block-paragraph\">Talleres tambi\u00e9n anunci\u00f3 c\u00f3mo estar\u00e1 conformado el cuerpo t\u00e9cnico del oriundo de Mataderos. <strong>Walter De Felippe<\/strong>, hermano de Omar, ser\u00e1 uno de los ayudantes de campo. Walter trabaj\u00f3 con Omar en los distintos clubes que este dirigi\u00f3.<\/p>\n<figure class=\"wp-block-image size-full\"><img loading=\"lazy\" decoding=\"async\" width=\"1350\" height=\"1687\" src=\"http:\/\/economiapoliticacba.com\/wp-content\/uploads\/2026\/09\/comenzo-la-era-de-felippe-en-talleres-asi-es-su-cuerpo-tecnico.jpg\" alt class=\"wp-image-73614\"><figcaption class=\"wp-element-caption\">Cristian Zermatten<\/figcaption><\/figure>\n<p class=\"wp-block-paragraph\">El otro ayudante de campo es <strong>Cristian Zermatten<\/strong>, de amplio recorrido como entrenador de juveniles. Fue DT de la reserva de Argentinos Juniors desde 2020 hasta 2024, con dos interinatos en la Primera.<\/p>\n<p class=\"wp-block-paragraph\"><strong>Facundo Peralta<\/strong> ocupar\u00e1 el rol de preparador f\u00edsico. Peralta trabaj\u00f3 en varios clubes, destac\u00e1ndose su paso por <strong>Universidad Cat\u00f3lica<\/strong> de <strong>Chile <\/strong>durante el ciclo de Ariel Holan y con este mismo entrenador en <strong>Le\u00f3n <\/strong>de <strong>M\u00e9xico<\/strong>.<\/p>\n<figure class=\"wp-block-image size-full\"><img loading=\"lazy\" decoding=\"async\" width=\"640\" height=\"1138\" src=\"http:\/\/economiapoliticacba.com\/wp-content\/uploads\/2026\/09\/comenzo-la-era-de-felippe-en-talleres-asi-es-su-cuerpo-tecnico-1.jpg\" alt class=\"wp-image-73615\" srcset=\"http:\/\/economiapoliticacba.com\/wp-content\/uploads\/2026\/09\/comenzo-la-era-de-felippe-en-talleres-asi-es-su-cuerpo-tecnico-1.jpg 640w, http:\/\/economiapoliticacba.com\/wp-content\/uploads\/2026\/09\/comenzo-la-era-de-felippe-en-talleres-asi-es-su-cuerpo-tecnico-2.jpg 14w, http:\/\/economiapoliticacba.com\/wp-content\/uploads\/2026\/09\/comenzo-la-era-de-felippe-en-talleres-asi-es-su-cuerpo-tecnico-3.jpg 20w, http:\/\/economiapoliticacba.com\/wp-content\/uploads\/2026\/09\/comenzo-la-era-de-felippe-en-talleres-asi-es-su-cuerpo-tecnico-4.jpg 27w\" sizes=\"(max-width: 640px) 100vw, 640px\"><figcaption class=\"wp-element-caption\">Alfredo Rodr\u00edguez<\/figcaption><\/figure>\n<p class=\"wp-block-paragraph\">Por \u00faltimo, el entrenador de arqueros ser\u00e1 <strong>Alfredo Rodr\u00edguez<\/strong>. El &#8220;Mono&#8221; tiene un vasto recorrido ocupando este rol en todas las categor\u00edas del f\u00fatbol argentino. Hace ya varios a\u00f1os que Rodr\u00edguez trabaja con De Felippe en los distintos clubes que Omar ha dirigido.<\/p>\n<figure class=\"wp-block-embed is-type-wp-embed is-provider-canal-showsport wp-block-embed-canal-showsport\"><\/figure>\n","protected":false},"excerpt":{"rendered":"<p>El ciclo de Omar De Felippe en Talleres puso primera. Este mi\u00e9rcoles, el entrenador de 64 a\u00f1os dirigi\u00f3 su primera pr\u00e1ctica en el &#8220;Matador&#8221;. Fue un entrenamiento a puertas abiertas, con presencia de socios y periodistas. Talleres tambi\u00e9n anunci\u00f3 c\u00f3mo estar\u00e1 conformado el cuerpo t\u00e9cnico del oriundo de Mataderos. Walter De Felippe, hermano de Omar, [&hellip;]<\/p>\n","protected":false},"author":1,"featured_media":55677,"comment_status":"closed","ping_status":"closed","sticky":false,"template":"","format":"standard","meta":{"om_disable_all_campaigns":false,"_monsterinsights_skip_tracking":false,"_monsterinsights_sitenote_active":false,"_monsterinsights_sitenote_note":"","_monsterinsights_sitenote_category":0},"categories":[16],"tags":[35,3599,36,2865],"aioseo_notices":[],"_links":{"self":[{"href":"https:\/\/economiapoliticacba.com\/index.php?rest_route=\/wp\/v2\/posts\/55676"}],"collection":[{"href":"https:\/\/economiapoliticacba.com\/index.php?rest_route=\/wp\/v2\/posts"}],"about":[{"href":"https:\/\/economiapoliticacba.com\/index.php?rest_route=\/wp\/v2\/types\/post"}],"author":[{"embeddable":true,"href":"https:\/\/economiapoliticacba.com\/index.php?rest_route=\/wp\/v2\/users\/1"}],"replies":[{"embeddable":true,"href":"https:\/\/economiapoliticacba.com\/index.php?rest_route=%2Fwp%2Fv2%2Fcomments&post=55676"}],"version-history":[{"count":0,"href":"https:\/\/economiapoliticacba.com\/index.php?rest_route=\/wp\/v2\/posts\/55676\/revisions"}],"wp:featuredmedia":[{"embeddable":true,"href":"https:\/\/economiapoliticacba.com\/index.php?rest_route=\/wp\/v2\/media\/55677"}],"wp:attachment":[{"href":"https:\/\/economiapoliticacba.com\/index.php?rest_route=%2Fwp%2Fv2%2Fmedia&parent=55676"}],"wp:term":[{"taxonomy":"category","embeddable":true,"href":"https:\/\/economiapoliticacba.com\/index.php?rest_route=%2Fwp%2Fv2%2Fcategories&post=55676"},{"taxonomy":"post_tag","embeddable":true,"href":"https:\/\/economiapoliticacba.com\/index.php?rest_route=%2Fwp%2Fv2%2Ftags&post=55676"}],"curies":[{"name":"wp","href":"https:\/\/api.w.org\/{rel}","templated":true}]}}