{"id":55652,"date":"2026-09-02T00:51:37","date_gmt":"2026-09-02T00:51:37","guid":{"rendered":"https:\/\/canalshowsport.com.ar\/?p=73474"},"modified":"2026-09-02T00:51:37","modified_gmt":"2026-09-02T00:51:37","slug":"basquet-instituto-ya-tiene-entrenador-y-avanza-en-el-armado-de-las-gloriosas","status":"publish","type":"post","link":"https:\/\/economiapoliticacba.com\/?p=55652","title":{"rendered":"B\u00e1squet: Instituto ya tiene entrenador y avanza en el armado de las &#8220;Gloriosas&#8221;"},"content":{"rendered":"<p class=\"wp-block-paragraph\"><strong><a href=\"https:\/\/www.canalshowsport.com.ar\/category\/basquet\/instituto\">Instituto<\/a><\/strong> comienza a darle forma a su proyecto para la temporada 2026\/2027 de la <strong>Liga Femenina Nacional <\/strong>y lo hace con varias novedades. El club de Alta C\u00f3rdoba confirm\u00f3 a <strong>Rub\u00e9n Jaime <\/strong>como nuevo entrenador y avanz\u00f3 con un plantel que combina incorporaciones, renovaciones y juventud.<\/p>\n<p class=\"wp-block-paragraph\">Jaime, que viene de conducir a El Bigu\u00e1 de Neuqu\u00e9n, tendr\u00e1 su primera experiencia al frente de Instituto. El entrenador trabaj\u00f3 durante varios a\u00f1os en las divisiones formativas de la instituci\u00f3n neuquina, en ambas ramas, antes de asumir el equipo femenino en la m\u00e1xima categor\u00eda. Adem\u00e1s, en 2024 fue asistente t\u00e9cnico de ABA Ancud en la Liga Nacional de B\u00e1squetbol de Chile.<\/p>\n<figure class=\"wp-block-image size-large\"><img decoding=\"async\" src=\"http:\/\/economiapoliticacba.com\/wp-content\/uploads\/2026\/09\/basquet-instituto-ya-tiene-entrenador-y-avanza-en-el-armado-de-las-gloriosas.jpg\" alt><\/figure>\n<p class=\"wp-block-paragraph\"><em>\u201cLlegar a Instituto representa un desaf\u00edo enorme y una gran alegr\u00eda. Es un club grande y protagonista del b\u00e1squet nacional, y esta oportunidad es un orgullo y una responsabilidad que asumo con much\u00edsimas ganas\u201d<\/em>, expres\u00f3 el nuevo DT.<\/p>\n<h4 class=\"wp-block-heading\"><strong>Nuevas caras en Alta C\u00f3rdoba<\/strong><\/h4>\n<p class=\"wp-block-paragraph\">Entre las principales caras nuevas aparece <strong>Patricia Sosa Lora<\/strong>. La pivote dominicana, de 1,88 metros, llega desde Coppin State, de la NCAA Divisi\u00f3n I, y cuenta con experiencia en la selecci\u00f3n de su pa\u00eds. Disput\u00f3 la AmeriCup 2025 y los recientes Clasificatorios Centrobasket, donde Rep\u00fablica Dominicana termin\u00f3 tercera. En seis partidos promedi\u00f3 5,3 puntos y 7,2 rebotes.<\/p>\n<blockquote class=\"twitter-tweet\" data-media-max-width=\"560\" readability=\"4.638036809816\">\n<p lang=\"es\" dir=\"ltr\">\ud83d\udcd5 Tres nuevas caras, tres nuevas figuritas para las Gloriosas<a href=\"https:\/\/x.com\/hashtag\/VamosGloria?src=hash&amp;ref_src=twsrc%5Etfw\">#VamosGloria<\/a> \ud83c\udde6\ud83c\uddf9 <a href=\"https:\/\/t.co\/nJIbj4o0F0\">pic.twitter.com\/nJIbj4o0F0<\/a><\/p>\n<p>\u2014 Instituto ACC (@InstitutoACC) <a href=\"https:\/\/x.com\/InstitutoACC\/status\/2094881256068534770?ref_src=twsrc%5Etfw\">September 1, 2026<\/a><\/p><\/blockquote>\n<p class=\"wp-block-paragraph\">Tambi\u00e9n se incorporaron <strong>Roc\u00edo Cejas, Lara Tribouley y la mexicana Yarelli Padilla<\/strong>. Cejas viene de El Talar, Tribouley del campe\u00f3n Ferro y Padilla de Marinas Hersa.<\/p>\n<p class=\"wp-block-paragraph\">A su vez, Instituto retuvo a <strong>Cecilia Acevedo y Chiara De Virgilio,<\/strong> adem\u00e1s de <strong>Luj\u00e1n S\u00e1ez, Emilia Villar, Paulina Fissolo, Joaquina Stopello y Victoria Corazza. <\/strong>Tambi\u00e9n se sum\u00f3 la juvenil <strong>Victoria Sironi,<\/strong> de 17 a\u00f1os.<\/p>\n<figure class=\"wp-block-image size-large\"><img decoding=\"async\" src=\"http:\/\/economiapoliticacba.com\/wp-content\/uploads\/2026\/09\/basquet-instituto-ya-tiene-entrenador-y-avanza-en-el-armado-de-las-gloriosas-1.jpg\" alt><figcaption class=\"wp-element-caption\">Yareli Padilla.<\/figcaption><\/figure>\n","protected":false},"excerpt":{"rendered":"<p>Instituto comienza a darle forma a su proyecto para la temporada 2026\/2027 de la Liga Femenina Nacional y lo hace con varias novedades. El club de Alta C\u00f3rdoba confirm\u00f3 a Rub\u00e9n Jaime como nuevo entrenador y avanz\u00f3 con un plantel que combina incorporaciones, renovaciones y juventud. Jaime, que viene de conducir a El Bigu\u00e1 de [&hellip;]<\/p>\n","protected":false},"author":1,"featured_media":55653,"comment_status":"closed","ping_status":"closed","sticky":false,"template":"","format":"standard","meta":{"om_disable_all_campaigns":false,"_monsterinsights_skip_tracking":false,"_monsterinsights_sitenote_active":false,"_monsterinsights_sitenote_note":"","_monsterinsights_sitenote_category":0},"categories":[16],"tags":[115,63,3118],"aioseo_notices":[],"_links":{"self":[{"href":"https:\/\/economiapoliticacba.com\/index.php?rest_route=\/wp\/v2\/posts\/55652"}],"collection":[{"href":"https:\/\/economiapoliticacba.com\/index.php?rest_route=\/wp\/v2\/posts"}],"about":[{"href":"https:\/\/economiapoliticacba.com\/index.php?rest_route=\/wp\/v2\/types\/post"}],"author":[{"embeddable":true,"href":"https:\/\/economiapoliticacba.com\/index.php?rest_route=\/wp\/v2\/users\/1"}],"replies":[{"embeddable":true,"href":"https:\/\/economiapoliticacba.com\/index.php?rest_route=%2Fwp%2Fv2%2Fcomments&post=55652"}],"version-history":[{"count":0,"href":"https:\/\/economiapoliticacba.com\/index.php?rest_route=\/wp\/v2\/posts\/55652\/revisions"}],"wp:featuredmedia":[{"embeddable":true,"href":"https:\/\/economiapoliticacba.com\/index.php?rest_route=\/wp\/v2\/media\/55653"}],"wp:attachment":[{"href":"https:\/\/economiapoliticacba.com\/index.php?rest_route=%2Fwp%2Fv2%2Fmedia&parent=55652"}],"wp:term":[{"taxonomy":"category","embeddable":true,"href":"https:\/\/economiapoliticacba.com\/index.php?rest_route=%2Fwp%2Fv2%2Fcategories&post=55652"},{"taxonomy":"post_tag","embeddable":true,"href":"https:\/\/economiapoliticacba.com\/index.php?rest_route=%2Fwp%2Fv2%2Ftags&post=55652"}],"curies":[{"name":"wp","href":"https:\/\/api.w.org\/{rel}","templated":true}]}}