{"id":55650,"date":"2026-09-01T20:01:35","date_gmt":"2026-09-01T20:01:35","guid":{"rendered":"https:\/\/comercioyjusticia.info\/?p=536593"},"modified":"2026-09-01T20:01:35","modified_gmt":"2026-09-01T20:01:35","slug":"por-razones-sanitarias-la-union-europea-suspendio-la-importacion-de-carne-de-brasil","status":"publish","type":"post","link":"https:\/\/economiapoliticacba.com\/?p=55650","title":{"rendered":"Por razones sanitarias, la Uni\u00f3n Europea suspendi\u00f3 la importaci\u00f3n de carne de Brasil"},"content":{"rendered":"<div><img src=\"https:\/\/comercioyjusticia.info\/wp-content\/uploads\/2022\/09\/Carne-e1663556552700-jpg.webp\" class=\"ff-og-image-inserted\"><\/div>\n<p class=\"wp-block-paragraph\">La Comisi\u00f3n Europea (CE) inform\u00f3 que la Uni\u00f3n Europea (UE) suspender\u00e1 desde el jueves 3 de septiembre la importaci\u00f3n de carne vacuna y de aves de corral procedente de&nbsp;Brasil. La decisi\u00f3n tambi\u00e9n abarca a los huevos y a la miel.<\/p>\n<p class=\"wp-block-paragraph\"><strong>La medida refleja la preocupaci\u00f3n del bloque por el cumplimiento de sus normas sanitarias, especialmente las vinculadas al uso intensivo de antibi\u00f3ticos en la producci\u00f3n.<\/strong> Lleg\u00f3 meses despu\u00e9s de la entrada en vigor provisional del acuerdo comercial entre la UE y el Mercosur, que comenz\u00f3 a aplicarse el 1 de mayo. El pacto busca reducir barreras comerciales entre los dos bloques, pero tambi\u00e9n gener\u00f3 preocupaci\u00f3n entre productores europeos, especialmente en el sector ganadero, que reclaman&nbsp;mayores garant\u00edas sobre las condiciones sanitarias y productivas de las importaciones.<\/p>\n<p class=\"wp-block-paragraph\">Bruselas considera que&nbsp;<strong>Brasil a\u00fan no aport\u00f3 las garant\u00edas necesarias&nbsp;para demostrar que sus productos cumplen con los requisitos europeos.<\/strong> En consecuencia, la prohibici\u00f3n se aplicar\u00e1 hasta que ofrezca pruebas suficientes sobre sus pr\u00e1cticas sanitarias y el control del uso de antimicrobianos.<\/p>\n","protected":false},"excerpt":{"rendered":"<p>La Comisi\u00f3n Europea (CE) inform\u00f3 que la Uni\u00f3n Europea (UE) suspender\u00e1 desde el jueves 3 de septiembre la importaci\u00f3n de carne vacuna y de aves de corral procedente de&nbsp;Brasil. La decisi\u00f3n tambi\u00e9n abarca a los huevos y a la miel. La medida refleja la preocupaci\u00f3n del bloque por el cumplimiento de sus normas sanitarias, especialmente [&hellip;]<\/p>\n","protected":false},"author":1,"featured_media":55651,"comment_status":"open","ping_status":"closed","sticky":false,"template":"","format":"standard","meta":{"om_disable_all_campaigns":false,"_monsterinsights_skip_tracking":false,"_monsterinsights_sitenote_active":false,"_monsterinsights_sitenote_note":"","_monsterinsights_sitenote_category":0},"categories":[21],"tags":[],"aioseo_notices":[],"_links":{"self":[{"href":"https:\/\/economiapoliticacba.com\/index.php?rest_route=\/wp\/v2\/posts\/55650"}],"collection":[{"href":"https:\/\/economiapoliticacba.com\/index.php?rest_route=\/wp\/v2\/posts"}],"about":[{"href":"https:\/\/economiapoliticacba.com\/index.php?rest_route=\/wp\/v2\/types\/post"}],"author":[{"embeddable":true,"href":"https:\/\/economiapoliticacba.com\/index.php?rest_route=\/wp\/v2\/users\/1"}],"replies":[{"embeddable":true,"href":"https:\/\/economiapoliticacba.com\/index.php?rest_route=%2Fwp%2Fv2%2Fcomments&post=55650"}],"version-history":[{"count":0,"href":"https:\/\/economiapoliticacba.com\/index.php?rest_route=\/wp\/v2\/posts\/55650\/revisions"}],"wp:featuredmedia":[{"embeddable":true,"href":"https:\/\/economiapoliticacba.com\/index.php?rest_route=\/wp\/v2\/media\/55651"}],"wp:attachment":[{"href":"https:\/\/economiapoliticacba.com\/index.php?rest_route=%2Fwp%2Fv2%2Fmedia&parent=55650"}],"wp:term":[{"taxonomy":"category","embeddable":true,"href":"https:\/\/economiapoliticacba.com\/index.php?rest_route=%2Fwp%2Fv2%2Fcategories&post=55650"},{"taxonomy":"post_tag","embeddable":true,"href":"https:\/\/economiapoliticacba.com\/index.php?rest_route=%2Fwp%2Fv2%2Ftags&post=55650"}],"curies":[{"name":"wp","href":"https:\/\/api.w.org\/{rel}","templated":true}]}}