{"id":55646,"date":"2026-09-01T23:27:24","date_gmt":"2026-09-01T23:27:24","guid":{"rendered":"https:\/\/comercioyjusticia.info\/?p=536611"},"modified":"2026-09-01T23:27:24","modified_gmt":"2026-09-01T23:27:24","slug":"fracaso-la-paritaria-y-habra-paro-nacional-universitario-este-miercoles-la-situacion-salarial-es-acuciante","status":"publish","type":"post","link":"https:\/\/economiapoliticacba.com\/?p=55646","title":{"rendered":"Fracas\u00f3 la paritaria y habr\u00e1 paro nacional universitario este mi\u00e9rcoles: \u201cLa situaci\u00f3n salarial es acuciante\u201d"},"content":{"rendered":"<div><img src=\"https:\/\/comercioyjusticia.info\/wp-content\/uploads\/2026\/09\/Paro-Nacional.webp\" class=\"ff-og-image-inserted\"><\/div>\n<p class=\"wp-block-paragraph\"><em>El Gobierno ofreci\u00f3 un aumento del 3% para septiembre y las federaciones docentes y no docentes rechazaron la propuesta. Leticia Medina, secretaria general de Adiuc en C\u00f3rdoba, calific\u00f3 de \u201cirrisoria\u201d la propuesta. Mientras, el juez federal Mart\u00edn Cormick intim\u00f3 al Gobierno a informar en un plazo de tres d\u00edas el grado de cumplimiento de la Ley de Financiamiento Universitario<\/em><\/p>\n<p class=\"wp-block-paragraph\">La reuni\u00f3n entre el<strong> <a href=\"https:\/\/www.argentina.gob.ar\/capital-humano\">Ministerio de Capital Humano<\/a> <\/strong>y los representantes de los <strong>gremios docentes y no docentes de las universidades nacionales <\/strong>termin\u00f3 <strong>sin acuerdo <\/strong>y deriv\u00f3 en un nuevo<strong> paro de 24 horas para este mi\u00e9rcoles 2 de septiembre.<\/strong> La convocatoria ten\u00eda como objetivo avanzar en una recomposici\u00f3n salarial, en un contexto de fuerte reclamo sindical por la p\u00e9rdida del poder adquisitivo de los trabajadores universitarios.<\/p>\n<p class=\"wp-block-paragraph\">Seg\u00fan inform\u00f3 a trav\u00e9s de un comunicado la cartera que conduce Sandra Pettovello, durante el encuentro encabezado por el subsecretario de Pol\u00edticas Universitarias, Alejandro \u00c1lvarez, el Gobierno present\u00f3 una oferta que contempla un aumento del 3% para septiembre y la ratificaci\u00f3n del incremento del 3% previsto para octubre, porcentaje que, de acuerdo con el Ministerio de Capital Humano, hab\u00eda sido acordado y comprometido formalmente en las mesas de negociaci\u00f3n de junio.<\/p>\n<p class=\"wp-block-paragraph\">Sin embargo, la propuesta fue rechazada por el Frente Sindical Universitario. Para los gremios, el porcentaje resulta insuficiente frente al deterioro acumulado de los ingresos y tampoco resuelve el reclamo vinculado con el cumplimiento de la Ley de Financiamiento Universitario.<\/p>\n<p><strong>\u201cPropuesta irrisoria\u201d<\/strong><\/p>\n<p class=\"wp-block-paragraph\">La secretaria general de la <strong>Asociaci\u00f3n de Docentes e Investigadores Universitarios de C\u00f3rdoba <a href=\"https:\/\/adiuc.org.ar\/\">(Adiuc)<\/a>, Leticia Medina<\/strong>, cuestion\u00f3 duramente el resultado de la reuni\u00f3n y puso el eje en la p\u00e9rdida salarial acumulada desde diciembre de 2023.<\/p>\n<p class=\"wp-block-paragraph\">En di\u00e1logo con <strong>Comercio y Justicia<\/strong>, se\u00f1al\u00f3: \u201c\u00cdbamos con una expectativa de que el Gobierno llevara una propuesta para recomponer el 32% del salario que nos debe en funci\u00f3n de la ca\u00edda que se viene registrando de los salarios docentes y no docentes desde diciembre de 2023\u201d, sostuvo.<\/p>\n<p class=\"wp-block-paragraph\">Medina record\u00f3 que el 10 de junio se hab\u00eda producido un avance en las negociaciones, con un acuerdo que contemplaba un incremento del 21%. Sin embargo, se\u00f1al\u00f3 que posteriormente la Justicia mantuvo vigente la medida cautelar vinculada con el financiamiento universitario.<\/p>\n<p class=\"wp-block-paragraph\">En ese marco, afirm\u00f3 que la situaci\u00f3n actual exige una recomposici\u00f3n inmediata y cuestion\u00f3 el planteo llevado por el Gobierno a la mesa paritaria: \u201c<strong>El Gobierno fue con una propuesta irrisoria <\/strong>y con una actitud absolutamente improductiva para la negociaci\u00f3n\u201d, resalt\u00f3 la dirigente gremial.<\/p>\n<p class=\"wp-block-paragraph\">Seg\u00fan relat\u00f3, durante el encuentro los representantes sindicales preguntaron en concepto de qu\u00e9 se otorgar\u00eda el <strong>3% ofrecido para septiembre.<\/strong> \u201cDijeron en concepto de lo que quieran\u201d, afirm\u00f3 Medina, quien consider\u00f3 que esa respuesta no permite establecer una referencia clara para la evoluci\u00f3n de los salarios frente a la inflaci\u00f3n.<\/p>\n<p class=\"wp-block-paragraph\">\u201cEso no genera ninguna certeza de c\u00f3mo se va a cumplir la inflaci\u00f3n de los meses que vienen y much\u00edsimo menos la recomposici\u00f3n de lo que todav\u00eda nos deben\u201d, sostuvo.<\/p>\n<p class=\"wp-block-paragraph\"><strong>Paro en todas las universidades<br \/><\/strong><br \/>Tras el fracaso de la negociaci\u00f3n, las federaciones docentes y no docentes resolvieron avanzar con una medida de fuerza de alcance nacional.<\/p>\n<p class=\"wp-block-paragraph\">\u201cVamos al paro todas las federaciones docentes y no docentes\u201d, confirm\u00f3 Medina. Y remarc\u00f3 el alcance de la protesta: \u201cEsto quiere decir que el paro va a ser absoluto en todas las universidades nacionales y en C\u00f3rdoba tambi\u00e9n\u201d.<\/p>\n<p class=\"wp-block-paragraph\">La medida se concretar\u00e1 durante 24 horas este mi\u00e9rcoles 2 de septiembre y alcanzar\u00e1 a la Universidad Nacional de C\u00f3rdoba (UNC), en el marco de la continuidad del conflicto salarial universitario.<\/p>\n<p>En este contexto, la dirigente de Adiuc volvi\u00f3 a advertir sobre el deterioro de los ingresos y resumi\u00f3: <strong>\u201cLa situaci\u00f3n salarial es acuciante\u201d.<\/strong><\/p>\n<p class=\"wp-block-paragraph\">Desde el Frente Gremial Universitario, Oscar Vallejos, secretario adjunto de Conadu Hist\u00f3rica y secretario de Formaci\u00f3n de la CTA, confirm\u00f3 la realizaci\u00f3n del paro y anticip\u00f3 que el jueves 3 de septiembre, durante un plenario en Bariloche, se analizar\u00e1n los pr\u00f3ximos pasos. \u201cTomaremos decisiones sobre las medidas de fuerza futuras ante este Gobierno que incumple constantemente\u201d, expres\u00f3.<\/p>\n<p><strong>Cautelar judicial<\/strong><\/p>\n<p class=\"wp-block-paragraph\">El conflicto gremial se desarrolla en paralelo con una disputa judicial por el cumplimiento de la Ley de Financiamiento Universitario. <strong>El juez federal Mart\u00edn Cormick<\/strong> rechaz\u00f3 el pedido del Gobierno para dejar sin efecto la cautelar y<strong> estableci\u00f3 un plazo de tres d\u00edas para que el Ejecutivo informe sobre el grado de cumplimiento de la ley.<\/strong><\/p>\n<p class=\"wp-block-paragraph\">La resoluci\u00f3n se produjo al inicio de esta semana, el pasado lunes, en el marco de una demanda impulsada por el Consejo Interuniversitario Nacional (CIN), que reclama que el Gobierno cumpla con las disposiciones de la Ley 27.795 y con los compromisos asumidos en materia de financiamiento universitario.<\/p>\n<p class=\"wp-block-paragraph\">La cautelar ordena al Estado Nacional cumplir de manera inmediata con los art\u00edculos 4, 5, 6 y 7 de la norma. En su resoluci\u00f3n, el magistrado consider\u00f3 que el incumplimiento puede producir perjuicios graves de imposible reparaci\u00f3n ulterior, teniendo en cuenta el deterioro de los ingresos del colectivo afectado.<\/p>\n<p class=\"wp-block-paragraph\">Tambi\u00e9n sostuvo que la falta de cumplimiento de la ley podr\u00eda afectar el derecho a ense\u00f1ar y aprender consagrado en la Constituci\u00f3n Nacional.<\/p>\n<p class=\"wp-block-paragraph\">Desde el Gobierno, en tanto, se\u00f1alaron a trav\u00e9s de un comunicado que buscan retomar las negociaciones el jueves 17 de septiembre.<\/p>\n","protected":false},"excerpt":{"rendered":"<p>El Gobierno ofreci\u00f3 un aumento del 3% para septiembre y las federaciones docentes y no docentes rechazaron la propuesta. Leticia Medina, secretaria general de Adiuc en C\u00f3rdoba, calific\u00f3 de \u201cirrisoria\u201d la propuesta. Mientras, el juez federal Mart\u00edn Cormick intim\u00f3 al Gobierno a informar en un plazo de tres d\u00edas el grado de cumplimiento de la [&hellip;]<\/p>\n","protected":false},"author":1,"featured_media":55647,"comment_status":"open","ping_status":"closed","sticky":false,"template":"","format":"standard","meta":{"om_disable_all_campaigns":false,"_monsterinsights_skip_tracking":false,"_monsterinsights_sitenote_active":false,"_monsterinsights_sitenote_note":"","_monsterinsights_sitenote_category":0},"categories":[21],"tags":[],"aioseo_notices":[],"_links":{"self":[{"href":"https:\/\/economiapoliticacba.com\/index.php?rest_route=\/wp\/v2\/posts\/55646"}],"collection":[{"href":"https:\/\/economiapoliticacba.com\/index.php?rest_route=\/wp\/v2\/posts"}],"about":[{"href":"https:\/\/economiapoliticacba.com\/index.php?rest_route=\/wp\/v2\/types\/post"}],"author":[{"embeddable":true,"href":"https:\/\/economiapoliticacba.com\/index.php?rest_route=\/wp\/v2\/users\/1"}],"replies":[{"embeddable":true,"href":"https:\/\/economiapoliticacba.com\/index.php?rest_route=%2Fwp%2Fv2%2Fcomments&post=55646"}],"version-history":[{"count":0,"href":"https:\/\/economiapoliticacba.com\/index.php?rest_route=\/wp\/v2\/posts\/55646\/revisions"}],"wp:featuredmedia":[{"embeddable":true,"href":"https:\/\/economiapoliticacba.com\/index.php?rest_route=\/wp\/v2\/media\/55647"}],"wp:attachment":[{"href":"https:\/\/economiapoliticacba.com\/index.php?rest_route=%2Fwp%2Fv2%2Fmedia&parent=55646"}],"wp:term":[{"taxonomy":"category","embeddable":true,"href":"https:\/\/economiapoliticacba.com\/index.php?rest_route=%2Fwp%2Fv2%2Fcategories&post=55646"},{"taxonomy":"post_tag","embeddable":true,"href":"https:\/\/economiapoliticacba.com\/index.php?rest_route=%2Fwp%2Fv2%2Ftags&post=55646"}],"curies":[{"name":"wp","href":"https:\/\/api.w.org\/{rel}","templated":true}]}}