{"id":55644,"date":"2026-09-01T20:19:05","date_gmt":"2026-09-01T20:19:05","guid":{"rendered":"https:\/\/www.clubtalleres.com.ar\/?p=217178"},"modified":"2026-09-01T20:19:05","modified_gmt":"2026-09-01T20:19:05","slug":"omar-de-felippe-nuevo-director-tecnico-de-talleres","status":"publish","type":"post","link":"https:\/\/economiapoliticacba.com\/?p=55644","title":{"rendered":"Omar De Felippe, nuevo director t\u00e9cnico de Talleres"},"content":{"rendered":"<div><img src=\"http:\/\/economiapoliticacba.com\/wp-content\/uploads\/2026\/09\/omar-de-felippe-nuevo-director-tecnico-de-talleres.jpg\" class=\"ff-og-image-inserted\"><\/div>\n<p class=\"wp-block-paragraph\"><em>La Comisi\u00f3n Directiva del Club Atl\u00e9tico Talleres informa que <strong>Omar De Felippe<\/strong> asume como nuevo director t\u00e9cnico del plantel profesional<\/em><\/p>\n<p><strong>De Felippe <\/strong>llega a Talleres con una amplia experiencia en diferentes contextos y desaf\u00edos de la competencia nacional.<\/p>\n<p class=\"wp-block-paragraph\">A lo largo de su carrera, De Felippe se ha caracterizado por ser un entrenador trabajador, comprometido y pragm\u00e1tico, con una mirada puesta en el funcionamiento colectivo y en la b\u00fasqueda de soluciones dentro del campo de juego.<\/p>\n<p class=\"wp-block-paragraph\">Como director t\u00e9cnico, <strong>Omar De Felippe<\/strong> fue campe\u00f3n de la Copa Argentina junto a Central C\u00f3rdoba de Santiago del Estero en el 2024, mientras que dirigiendo al Emelec en el 2015 se consagr\u00f3 en la primera divisi\u00f3n del f\u00fatbol ecuatoriano.<\/p>\n<p class=\"wp-block-paragraph\">La manera de entender el f\u00fatbol de Omar de Felippe, est\u00e1 acompa\u00f1ada por valores que se consideran fundamentales para el trabajo cotidiano en una Instituci\u00f3n como Talleres:<strong> esfuerzo, responsabilidad, compromiso y respeto.<\/strong><\/p>\n<p class=\"wp-block-paragraph\"><strong>Omar De Felippe <\/strong>afronta esta nueva etapa con el desaf\u00edo de ponerse al frente de un equipo con la convicci\u00f3n de que el trabajo, la disciplina y la construcci\u00f3n colectiva son pilares fundamentales para afrontar lo que ser\u00e1 la continuidad del Torneo de la Liga Profesional de F\u00fatbol.<\/p>\n<p class=\"wp-block-paragraph\">Con experiencia, conocimiento del f\u00fatbol argentino y una filosof\u00eda basada en el trabajo y los valores, <strong>Omar De Felippe<\/strong> comienza desde este mi\u00e9rcoles su etapa como director t\u00e9cnico de Talleres firmando contrato por un a\u00f1o.<\/p>\n<p> <!-- CONTENT END 1 --> <\/p>\n","protected":false},"excerpt":{"rendered":"<p>La Comisi\u00f3n Directiva del Club Atl\u00e9tico Talleres informa que Omar De Felippe asume como nuevo director t\u00e9cnico del plantel profesional De Felippe llega a Talleres con una amplia experiencia en diferentes contextos y desaf\u00edos de la competencia nacional. A lo largo de su carrera, De Felippe se ha caracterizado por ser un entrenador trabajador, comprometido [&hellip;]<\/p>\n","protected":false},"author":1,"featured_media":55645,"comment_status":"closed","ping_status":"closed","sticky":false,"template":"","format":"standard","meta":{"om_disable_all_campaigns":false,"_monsterinsights_skip_tracking":false,"_monsterinsights_sitenote_active":false,"_monsterinsights_sitenote_note":"","_monsterinsights_sitenote_category":0},"categories":[16],"tags":[],"aioseo_notices":[],"_links":{"self":[{"href":"https:\/\/economiapoliticacba.com\/index.php?rest_route=\/wp\/v2\/posts\/55644"}],"collection":[{"href":"https:\/\/economiapoliticacba.com\/index.php?rest_route=\/wp\/v2\/posts"}],"about":[{"href":"https:\/\/economiapoliticacba.com\/index.php?rest_route=\/wp\/v2\/types\/post"}],"author":[{"embeddable":true,"href":"https:\/\/economiapoliticacba.com\/index.php?rest_route=\/wp\/v2\/users\/1"}],"replies":[{"embeddable":true,"href":"https:\/\/economiapoliticacba.com\/index.php?rest_route=%2Fwp%2Fv2%2Fcomments&post=55644"}],"version-history":[{"count":0,"href":"https:\/\/economiapoliticacba.com\/index.php?rest_route=\/wp\/v2\/posts\/55644\/revisions"}],"wp:featuredmedia":[{"embeddable":true,"href":"https:\/\/economiapoliticacba.com\/index.php?rest_route=\/wp\/v2\/media\/55645"}],"wp:attachment":[{"href":"https:\/\/economiapoliticacba.com\/index.php?rest_route=%2Fwp%2Fv2%2Fmedia&parent=55644"}],"wp:term":[{"taxonomy":"category","embeddable":true,"href":"https:\/\/economiapoliticacba.com\/index.php?rest_route=%2Fwp%2Fv2%2Fcategories&post=55644"},{"taxonomy":"post_tag","embeddable":true,"href":"https:\/\/economiapoliticacba.com\/index.php?rest_route=%2Fwp%2Fv2%2Ftags&post=55644"}],"curies":[{"name":"wp","href":"https:\/\/api.w.org\/{rel}","templated":true}]}}