{"id":55618,"date":"2026-08-31T23:50:00","date_gmt":"2026-08-31T23:50:00","guid":{"rendered":"https:\/\/www.iprofesional.com\/economia\/463456-tras-los-aumentos-en-cuanto-quedan-la-minima-y-la-maxima-de-las-jubilaciones"},"modified":"2026-08-31T23:50:00","modified_gmt":"2026-08-31T23:50:00","slug":"tras-los-aumentos-en-cuanto-quedan-la-minima-y-la-maxima-de-las-jubilaciones-en-septiembre","status":"publish","type":"post","link":"https:\/\/economiapoliticacba.com\/?p=55618","title":{"rendered":"Tras los aumentos, en cu\u00e1nto quedan la m\u00ednima y la m\u00e1xima de las jubilaciones en septiembre"},"content":{"rendered":"<div id>\n<p> ANSES oficializ\u00f3 el reajuste del 2,1% para septiembre. En cu\u00e1nto quedan la m\u00ednima, la m\u00e1xima y por qu\u00e9 el bono congelado achica la suba real <\/p>\n<p><strong>31\/08\/2026<\/strong> &#8211; 20:50hs<\/p>\n<div class=\"image-container img-wide padding-b\"> <picture><source type=\"image\/webp\" media=\"(max-width: 642px)\" srcset=\"https:\/\/resizer.iproimg.com\/unsafe\/384x\/filters:format(webp):quality(75):max_bytes(102400)\/https:\/\/assets.iprofesional.com\/assets\/jpg\/2024\/06\/578145.jpg 384w, https:\/\/resizer.iproimg.com\/unsafe\/512x\/filters:format(webp):quality(75):max_bytes(102400)\/https:\/\/assets.iprofesional.com\/assets\/jpg\/2024\/06\/578145.jpg 512w, https:\/\/resizer.iproimg.com\/unsafe\/640x\/filters:format(webp):quality(75):max_bytes(102400)\/https:\/\/assets.iprofesional.com\/assets\/jpg\/2024\/06\/578145.jpg 640w\" sizes=\"100vw\"><source type=\"image\/webp\" media=\"(min-width: 642.01px) and (max-width: 1270px)\" srcset=\"https:\/\/resizer.iproimg.com\/unsafe\/614x\/filters:format(webp):quality(75):max_bytes(102400)\/https:\/\/assets.iprofesional.com\/assets\/jpg\/2024\/06\/578145.jpg 614w\" sizes=\"614px\"><source type=\"image\/webp\" media=\"(min-width: 1270.01px) and (max-width: 1898px)\" srcset=\"https:\/\/resizer.iproimg.com\/unsafe\/928x\/filters:format(webp):quality(75):max_bytes(102400)\/https:\/\/assets.iprofesional.com\/assets\/jpg\/2024\/06\/578145.jpg 928w\" sizes=\"928px\"><source type=\"image\/webp\" media=\"(min-width: 1898.01px)\" srcset=\"https:\/\/resizer.iproimg.com\/unsafe\/1270x\/filters:format(webp):quality(75):max_bytes(102400)\/https:\/\/assets.iprofesional.com\/assets\/jpg\/2024\/06\/578145.jpg 1270w\" sizes=\"1270px\"><img loading=\"lazy\" decoding=\"async\" src=\"https:\/\/resizer.iproimg.com\/unsafe\/768x\/filters:format(webp):quality(75):max_bytes(102400)\/https:\/\/assets.iprofesional.com\/assets\/jpg\/2024\/06\/578145.jpg\" sizes=\"100vw\" class alt=\"Cartel de ANSES con letras blancas sobre fondo azul de una oficina con una mujer ingresando al edificio\" width=\"768\" height=\"432\" fetchpriority=\"high\"> <\/picture> <\/div><\/div>\n<div readability=\"98.418404025881\">\n<p>El Gobierno nacional formaliz\u00f3 mediante el <strong>Decreto 824\/2026<\/strong> la liquidaci\u00f3n de haberes y la continuidad del <strong>bono extraordinario de $70.000<\/strong> para los jubilados y pensionados de la ANSES durante el mes de septiembre. La m\u00ednima se estableci\u00f3 en <strong>$428.591,22<\/strong> frente a los <strong>$2.884.295,54<\/strong> del haber m\u00e1ximo.<span><\/span><\/p>\n<p>Bajo la f\u00f3rmula de movilidad mensual atada al <a href=\"https:\/\/www.iprofesional.com\/economia\/463323-consultoras-anticipan-una-importante-baja-de-inflacion-en-agosto\" title=\"Consultoras anticipan una importante baja de inflaci\u00f3n en agosto\" target=\"_blank\" rel=\"noopener noreferrer\"><strong>\u00cdndice de Precios al Consumidor (IPC)<\/strong><\/a>, las prestaciones recibir\u00e1n un incremento del <strong>2,1%<\/strong>, reflejando la inflaci\u00f3n registrada por el INDEC durante julio.<\/p>\n<p>A pesar de la actualizaci\u00f3n del porcentaje de movilidad, la decisi\u00f3n del Poder Ejecutivo de <strong>mantener congelado el refuerzo en $70.000<\/strong> genera una distorsi\u00f3n directa en el bolsillo de la franja de menores ingresos.<\/p>\n<p>Como la suma fija <strong>no se recalcula por inflaci\u00f3n<\/strong>, la suba efectiva que percibir\u00e1n los jubilados que cobran el haber m\u00ednimo resulta inferior a la tasa oficial de inflaci\u00f3n comunicada por el organismo oficial.<\/p>\n<h2>El c\u00e1lculo de bolsillo y por qu\u00e9 la suba real es de apenas 1,8%<\/h2>\n<p>En agosto, un <strong>jubilado<\/strong> de la categor\u00eda base percibi\u00f3 un haber puro de <strong>$419.775,93<\/strong> que, adicionado al bono de $70.000, alcanz\u00f3 un ingreso de bolsillo de $489.775,93. Para septiembre, el reajuste del 2,1% aplica exclusivamente sobre el componente contributivo, elevando el haber puro a <strong>$428.591,22<\/strong>, lo que representa un aumento bruto de $8.815,29.<\/p>\n<p>Al consolidar nuevamente el bono de $70.000, el ingreso total de bolsillo en la categor\u00eda m\u00ednima asciende a <strong>$498.591,22<\/strong>. La diferencia respecto al mes anterior refleja un incremento nominal real de apenas el <strong>1,80%<\/strong> en la billetera del jubilado, evidenciando c\u00f3mo el anclaje nominal del refuerzo disminuye de forma gradual la capacidad de compra de la suma integrada frente a la <strong>inflaci\u00f3n de los alimentos y medicamentos<\/strong>.<\/p>\n<h2>Las escalas confirmadas para la m\u00ednima, m\u00e1xima, PUAM y PNC<\/h2>\n<p>El <strong>esquema regulado por la ANSES<\/strong> define los importes finales que se acreditar\u00e1n durante el noveno mes del a\u00f1o para cada categor\u00eda del r\u00e9gimen previsional:<\/p>\n<ul>\n<li>Jubilaci\u00f3n m\u00ednima (haber puro): $428.591,22<\/li>\n<li>Bono extraordinario de refuerzo: $70.000<\/li>\n<li>Jubilaci\u00f3n m\u00ednima total (haber + bono): $498.591,22<\/li>\n<li>Jubilaci\u00f3n m\u00e1xima: $2.884.295,54<\/li>\n<li>Pensi\u00f3n Universal para el Adulto Mayor (PUAM): el haber base pasa a $342.872,98 y alcanza un ingreso total de $412.872,98 con la acreditaci\u00f3n del bono<\/li>\n<li>Pensiones No Contributivas (PNC) por Invalidez y Vejez: el haber puro se fija en $300.014,12, llegando a un cobra final de $370.014,12 con la suma no remunerativa<\/li>\n<li>Escala proporcional: quienes perciban un haber superior a $428.591,22 pero no alcancen el techo de $498.591,22 cobrar\u00e1n un bono variable hasta completar dicho l\u00edmite<\/li>\n<\/ul>\n<h2>Calendario de liquidaci\u00f3n y gesti\u00f3n de acreditaci\u00f3n<\/h2>\n<p>El cronograma oficial de la ANSES establece que las <strong>Pensiones No Contributivas (PNC)<\/strong> se liquidar\u00e1n entre el <strong>8 y el 14 de septiembre<\/strong> seg\u00fan el \u00faltimo n\u00famero del Documento Nacional de Identidad (DNI). En el caso de los jubilados de la m\u00ednima y titulares de la PUAM, las fechas de cobro se extender\u00e1n desde el 8 hasta el 21 de septiembre.<\/p>\n<p>En concreto, los <strong>jubilados o pensionado<\/strong>s que cobren la m\u00ednima cobrar\u00e1n en las siguientes fechas:<\/p>\n<ul>\n<li>DNI terminados en 0: 8 de septiembre<\/li>\n<li>DNI terminados en 1: 9 de septiembre<\/li>\n<li>DNI terminados en 2: 10 de septiembre<\/li>\n<li>DNI terminados en 3: 11 de septiembre<\/li>\n<li>DNI terminados en 4: 14 de septiembre<\/li>\n<li>DNI terminados en 5: 15 de septiembre<\/li>\n<li>DNI terminados en 6: 16 de septiembre<\/li>\n<li>DNI terminados en 7: 17 de septiembre<\/li>\n<li>DNI terminados en 8: 18 de septiembre<\/li>\n<li>DNI terminados en 9: 21 de septiembre<\/li>\n<\/ul>\n<p>En cambo, aquellos que <strong>superen el haber m\u00ednimo<\/strong>, las fechas son las siguientes:<\/p>\n<ul>\n<li>DNI terminados en 0 y 1: 22 de septiembre<\/li>\n<li>DNI terminados en 2 y 3: 23 de septiembre<\/li>\n<li>DNI terminados en 4 y 5: 24 de septiembre<\/li>\n<li>DNI terminados en 6 y 7: 25 de septiembre<\/li>\n<li>DNI terminados en 8 y 9: 28 de septiembre<\/li>\n<\/ul>\n<p>Tanto el <strong>haber previsional ordinario como el bono de refuerzo<\/strong> se acreditar\u00e1n de forma unificada en la caja de ahorro bancaria registrada de cada beneficiario. Desde el organismo aclararon que el tr\u00e1mite no requiere validaciones presenciales ni gestiones adicionales en las sucursales del sistema financiero.<\/p>\n<\/p><\/div>\n","protected":false},"excerpt":{"rendered":"<p>ANSES oficializ\u00f3 el reajuste del 2,1% para septiembre. En cu\u00e1nto quedan la m\u00ednima, la m\u00e1xima y por qu\u00e9 el bono congelado achica la suba real 31\/08\/2026 &#8211; 20:50hs El Gobierno nacional formaliz\u00f3 mediante el Decreto 824\/2026 la liquidaci\u00f3n de haberes y la continuidad del bono extraordinario de $70.000 para los jubilados y pensionados de la [&hellip;]<\/p>\n","protected":false},"author":1,"featured_media":0,"comment_status":"closed","ping_status":"closed","sticky":false,"template":"","format":"standard","meta":{"om_disable_all_campaigns":false,"_monsterinsights_skip_tracking":false,"_monsterinsights_sitenote_active":false,"_monsterinsights_sitenote_note":"","_monsterinsights_sitenote_category":0},"categories":[17],"tags":[],"aioseo_notices":[],"_links":{"self":[{"href":"https:\/\/economiapoliticacba.com\/index.php?rest_route=\/wp\/v2\/posts\/55618"}],"collection":[{"href":"https:\/\/economiapoliticacba.com\/index.php?rest_route=\/wp\/v2\/posts"}],"about":[{"href":"https:\/\/economiapoliticacba.com\/index.php?rest_route=\/wp\/v2\/types\/post"}],"author":[{"embeddable":true,"href":"https:\/\/economiapoliticacba.com\/index.php?rest_route=\/wp\/v2\/users\/1"}],"replies":[{"embeddable":true,"href":"https:\/\/economiapoliticacba.com\/index.php?rest_route=%2Fwp%2Fv2%2Fcomments&post=55618"}],"version-history":[{"count":0,"href":"https:\/\/economiapoliticacba.com\/index.php?rest_route=\/wp\/v2\/posts\/55618\/revisions"}],"wp:attachment":[{"href":"https:\/\/economiapoliticacba.com\/index.php?rest_route=%2Fwp%2Fv2%2Fmedia&parent=55618"}],"wp:term":[{"taxonomy":"category","embeddable":true,"href":"https:\/\/economiapoliticacba.com\/index.php?rest_route=%2Fwp%2Fv2%2Fcategories&post=55618"},{"taxonomy":"post_tag","embeddable":true,"href":"https:\/\/economiapoliticacba.com\/index.php?rest_route=%2Fwp%2Fv2%2Ftags&post=55618"}],"curies":[{"name":"wp","href":"https:\/\/api.w.org\/{rel}","templated":true}]}}