{"id":55616,"date":"2026-08-31T20:45:00","date_gmt":"2026-08-31T20:45:00","guid":{"rendered":"https:\/\/economiapoliticacba.com\/?p=55616"},"modified":"2026-08-31T20:45:00","modified_gmt":"2026-08-31T20:45:00","slug":"fallo-clave-la-corte-le-puso-un-freno-a-misiones-y-no-podra-retener-ingresos-brutos-a-una-yerbatera","status":"publish","type":"post","link":"https:\/\/economiapoliticacba.com\/?p=55616","title":{"rendered":"Fallo clave: la Corte le puso un freno a Misiones y no podr\u00e1 retener Ingresos Brutos a una yerbatera"},"content":{"rendered":"<p><!-- \/21709548400\/Eleconomista\/nota_Video_Oustream --> <\/p>\n<p>La <a href=\"https:\/\/eleconomista.com.ar\/tags\/corte-suprema-t120\" target=\"_blank\" rel=\"noopener\">Corte Suprema de Justicia de la Naci\u00f3n<\/a> (CSJN) marc\u00f3, al confirmar una medida cautelar, un <strong>nuevo precedente en la contienda<\/strong> que llevan adelante muchas empresas contra los fiscos provinciales ante el abuso de cobros adelantados.<\/p>\n<p>Todo comenz\u00f3 cuando el Establecimiento Las Mar\u00edas inici\u00f3 una causa contra la Administraci\u00f3n Tributaria de Misiones debido a que hab\u00eda sufrido retenciones, percepciones y<strong> adelantos del Impuesto sobre los <\/strong><a href=\"https:\/\/eleconomista.com.ar\/tags\/ingresos-brutos-t2284\" target=\"_blank\" rel=\"noopener\"><strong>Ingresos Brutos<\/strong><\/a><strong> de manera excesiva.<\/strong><\/p>\n<p>En efecto, <strong>los pagos a cuenta sumaron casi $598 millones mensuales<\/strong>. Proyectados, representaban poco m\u00e1s de $7.000 millones anuales, contra un impuesto determinado de $23 millones. O sea: <mark class=\"marker-yellow\">307 a\u00f1os de Ingresos Brutos adelantados.<\/mark><\/p>\n<p> \ufeff <\/p>\n<figure class=\"image\"><img loading=\"lazy\" width=\"100\" height=\"100\" class=\"cst_img\" src=\"http:\/\/economiapoliticacba.com\/wp-content\/uploads\/2026\/09\/fallo-clave-la-corte-le-puso-un-freno-a-misiones-y-no-podra-retener-ingresos-brutos-a-una-yerbatera.webp\" data-src-origin=\"https:\/\/statics.eleconomista.com.ar\/2026\/08\/6a9594a12ba9f.jpg\" alt=\"Fallo Las Mar\u00edas - CSJN\"><figcaption>Fallo Las Mar\u00edas &#8211; CSJN<\/figcaption><\/figure>\n<p>Lo preocupante del asunto es que la empresa cont\u00f3 con certificados de exclusi\u00f3n de los reg\u00edmenes hasta el 31 de marzo de 2025. <mark class=\"marker-yellow\">Luego, realiz\u00f3 los pedidos correspondientes en tiempo y forma, pero no obtuvo respuestas del fisco misionero.<\/mark><\/p>\n<p>Es decir que, pese a que existen mecanismos que buscan atenuar y evitar este tipo de situaciones, <strong>la autoridad tributaria no respondi\u00f3 a los pedidos de la compa\u00f1\u00eda, que volvi\u00f3 a sufrir los cobros adelantados compulsivamente.<\/strong><\/p>\n<p> \ufeff <\/p>\n<p>La contienda tiene m\u00e1s condimentos. El Establecimiento Las Mar\u00edas se hab\u00eda acogido a un r\u00e9gimen de promoci\u00f3n en Corrientes para lo cual <mark class=\"marker-yellow\">se hab\u00eda comprometido a realizar una serie de inversiones que, con el capital inmovilizado, no puede llevar adelante.<\/mark><\/p>\n<p>Por este mismo motivo, la empresa solicit\u00f3 a la Justicia incluir en la contienda a la provincia. Adem\u00e1s, requiri\u00f3 la citaci\u00f3n del Estado Nacional, al sostener que <strong>&#8220;los reglamentos impugnados afectan el r\u00e9gimen de ingreso y liquidaci\u00f3n de divisas&#8221;.<\/strong><\/p>\n<p>Si bien todav\u00eda falta que los magistrados determinen sobre la inconstitucionalidad de los mecanismos y del accionar del fisco misionero -que llevaron a esta situaci\u00f3n ins\u00f3lita-,<strong> la decisi\u00f3n marca un precedente importante en la materia.<\/strong><\/p>\n<p> \ufeff <\/p>\n<h2><strong>La mirada experta<\/strong><\/h2>\n<p>Al menos as\u00ed lo explic\u00f3 <strong>Daniel Ricardo Garc\u00eda<\/strong>, quien asegur\u00f3 a El Economista que &#8220;<strong>el fallo es muy importante porque pone un l\u00edmite concreto a una pr\u00e1ctica recaudatoria de <\/strong><a href=\"https:\/\/eleconomista.com.ar\/tags\/misiones-t741\" target=\"_blank\" rel=\"noopener\"><strong>Misiones<\/strong> <\/a>que, en los hechos, se hab\u00eda vuelto confiscatoria&#8221;.<\/p>\n<p>&#8220;Estamos hablando de una empresa a la que se le detra\u00edan casi $600 millones por mes para cubrir un impuesto mensual estimado en menos de $2 millones. <strong>Es decir, se le exig\u00eda anticipar el equivalente a m\u00e1s de 300 a\u00f1os de impuesto<\/strong>&#8220;, expres\u00f3.<\/p>\n<p>Para el titular de LexTax Advisory, la cr\u00edtica central es que los reg\u00edmenes de retenci\u00f3n y percepci\u00f3n dejaron de funcionar como mecanismos de anticipo y <strong>se transformaron en una fuente de financiamiento compulsivo para la provincia.<\/strong><\/p>\n<p> \ufeff <\/p>\n<p>&#8220;Cuando la recaudaci\u00f3n supera de manera tan desproporcionada la obligaci\u00f3n tributaria, ya no estamos ante un simple pago a cuenta:<strong> estamos ante una apropiaci\u00f3n anticipada de capital de trabajo<\/strong>&#8220;, razon\u00f3.<\/p>\n<p>Garc\u00eda consider\u00f3 grave que la empresa hubiera contado con certificados de exclusi\u00f3n hasta marzo de 2025 y que, pese a solicitar su renovaci\u00f3n, la administraci\u00f3n no respondiera. &#8220;El <strong>silencio del organismo fiscal no puede convertirse en una herramienta para seguir acumulando saldos a favor <\/strong>de imposible recuperaci\u00f3n&#8221;, resalt\u00f3.<\/p>\n<h2><strong>Un paso m\u00e1s<\/strong><\/h2>\n<p>El titular de LexTax Advisory explic\u00f3 que la Corte Suprema todav\u00eda no declar\u00f3 la inconstitucionalidad de los reg\u00edmenes, sino que<mark class=\"marker-yellow\"> asumi\u00f3 la competencia originaria y mantuvo la cautelar que suspende las retenciones,<\/mark> percepciones y anticipos.<\/p>\n<p> \ufeff <\/p>\n<p>Sin embargo, para Garc\u00eda la decisi\u00f3n ya contiene una se\u00f1al clara: &#8220;<strong>La discusi\u00f3n excede un problema tributario local y compromete la libre circulaci\u00f3n de mercader\u00edas<\/strong>, el comercio interprovincial y la prohibici\u00f3n de aduanas interiores&#8221;.<\/p>\n<p>El especialista record\u00f3 que la provincia de Misiones<strong> &#8220;viene utilizando mecanismos de recaudaci\u00f3n que afectan especialmente a empresas radicadas fuera de su jurisdicci\u00f3n&#8221;<\/strong> y sostuvo que &#8220;el anticipo exigido para permitir el ingreso de mercader\u00eda se parece demasiado a una aduana interior, expresamente prohibida por la Constituci\u00f3n Nacional&#8221;.<\/p>\n<p>Adem\u00e1s, expres\u00f3 que &#8220;el caso evidencia un problema estructural: <mark class=\"marker-yellow\">primero se recauda en exceso y despu\u00e9s se obliga al contribuyente a atravesar procedimientos lentos e inciertos <\/mark>para recuperar su propio dinero&#8221;.<\/p>\n<p> \ufeff <\/p>\n<p>Todo esto, desde la \u00f3ptica del abogado tributarista, se convierte en una l\u00f3gica que<strong> &#8220;invierte la relaci\u00f3n tributaria y termina castigando la actividad productiva, a la inversi\u00f3n y al empleo&#8221;.<\/strong><\/p>\n<p>Asimismo, indic\u00f3 que &#8220;la provincia tiene derecho a recaudar los impuestos que leg\u00edtimamente le corresponden, pero no puede hacerlo sin l\u00edmites territoriales, constitucionales ni de razonabilidad&#8221;.<\/p>\n<p>&#8220;La necesidad fiscal no habilita a retener cualquier suma ni a financiarse indefinidamente con el patrimonio de los contribuyentes&#8221;, remat\u00f3, a modo de s\u00edntesis, Garc\u00eda. <mark class=\"marker-yellow\"><strong>Queda ver qu\u00e9 termina definiendo la Corte Suprema.<\/strong><\/mark><\/p>\n<p> \ufeff <a href=\"https:\/\/www.google.com\/preferences\/source?q=eleconomista.com.ar\" target=\"_blank\" rel=\"noopener nofollow\" class=\"ee-google-follow\" readability=\"2\"> <\/p>\n<div class=\"ee-google-follow-icon\"> <img src=\"http:\/\/economiapoliticacba.com\/wp-content\/uploads\/2026\/09\/fallo-clave-la-corte-le-puso-un-freno-a-misiones-y-no-podra-retener-ingresos-brutos-a-una-yerbatera.png\" alt=\"Logo de Google\"> <\/div>\n<p> <span class=\"ee-google-follow-top\">Segu\u00ed a El Economista en Google<\/span> <span class=\"ee-google-follow-bottom\">Agreganos a tus medios preferidos.<\/span> <\/p>\n<p>+ Agregar<\/p>\n<p><\/a> <\/p>\n","protected":false},"excerpt":{"rendered":"<p>La Corte Suprema de Justicia de la Naci\u00f3n (CSJN) marc\u00f3, al confirmar una medida cautelar, un nuevo precedente en la contienda que llevan adelante muchas empresas contra los fiscos provinciales ante el abuso de cobros adelantados. Todo comenz\u00f3 cuando el Establecimiento Las Mar\u00edas inici\u00f3 una causa contra la Administraci\u00f3n Tributaria de Misiones debido a que [&hellip;]<\/p>\n","protected":false},"author":1,"featured_media":55617,"comment_status":"closed","ping_status":"closed","sticky":false,"template":"","format":"standard","meta":{"om_disable_all_campaigns":false,"_monsterinsights_skip_tracking":false,"_monsterinsights_sitenote_active":false,"_monsterinsights_sitenote_note":"","_monsterinsights_sitenote_category":0},"categories":[17],"tags":[],"aioseo_notices":[],"_links":{"self":[{"href":"https:\/\/economiapoliticacba.com\/index.php?rest_route=\/wp\/v2\/posts\/55616"}],"collection":[{"href":"https:\/\/economiapoliticacba.com\/index.php?rest_route=\/wp\/v2\/posts"}],"about":[{"href":"https:\/\/economiapoliticacba.com\/index.php?rest_route=\/wp\/v2\/types\/post"}],"author":[{"embeddable":true,"href":"https:\/\/economiapoliticacba.com\/index.php?rest_route=\/wp\/v2\/users\/1"}],"replies":[{"embeddable":true,"href":"https:\/\/economiapoliticacba.com\/index.php?rest_route=%2Fwp%2Fv2%2Fcomments&post=55616"}],"version-history":[{"count":0,"href":"https:\/\/economiapoliticacba.com\/index.php?rest_route=\/wp\/v2\/posts\/55616\/revisions"}],"wp:featuredmedia":[{"embeddable":true,"href":"https:\/\/economiapoliticacba.com\/index.php?rest_route=\/wp\/v2\/media\/55617"}],"wp:attachment":[{"href":"https:\/\/economiapoliticacba.com\/index.php?rest_route=%2Fwp%2Fv2%2Fmedia&parent=55616"}],"wp:term":[{"taxonomy":"category","embeddable":true,"href":"https:\/\/economiapoliticacba.com\/index.php?rest_route=%2Fwp%2Fv2%2Fcategories&post=55616"},{"taxonomy":"post_tag","embeddable":true,"href":"https:\/\/economiapoliticacba.com\/index.php?rest_route=%2Fwp%2Fv2%2Ftags&post=55616"}],"curies":[{"name":"wp","href":"https:\/\/api.w.org\/{rel}","templated":true}]}}