{"id":55610,"date":"2026-08-31T18:26:00","date_gmt":"2026-08-31T18:26:00","guid":{"rendered":"https:\/\/comercioyjusticia.info\/?p=536463"},"modified":"2026-08-31T18:26:00","modified_gmt":"2026-08-31T18:26:00","slug":"el-tsj-reestructura-el-fuero-de-familia-y-unifica-la-gestion-en-la-camara-de-segunda-nominacion","status":"publish","type":"post","link":"https:\/\/economiapoliticacba.com\/?p=55610","title":{"rendered":"El TSJ reestructura el fuero de familia y unifica la gesti\u00f3n en la C\u00e1mara de Segunda Nominaci\u00f3n"},"content":{"rendered":"<div><img src=\"https:\/\/comercioyjusticia.info\/wp-content\/uploads\/2022\/06\/Tribunales-Familia.jpg\" class=\"ff-og-image-inserted\"><\/div>\n<p class=\"wp-block-paragraph\"><strong>A partir del 1 de septiembre de 2026, la totalidad de las causas en tr\u00e1mite y los nuevos ingresos radicados en la C\u00e1mara de Primera Nominaci\u00f3n pasar\u00e1n a la C\u00e1mara de Familia de Segunda Nominaci\u00f3n, tribunal que mantendr\u00e1 la atenci\u00f3n del fuero con sus tres vocales en funciones. Asimismo, la medida contempla el traslado de la plantilla completa de funcionarios y empleados hacia la Segunda Nominaci\u00f3n<\/strong><\/p>\n<p class=\"wp-block-paragraph\"><strong>Acuerdo Reglamentario N\u00b0 1949 \u2013 Letra: \u201cA\u201d<\/strong><\/p>\n<p class=\"wp-block-paragraph\">C\u00f3rdoba, 27&nbsp; de agosto de 2026. Con la Presidencia de su Titular Dr. Domingo Juan SESIN, se reunieron para resolver los Se\u00f1ores Vocales del Tribunal Superior de Justicia, Dres. Mar\u00eda Marta C\u00c1CERES de BOLLATI, Luis Eugenio ANGULO y Jessica Raquel VALENTINI, con la asistencia del Se\u00f1or Administrador General, Dr. Luis SOSA LANZA CASTELLI y ACORDARON: VISTO: Las pol\u00edticas judiciales sostenidas en los \u00faltimos a\u00f1os por el Tribunal Superior, tendientes a garantizar la mejor organizaci\u00f3n del servicio de justicia con eficacia, eficiencia, economicidad y oportunidad; y en particular la circunstancia de que la C\u00e1mara de Familia de 1era. nominaci\u00f3n de C\u00f3rdoba se encuentra desintegrada.<\/p>\n<p class=\"wp-block-paragraph\">Y CONSIDERANDO:<\/p>\n<p class=\"wp-block-paragraph\">1. Que la Ley 7675 (sancionada el 28\/06\/1988, Bolet\u00edn Oficial del 29\/07\/1988) dispuso la creaci\u00f3n de dos C\u00e1maras de Familia en la Primera Circunscripci\u00f3n judicial con asiento en la Ciudad de C\u00f3rdoba.<\/p>\n<p class=\"wp-block-paragraph\">2. Con posterioridad se sancion\u00f3 el \u201cC\u00f3digo de procedimiento del fuero de familia de la provincia de C\u00f3rdoba\u201d (sanci\u00f3n 23\/09\/2015, Bolet\u00edn Oficial del 08\/10\/2015), que implic\u00f3 una profunda modificaci\u00f3n del proceso del fuero de familia. Tal circunstancia, conllev\u00f3 a la progresiva redistribuci\u00f3n de los recursos humanos de los tribunales de menci\u00f3n: al punto tal que a la fecha la C\u00e1mara de Familia de Primera Nominaci\u00f3n se encuentra desintegrada. Es decir, que en la actualidad s\u00f3lo la C\u00e1mara de Familia de Segunda Nominaci\u00f3n de Capital cuenta con una integraci\u00f3n total, dado que a la fecha la ocupan 3 vocales.<\/p>\n<p class=\"wp-block-paragraph\">3. En dicho marco resulta necesario llevar a cabo un proceso de restructuraci\u00f3n interna de las oficinas ya mencionadas, a fin de asegurar condiciones adecuadas, tendientes a garantizar los principios de econom\u00eda y eficacia del proceso, en aras a la constante mejora del servicio de justicia. As\u00ed, teniendo en cuenta los objetivos apuntados, se considera oportuno realizar modificaciones a nivel organizacional y funcional, de modo tal, que:<\/p>\n<p class=\"wp-block-paragraph\">a. La totalidad de los expedientes existentes la Camara de Familia de Primera Nominaci\u00f3n, se radiquen ante la C\u00e1mara de Familia de Segunda Nominaci\u00f3n;<\/p>\n<p class=\"wp-block-paragraph\">b. La totalidad de los empleados y funcionarios que actualmente pertenecen a la C\u00e1mara de Familia de Primera Nominaci\u00f3n, sean trasladados a la C\u00e1mara de Familia de Segunda Nominaci\u00f3n, y&nbsp;<\/p>\n<p class=\"wp-block-paragraph\">c. Facultar a la Sala Civil y Comercial del Tribunal Superior de Justicia a dictar las resoluciones que resulten necesarias para ejecutar lo resuelto. Por ello, en ejercicio de las atribuciones de superintendencia previstas por el art. 166 inc. 2 de la Constituci\u00f3n Provincial y el art\u00edculo 12 incs. 1, 2, 24, 25, 32 y 33 de la Ley Org\u00e1nica del Poder Judicial N\u00b0 8435, el Tribunal Superior de Justicia;<\/p>\n<p class=\"wp-block-paragraph\">RESUELVE: 1. DISPONER a partir del 01\/09\/2026 que la totalidad de los expedientes existentes en la C\u00e1mara de Familia de Primera Nominaci\u00f3n, como asimismo los nuevos ingresos, se radiquen ante la C\u00e1mara de Familia de Segunda Nominaci\u00f3n.<\/p>\n<p class=\"wp-block-paragraph\">2. DISPONER a partir del 01\/09\/2026 el traslado de los funcionarios y empleados pertenecientes a la C\u00e1mara de Familia de Primera Nominaci\u00f3n, a la C\u00e1mara de Familia de Segunda Nominaci\u00f3n. 3. INSTRUIR a la Sub \u00c1rea de Investigaci\u00f3n Desarrollo e Innovaci\u00f3n Tecnol\u00f3gica dependiente de la Administraci\u00f3n General y al \u00c1rea de Recursos Humanos dependiente de la Administraci\u00f3n General del Poder Judicial, a realizar las tareas que tales actividades implican.<\/p>\n<p class=\"wp-block-paragraph\">4. FACULTAR a la Sala Civil y Comercial del Tribunal Superior de Justicia a dictar las resoluciones que resulten necesarias para ejecutar lo resuelto.<\/p>\n<p class=\"wp-block-paragraph\">5. PROTOCOL\u00cdCESE. Comun\u00edquese a los tribunales, oficinas y dependencias jurisdiccionales, al Ministerio P\u00fablico Fiscal, Ministerio P\u00fablico de la Defensa, a la Federaci\u00f3n de Colegios de Abogados, al Colegio de Abogados de C\u00f3rdoba y a la Asociaci\u00f3n de Magistrados y Funcionarios de C\u00f3rdoba.<\/p>\n<p class=\"wp-block-paragraph\">6. PUBL\u00cdQUESE en el Bolet\u00edn Oficial. Por los canales oficiales dese amplia difusi\u00f3n. Con lo que termin\u00f3 el acto que previa lectura y ratificaci\u00f3n de su contenido, firman el se\u00f1or presidente y los se\u00f1ores vocales, con la asistencia del se\u00f1or administrador general del Poder Judicial.<\/p>\n<p class=\"wp-block-paragraph\">FDO.: DOMINGO JUAN SESIN, PRESIDENTE \u2013 MAR\u00cdA MARTA C\u00c1CERES DE BOLLATI, SEBASTI\u00c1N CRUZ L\u00d3PEZ PE\u00d1A, LUIS EUGENIO ANGULO Y JESSICA RAQUEL VALENTINI, VOCALES \u2013 LUIS, SOSA LANZA CASTELLI, ADMINISTRADOR GENERAL.<\/p>\n<p class=\"wp-block-paragraph\"><strong>N. de R.- Publicada en el Bolet\u00edn Oficial de la Provincia de C\u00f3rdoba N\u00ba 167 del 31 de agosto de 2026.<\/strong><\/p>\n","protected":false},"excerpt":{"rendered":"<p>A partir del 1 de septiembre de 2026, la totalidad de las causas en tr\u00e1mite y los nuevos ingresos radicados en la C\u00e1mara de Primera Nominaci\u00f3n pasar\u00e1n a la C\u00e1mara de Familia de Segunda Nominaci\u00f3n, tribunal que mantendr\u00e1 la atenci\u00f3n del fuero con sus tres vocales en funciones. Asimismo, la medida contempla el traslado de [&hellip;]<\/p>\n","protected":false},"author":1,"featured_media":55611,"comment_status":"open","ping_status":"closed","sticky":false,"template":"","format":"standard","meta":{"om_disable_all_campaigns":false,"_monsterinsights_skip_tracking":false,"_monsterinsights_sitenote_active":false,"_monsterinsights_sitenote_note":"","_monsterinsights_sitenote_category":0},"categories":[21],"tags":[],"aioseo_notices":[],"_links":{"self":[{"href":"https:\/\/economiapoliticacba.com\/index.php?rest_route=\/wp\/v2\/posts\/55610"}],"collection":[{"href":"https:\/\/economiapoliticacba.com\/index.php?rest_route=\/wp\/v2\/posts"}],"about":[{"href":"https:\/\/economiapoliticacba.com\/index.php?rest_route=\/wp\/v2\/types\/post"}],"author":[{"embeddable":true,"href":"https:\/\/economiapoliticacba.com\/index.php?rest_route=\/wp\/v2\/users\/1"}],"replies":[{"embeddable":true,"href":"https:\/\/economiapoliticacba.com\/index.php?rest_route=%2Fwp%2Fv2%2Fcomments&post=55610"}],"version-history":[{"count":0,"href":"https:\/\/economiapoliticacba.com\/index.php?rest_route=\/wp\/v2\/posts\/55610\/revisions"}],"wp:featuredmedia":[{"embeddable":true,"href":"https:\/\/economiapoliticacba.com\/index.php?rest_route=\/wp\/v2\/media\/55611"}],"wp:attachment":[{"href":"https:\/\/economiapoliticacba.com\/index.php?rest_route=%2Fwp%2Fv2%2Fmedia&parent=55610"}],"wp:term":[{"taxonomy":"category","embeddable":true,"href":"https:\/\/economiapoliticacba.com\/index.php?rest_route=%2Fwp%2Fv2%2Fcategories&post=55610"},{"taxonomy":"post_tag","embeddable":true,"href":"https:\/\/economiapoliticacba.com\/index.php?rest_route=%2Fwp%2Fv2%2Ftags&post=55610"}],"curies":[{"name":"wp","href":"https:\/\/api.w.org\/{rel}","templated":true}]}}