{"id":55606,"date":"2026-08-31T19:24:22","date_gmt":"2026-08-31T19:24:22","guid":{"rendered":"https:\/\/comercioyjusticia.info\/?p=536454"},"modified":"2026-08-31T19:24:22","modified_gmt":"2026-08-31T19:24:22","slug":"nepal-hay-al-menos-600-extranjeros-de-39-paises-entre-los-4-700-desaparecidos","status":"publish","type":"post","link":"https:\/\/economiapoliticacba.com\/?p=55606","title":{"rendered":"Nepal: hay al menos 600 extranjeros de 39 pa\u00edses entre los 4.700 desaparecidos"},"content":{"rendered":"<div><img src=\"https:\/\/comercioyjusticia.info\/wp-content\/uploads\/2026\/08\/641a6b84-206d-4435-a90b-1b91e005f185_16-9-discover-aspect-ratio_default_0.webp\" class=\"ff-og-image-inserted\"><\/div>\n<p class=\"wp-block-paragraph\">Seis d\u00edas despu\u00e9s de la riada en&nbsp;Nepal, las autoridades locales confirmaron que las personas fallecidas son m\u00e1s de 900 y que 4.700 permanecen desaparecidas, incluidas al menos&nbsp;590 extranjeras de 39 pa\u00edses.<\/p>\n<p class=\"wp-block-paragraph\">Entre las v\u00edctimas sin paradero conocido hay&nbsp;933 trabajadores&nbsp;atrapados en t\u00faneles de centrales hidroel\u00e9ctricas que quedaron sepultadas bajo el lodo,&nbsp;83 miembros de las fuerzas de seguridad&nbsp;y&nbsp;21 funcionarios de distintos organismos p\u00fablicos.<\/p>\n<p class=\"wp-block-paragraph\"><strong>Cientos de cad\u00e1veres, muchos de ellos sin identificar, fueron enterrados en fosas poco profundas. Ante el desbordamiento de las morgues,&nbsp;18 forenses indios especializados en an\u00e1lisis de ADN&nbsp;se trasladaron a Nepal para ayudar en la identificaci\u00f3n y se espera la espera de la llegada de otro equipo desde Singapur.<\/strong><\/p>\n<p class=\"wp-block-paragraph\">En ese marco, Nepal le pidi\u00f3 a Estados Unidos que le suministre c\u00e1maras frigor\u00edficas para conservar cad\u00e1veres, y a China y Singapur drones de alta capacidad y otros art\u00edculos esenciales no alimentarios.<\/p>\n<p class=\"wp-block-paragraph\">Las operaciones de rescate se suspendieron varias veces debido al mal tiempo y a la preocupaci\u00f3n de que un lago que se form\u00f3 en la frontera entre Nepal y China a causa del desastre cause nuevas inundaciones.<\/p>\n","protected":false},"excerpt":{"rendered":"<p>Seis d\u00edas despu\u00e9s de la riada en&nbsp;Nepal, las autoridades locales confirmaron que las personas fallecidas son m\u00e1s de 900 y que 4.700 permanecen desaparecidas, incluidas al menos&nbsp;590 extranjeras de 39 pa\u00edses. Entre las v\u00edctimas sin paradero conocido hay&nbsp;933 trabajadores&nbsp;atrapados en t\u00faneles de centrales hidroel\u00e9ctricas que quedaron sepultadas bajo el lodo,&nbsp;83 miembros de las fuerzas de [&hellip;]<\/p>\n","protected":false},"author":1,"featured_media":55607,"comment_status":"open","ping_status":"closed","sticky":false,"template":"","format":"standard","meta":{"om_disable_all_campaigns":false,"_monsterinsights_skip_tracking":false,"_monsterinsights_sitenote_active":false,"_monsterinsights_sitenote_note":"","_monsterinsights_sitenote_category":0},"categories":[21],"tags":[],"aioseo_notices":[],"_links":{"self":[{"href":"https:\/\/economiapoliticacba.com\/index.php?rest_route=\/wp\/v2\/posts\/55606"}],"collection":[{"href":"https:\/\/economiapoliticacba.com\/index.php?rest_route=\/wp\/v2\/posts"}],"about":[{"href":"https:\/\/economiapoliticacba.com\/index.php?rest_route=\/wp\/v2\/types\/post"}],"author":[{"embeddable":true,"href":"https:\/\/economiapoliticacba.com\/index.php?rest_route=\/wp\/v2\/users\/1"}],"replies":[{"embeddable":true,"href":"https:\/\/economiapoliticacba.com\/index.php?rest_route=%2Fwp%2Fv2%2Fcomments&post=55606"}],"version-history":[{"count":0,"href":"https:\/\/economiapoliticacba.com\/index.php?rest_route=\/wp\/v2\/posts\/55606\/revisions"}],"wp:featuredmedia":[{"embeddable":true,"href":"https:\/\/economiapoliticacba.com\/index.php?rest_route=\/wp\/v2\/media\/55607"}],"wp:attachment":[{"href":"https:\/\/economiapoliticacba.com\/index.php?rest_route=%2Fwp%2Fv2%2Fmedia&parent=55606"}],"wp:term":[{"taxonomy":"category","embeddable":true,"href":"https:\/\/economiapoliticacba.com\/index.php?rest_route=%2Fwp%2Fv2%2Fcategories&post=55606"},{"taxonomy":"post_tag","embeddable":true,"href":"https:\/\/economiapoliticacba.com\/index.php?rest_route=%2Fwp%2Fv2%2Ftags&post=55606"}],"curies":[{"name":"wp","href":"https:\/\/api.w.org\/{rel}","templated":true}]}}