{"id":55604,"date":"2026-08-31T19:28:16","date_gmt":"2026-08-31T19:28:16","guid":{"rendered":"https:\/\/www.clubtalleres.com.ar\/?p=217107"},"modified":"2026-08-31T19:28:16","modified_gmt":"2026-08-31T19:28:16","slug":"ronaldo-martinez-jugara-a-prestamo-en-velez-sarsfield","status":"publish","type":"post","link":"https:\/\/economiapoliticacba.com\/?p=55604","title":{"rendered":"Ronaldo Mart\u00ednez jugar\u00e1 a pr\u00e9stamo en V\u00e9lez Sarsfield"},"content":{"rendered":"<div><img src=\"http:\/\/economiapoliticacba.com\/wp-content\/uploads\/2026\/08\/ronaldo-martinez-jugara-a-prestamo-en-velez-sarsfield.jpg\" class=\"ff-og-image-inserted\"><\/div>\n<p class=\"wp-block-paragraph\">La Comisi\u00f3n Directiva del Club Atl\u00e9tico Talleres informa que se acord\u00f3 la cesi\u00f3n a pr\u00e9stamo de Ronaldo Mart\u00ednez al Club Atl\u00e9tico V\u00e9lez Sarsfield.<\/p>\n<p class=\"wp-block-paragraph\">El pr\u00e9stamo del jugador de 30 a\u00f1os tendr\u00e1 vigencia hasta el 31 de diciembre de 2027 e incluye una opci\u00f3n de compra.<\/p>\n<p class=\"wp-block-paragraph\">El Club le desea a Ronaldo el mayor de los \u00e9xitos en esta nueva etapa de su carrera profesional.<\/p>\n<p> <!-- CONTENT END 1 --> <\/p>\n","protected":false},"excerpt":{"rendered":"<p>La Comisi\u00f3n Directiva del Club Atl\u00e9tico Talleres informa que se acord\u00f3 la cesi\u00f3n a pr\u00e9stamo de Ronaldo Mart\u00ednez al Club Atl\u00e9tico V\u00e9lez Sarsfield. El pr\u00e9stamo del jugador de 30 a\u00f1os tendr\u00e1 vigencia hasta el 31 de diciembre de 2027 e incluye una opci\u00f3n de compra. El Club le desea a Ronaldo el mayor de los [&hellip;]<\/p>\n","protected":false},"author":1,"featured_media":55605,"comment_status":"closed","ping_status":"closed","sticky":false,"template":"","format":"standard","meta":{"om_disable_all_campaigns":false,"_monsterinsights_skip_tracking":false,"_monsterinsights_sitenote_active":false,"_monsterinsights_sitenote_note":"","_monsterinsights_sitenote_category":0},"categories":[16],"tags":[],"aioseo_notices":[],"_links":{"self":[{"href":"https:\/\/economiapoliticacba.com\/index.php?rest_route=\/wp\/v2\/posts\/55604"}],"collection":[{"href":"https:\/\/economiapoliticacba.com\/index.php?rest_route=\/wp\/v2\/posts"}],"about":[{"href":"https:\/\/economiapoliticacba.com\/index.php?rest_route=\/wp\/v2\/types\/post"}],"author":[{"embeddable":true,"href":"https:\/\/economiapoliticacba.com\/index.php?rest_route=\/wp\/v2\/users\/1"}],"replies":[{"embeddable":true,"href":"https:\/\/economiapoliticacba.com\/index.php?rest_route=%2Fwp%2Fv2%2Fcomments&post=55604"}],"version-history":[{"count":0,"href":"https:\/\/economiapoliticacba.com\/index.php?rest_route=\/wp\/v2\/posts\/55604\/revisions"}],"wp:featuredmedia":[{"embeddable":true,"href":"https:\/\/economiapoliticacba.com\/index.php?rest_route=\/wp\/v2\/media\/55605"}],"wp:attachment":[{"href":"https:\/\/economiapoliticacba.com\/index.php?rest_route=%2Fwp%2Fv2%2Fmedia&parent=55604"}],"wp:term":[{"taxonomy":"category","embeddable":true,"href":"https:\/\/economiapoliticacba.com\/index.php?rest_route=%2Fwp%2Fv2%2Fcategories&post=55604"},{"taxonomy":"post_tag","embeddable":true,"href":"https:\/\/economiapoliticacba.com\/index.php?rest_route=%2Fwp%2Fv2%2Ftags&post=55604"}],"curies":[{"name":"wp","href":"https:\/\/api.w.org\/{rel}","templated":true}]}}