{"id":55568,"date":"2026-08-30T14:21:00","date_gmt":"2026-08-30T14:21:00","guid":{"rendered":"https:\/\/economiapoliticacba.com\/?p=55568"},"modified":"2026-08-30T14:21:00","modified_gmt":"2026-08-30T14:21:00","slug":"sturzenegger-recordo-por-que-cayo-macri-y-dejo-una-advertencia-a-milei-el-error-que-no-debe-repetir","status":"publish","type":"post","link":"https:\/\/economiapoliticacba.com\/?p=55568","title":{"rendered":"Sturzenegger record\u00f3 por qu\u00e9 cay\u00f3 Macri y dej\u00f3 una advertencia a Milei: el error que no debe repetir"},"content":{"rendered":"<p><!-- \/21709548400\/Eleconomista\/nota_Video_Oustream --> <\/p>\n<p><strong>Federico Sturzenegger estuvo ah\u00ed.<\/strong> No como un observador externo ni como un economista que analiza retrospectivamente una crisis ajena.<\/p>\n<p>Era presidente del <a href=\"https:\/\/eleconomista.com.ar\/tags\/bcra-t1187\">Banco Central<\/a> cuando el gobierno de <strong>Mauricio Macri<\/strong> atraves\u00f3 uno de los momentos m\u00e1s extra\u00f1os de su administraci\u00f3n: hab\u00eda ganado con contundencia las elecciones legislativas de 2017, la econom\u00eda crec\u00eda, la inversi\u00f3n aceleraba y buena parte del oficialismo imaginaba un camino despejado hacia la reelecci\u00f3n.<\/p>\n<p>Despu\u00e9s, como sintetizar\u00eda el propio Macri con una frase que qued\u00f3 para la historia, <strong>&#8220;pasaron cosas&#8221;<\/strong>.<\/p>\n<p> \ufeff <\/p>\n<p>Casi nueve a\u00f1os despu\u00e9s, Sturzenegger volvi\u00f3 sobre aquella experiencia y dej\u00f3 una advertencia que tiene un destinatario dif\u00edcil de disimular: <a href=\"https:\/\/eleconomista.com.ar\/tags\/javier-milei-t1464\">Javier Milei<\/a>.<\/p>\n<p>En una extensa columna publicada este domingo en <i>La Naci\u00f3n<\/i>, titulada <strong>&#8220;M\u00e1s all\u00e1 del ruido&#8221;<\/strong>, el actual ministro de Desregulaci\u00f3n y Transformaci\u00f3n del Estado reconstruy\u00f3 qu\u00e9 cree que sali\u00f3 mal en el gobierno de Cambiemos y traslad\u00f3 esa experiencia al presente.<\/p>\n<p>El mensaje de fondo puede resumirse de una manera: <strong>Milei no deber\u00eda cometer el error que, seg\u00fan Sturzenegger, cometi\u00f3 Macri<\/strong>.<\/p>\n<p> \ufeff <\/p>\n<p><strong>No perder el rumbo por reaccionar al clima pol\u00edtico, social o medi\u00e1tico de cada semana.<\/strong><\/p>\n<p>Lucas Llach, que fue vicepresidente del <a href=\"https:\/\/eleconomista.com.ar\/tags\/bcra-t1187\">BCRA durante la gesti\u00f3n de Sturzenegger<\/a>, encontr\u00f3 una definici\u00f3n bastante menos acad\u00e9mica para la columna: <mark class=\"marker-yellow\"><strong>&#8220;Un breve manual para evitar las psicopateadas&#8221;<\/strong><\/mark>.<\/p>\n<p>Y probablemente haya dado con el verdadero sentido pol\u00edtico del texto.<\/p>\n<p> \ufeff <\/p>\n<figure class=\"image\"><img loading=\"lazy\" width=\"100\" height=\"100\" class=\"cst_img\" src=\"http:\/\/economiapoliticacba.com\/wp-content\/uploads\/2026\/08\/sturzenegger-recordo-por-que-cayo-macri-y-dejo-una-advertencia-a-milei-el-error-que-no-debe-repetir.webp\" data-src-origin=\"https:\/\/statics.eleconomista.com.ar\/2026\/08\/6a943de781d67.jpg\" alt=\"La definici\u00f3n de Llach. - EE\"><figcaption>La definici\u00f3n de Llach. &#8211; EE<\/figcaption><\/figure>\n<h2>La advertencia de Sturzenegger a Milei mirando el fracaso de Macri<\/h2>\n<p>Sturzenegger arranca su an\u00e1lisis en un momento muy preciso: <strong>fines de 2017<\/strong>.<\/p>\n<p>Para el entonces presidente del Banco Central, aquella Argentina estaba bastante mejor de lo que luego qued\u00f3 grabado en la memoria colectiva.<\/p>\n<p> \ufeff <\/p>\n<p>La econom\u00eda crec\u00eda al 5%, la inversi\u00f3n avanzaba al 20%, la inflaci\u00f3n mensual se ubicaba en 1,4% y la pobreza hab\u00eda descendido hasta 26%.<\/p>\n<p>El clima financiero tambi\u00e9n era completamente diferente. En aquellos meses, mientras <a href=\"https:\/\/eleconomista.com.ar\/finanzas\/el-futuro-ya-llego-n14915\">el cr\u00e9dito comenzaba a crecer con fuerza<\/a>, el Gobierno imaginaba que la estabilizaci\u00f3n macroecon\u00f3mica finalmente empezaba a consolidarse.<\/p>\n<p>Pero simult\u00e1neamente la situaci\u00f3n pol\u00edtica se hab\u00eda vuelto mucho m\u00e1s conflictiva.<\/p>\n<p> \ufeff <\/p>\n<p>Las protestas por la reforma previsional, las im\u00e1genes de violencia frente al Congreso y el aumento de la confrontaci\u00f3n terminaron construyendo, seg\u00fan la lectura que hace ahora Sturzenegger, una sensaci\u00f3n generalizada de crisis.<\/p>\n<p>Y ah\u00ed ubica el error.<\/p>\n<p>Para el actual ministro, Cambiemos permiti\u00f3 que esa percepci\u00f3n modificara su hoja de ruta.<\/p>\n<p> \ufeff <\/p>\n<p>Su primera conclusi\u00f3n es expl\u00edcita: <strong>&#8220;Un gobierno tiene que mantenerse fiel al rumbo y a sus ideas&#8221;<\/strong>.<\/p>\n<p>La segunda es todav\u00eda m\u00e1s pol\u00edtica: un oficialismo debe asumir que, independientemente de sus resultados, la oposici\u00f3n intentar\u00e1 instalar que las cosas marchan mal.<\/p>\n<p>El destinatario de esas dos lecciones no necesita ser nombrado.<\/p>\n<p> \ufeff <\/p>\n<p>Es Milei.&nbsp;<\/p>\n<p>Es, adem\u00e1s, una advertencia a los Santilli&#8217;s de la vida, es decir, los otros integrantes del mundo libertario -m\u00e1s pol\u00edticos- que tienen acceso al o\u00eddo presidencial y que estar\u00edan menos interesados en el purismo del rumbo.<\/p>\n<h2>Milei ante el mismo peligro: cuando el ruido empieza a dominar la agenda<\/h2>\n<p>La comparaci\u00f3n con el presente aparece sola.<\/p>\n<p> \ufeff <\/p>\n<p>El <a href=\"https:\/\/eleconomista.com.ar\/tags\/javier-milei-t1464\">gobierno de Javier Milei<\/a> tambi\u00e9n llega a una etapa decisiva de su gesti\u00f3n convencido de que consigui\u00f3 ordenar variables centrales de la econom\u00eda, mientras alrededor aparecen indicadores sociales, laborales y pol\u00edticos que alimentan un clima mucho menos confortable.<\/p>\n<p>De hecho, dentro del propio equipo econ\u00f3mico ya reconocen que <a href=\"https:\/\/eleconomista.com.ar\/finanzas\/el-mercado-ya-mira-2027-senal-bonos-preocupa-milei-anticipa-una-eleccion-mas-pareja-n97782\">la econom\u00eda no avanza al ritmo que el Gobierno esperaba de cara al calendario electoral<\/a>.<\/p>\n<p><strong>Sturzenegger cree que ah\u00ed est\u00e1 la trampa.<\/strong><\/p>\n<p> \ufeff <\/p>\n<p>Su lectura es que Milei no deber\u00eda modificar el programa simplemente porque aumente la presi\u00f3n alrededor del Gobierno.<\/p>\n<p>Es, en cierta forma, <strong>la lecci\u00f3n que el Sturzenegger de 2026 intenta transmitir despu\u00e9s de haber formado parte del Macri de 2018<\/strong>.<\/p>\n<p>La historia del macrismo funciona para \u00e9l como advertencia.<\/p>\n<p> \ufeff <\/p>\n<p>Cambiemos ven\u00eda de ganar las legislativas de 2017 y buena parte del mercado imaginaba la continuidad de Macri m\u00e1s all\u00e1 de 2019. Pero durante 2018 comenz\u00f3 la crisis cambiaria, la econom\u00eda entr\u00f3 en otra din\u00e1mica y el Gobierno termin\u00f3 recurriendo al FMI.<\/p>\n<p>El deterioro pol\u00edtico fue igualmente acelerado y <a href=\"https:\/\/eleconomista.com.ar\/economia\/macri-mejoro-pero-recupero-todo-lo-perdido-n21885\">la aprobaci\u00f3n de la gesti\u00f3n de Macri cay\u00f3 con fuerza<\/a>.<\/p>\n<p> \ufeff <\/p>\n<p>Sturzenegger propone ahora una interpretaci\u00f3n particular de aquel fracaso: <strong>el problema no habr\u00eda sido solamente econ\u00f3mico, sino tambi\u00e9n pol\u00edtico y psicol\u00f3gico<\/strong>.<\/p>\n<p><mark class=\"marker-yellow\">Macri, sostiene en esencia, empez\u00f3 a reaccionar a la urgencia y termin\u00f3 alej\u00e1ndose del rumbo original.<\/mark><\/p>\n<p> \ufeff <\/p>\n<p>Ese es el fantasma que aparece detr\u00e1s de toda su columna.<\/p>\n<h2>Los n\u00fameros que Sturzenegger usa para defender a Milei<\/h2>\n<p>Para demostrar que Milei no deber\u00eda dejarse llevar por el clima negativo, Sturzenegger construye una extensa defensa de los datos econ\u00f3micos del Gobierno.<\/p>\n<p>Seg\u00fan los n\u00fameros que cita el ministro, Argentina creci\u00f3 6,7% durante el primer a\u00f1o de Milei y 3,5% durante el segundo, tomando la comparaci\u00f3n diciembre contra diciembre.<\/p>\n<p> \ufeff <\/p>\n<p>Adem\u00e1s, se\u00f1ala que el REM proyecta una expansi\u00f3n de 2,7% para este a\u00f1o y de 3% para el pr\u00f3ximo.<\/p>\n<p>Tambi\u00e9n destaca la ca\u00edda de la pobreza desde los niveles alcanzados durante el comienzo del ajuste, el <a href=\"https:\/\/eleconomista.com.ar\/tags\/javier-milei-t1464\">equilibrio fiscal que el Gobierno convirti\u00f3 en el coraz\u00f3n de su programa econ\u00f3mico<\/a> y el comportamiento del sector externo.<\/p>\n<p>Su argumento es que <strong>las principales variables agregadas no describen una econom\u00eda en crisis<\/strong> y que muchas de las cr\u00edticas actuales seleccionan indicadores particulares para construir una imagen mucho m\u00e1s negativa del conjunto.<\/p>\n<p> \ufeff <\/p>\n<p>Ah\u00ed aparece uno de los puntos m\u00e1s interesantes de la columna.<\/p>\n<p>Porque Sturzenegger no discute que existan problemas.<\/p>\n<p> \ufeff <\/p>\n<p>Discute <strong>c\u00f3mo deben interpretarse<\/strong>.<\/p>\n<h2>El empleo formal, uno de los puntos m\u00e1s inc\u00f3modos<\/h2>\n<p>El mejor ejemplo es el mercado laboral.<\/p>\n<p> \ufeff <\/p>\n<p>Sturzenegger sostiene que durante el mandato de Milei se incorporaron alrededor de <strong>500.000 puestos de trabajo<\/strong> si se consideran todas las modalidades.<\/p>\n<p>Pero simult\u00e1neamente reconoce algo que viene mostrando con fuerza la estad\u00edstica oficial: <strong>caen los asalariados privados formales<\/strong>.<\/p>\n<p>La discusi\u00f3n no es menor.<\/p>\n<p> \ufeff <\/p>\n<p><a href=\"https:\/\/eleconomista.com.ar\/economia\/google-anticipa-mas-problemas-empleo-12-meses-caida-una-decada-perdida-trabajo-formal-n97780\">El empleo privado registrado acumula doce meses consecutivos de retroceso<\/a> y desde noviembre de 2023 se perdieron aproximadamente 241.000 puestos asalariados privados formales.<\/p>\n<p>El fen\u00f3meno se convirti\u00f3 en uno de los indicadores que m\u00e1s preocupa a los economistas porque muestra una diferencia cada vez m\u00e1s importante entre la recuperaci\u00f3n de determinados sectores de actividad y la evoluci\u00f3n del empleo privado registrado.<\/p>\n<p>Sturzenegger no niega ese fen\u00f3meno.<\/p>\n<p> \ufeff <\/p>\n<p>Lo interpreta de otra manera.<\/p>\n<p>Parte de la explicaci\u00f3n, afirma, estar\u00eda en el aumento del monotributo y en una transformaci\u00f3n de las modalidades laborales hacia esquemas m\u00e1s flexibles.<\/p>\n<p> \ufeff <\/p>\n<p>Seg\u00fan los n\u00fameros que presenta, crecieron especialmente los puestos no asalariados y los monotributistas.<\/p>\n<p>Ese punto probablemente sintetice toda la disputa econ\u00f3mica de 2026.<\/p>\n<p> \ufeff <\/p>\n<p><strong>Los mismos datos permiten construir historias distintas.<\/strong><\/p>\n<p>Para los cr\u00edticos del Gobierno, la ca\u00edda del empleo asalariado formal muestra una econom\u00eda que crece sin conseguir traducir esa mejora en trabajos privados de calidad.<\/p>\n<p>Para Sturzenegger, mirar exclusivamente ese segmento implica perder de vista la transformaci\u00f3n m\u00e1s amplia del mercado laboral.<\/p>\n<h2>Sturzenegger tambi\u00e9n responde por la mora de las familias<\/h2>\n<p>Algo parecido ocurre con otro de los temas que gan\u00f3 espacio durante las \u00faltimas semanas: <strong>el endeudamiento de los hogares<\/strong>.<\/p>\n<p>La <a href=\"https:\/\/eleconomista.com.ar\/finanzas\/familias-endeudadas-costo-creer-ajuste-era-transitorio-n97577\">mora de las familias viene aumentando con fuerza<\/a> y se convirti\u00f3 en uno de los puntos m\u00e1s sensibles de la econom\u00eda cotidiana.<\/p>\n<p><a href=\"https:\/\/eleconomista.com.ar\/finanzas\/el-informe-habla-todo-mundo-analizo-20-millones-deudores-revela-verdad-sobre-mora-argentina-n97645\">Un an\u00e1lisis de casi 20 millones de deudores<\/a> encontr\u00f3 5,86 millones de personas con problemas de pago, mientras distintos indicadores vienen mostrando un deterioro particularmente fuerte entre los hogares.<\/p>\n<p>La cuesti\u00f3n incluso provoc\u00f3 <a href=\"https:\/\/eleconomista.com.ar\/economia\/el-28-deudores-esta-mora-lacunza-cruzo-bausili-lanzo-una-fuerte-advertencia-n97716\">un duro intercambio entre Santiago Bausili y Hern\u00e1n Lacunza<\/a> sobre c\u00f3mo interpretar el incremento de los atrasos.<\/p>\n<p>Sturzenegger tampoco niega el aumento de la mora.<\/p>\n<p>Pero vuelve a pedir mirar el tama\u00f1o del problema dentro del conjunto del sistema.<\/p>\n<p>Su argumento es que el cr\u00e9dito bancario privado representa apenas 12% del PBI y que la cartera irregular total equivale a menos de un punto del producto.<\/p>\n<p>Es decir: <strong>hay un problema de morosidad, pero rechaza que exista una crisis sist\u00e9mica de endeudamiento<\/strong>.<\/p>\n<p>La diferencia vuelve a ser de interpretaci\u00f3n.<\/p>\n<p>Mientras <a href=\"https:\/\/eleconomista.com.ar\/finanzas\/familias-endeudadas-costo-creer-ajuste-era-transitorio-n97577\">distintos economistas advierten sobre el deterioro de las finanzas de los hogares<\/a>, Sturzenegger sostiene que trasladar ese fen\u00f3meno a la idea de una crisis generalizada implica exagerar el diagn\u00f3stico.<\/p>\n<h2>Los cr\u00e9ditos UVA y otra cicatriz que Sturzenegger conserva del macrismo<\/h2>\n<p>Hay otro pasaje particularmente revelador.<\/p>\n<p>Sturzenegger recuerda los <strong>cr\u00e9ditos hipotecarios UVA<\/strong>, lanzados cuando conduc\u00eda el Banco Central durante la presidencia de Macri.<\/p>\n<p>Para el ministro, ese instrumento termin\u00f3 siendo demonizado por su asociaci\u00f3n pol\u00edtica con Cambiemos pese a que hab\u00eda permitido expandir fuertemente el acceso al cr\u00e9dito hipotecario.<\/p>\n<p>La referencia no es casual.<\/p>\n<p>Esta misma semana, el gobierno de Milei anunci\u00f3 que utilizar\u00e1 <strong>$2 billones del <\/strong><a href=\"https:\/\/eleconomista.com.ar\/tags\/fgs-t1452\"><strong>Fondo de Garant\u00eda de Sustentabilidad<\/strong><\/a> para fondear a los bancos y reactivar los pr\u00e9stamos hipotecarios.<\/p>\n<p><a href=\"https:\/\/eleconomista.com.ar\/economia\/caputo-anuncio-plan-2-billones-fondos-anses-impulsar-creditos-hipotecarios-quienes-podran-acceder-cuanto-deberan-ganar-n97678\">El programa anunciado por Luis Caputo para impulsar el cr\u00e9dito hipotecario<\/a> apunta a facilitar el acceso a hipotecas UVA y podr\u00eda alcanzar a entre 17.000 y 18.000 familias.<\/p>\n<p>La medida aparece, adem\u00e1s, en momentos en que el Gobierno busca herramientas para <a href=\"https:\/\/eleconomista.com.ar\/economia\/puede-fgs-sacar-construccion-pozo-n97746\">reactivar una construcci\u00f3n que todav\u00eda permanece en el pozo<\/a>.<\/p>\n<p>Para Sturzenegger, la experiencia del macrismo deja otra ense\u00f1anza: <strong>las reglas de juego necesitan continuidad<\/strong>.<\/p>\n<p>Su planteo es que Argentina destruye herramientas \u00fatiles cuando las identifica con un determinado gobierno y vuelve a empezar de cero cada vez que cambia el poder pol\u00edtico.<\/p>\n<p>El desaf\u00edo del nuevo esquema ser\u00e1 justamente comprobar si el <a href=\"https:\/\/eleconomista.com.ar\/economia\/puede-fgs-sacar-construccion-pozo-n97746\">FGS puede aportar fondeo de largo plazo al sistema financiero<\/a> sin repetir los problemas anteriores.<\/p>\n<h2>El punto central: Sturzenegger no quiere que Milei se convierta en Macri<\/h2>\n<p>Vista de esa manera, la columna es bastante m\u00e1s que una defensa econ\u00f3mica del Gobierno.<\/p>\n<p>Es casi una <strong>carta escrita desde 2018 hacia 2026<\/strong>.<\/p>\n<p>Sturzenegger form\u00f3 parte de una administraci\u00f3n que lleg\u00f3 a creer que hab\u00eda atravesado lo peor, gan\u00f3 una elecci\u00f3n legislativa con comodidad y proyect\u00f3 su continuidad.<\/p>\n<p>Despu\u00e9s todo cambi\u00f3.<\/p>\n<p>Hoy est\u00e1 dentro de otro gobierno que tambi\u00e9n cree haber realizado buena parte de las correcciones econ\u00f3micas estructurales, que apuesta a consolidar un nuevo ciclo de crecimiento y que ya tiene <a href=\"https:\/\/eleconomista.com.ar\/finanzas\/el-mercado-ya-mira-2027-senal-bonos-preocupa-milei-anticipa-una-eleccion-mas-pareja-n97782\">la mirada puesta sobre la crucial elecci\u00f3n de 2027<\/a>.<\/p>\n<p>Los paralelismos inevitablemente aparecen.<\/p>\n<p>Y en el mercado argentino el fantasma de que vuelvan a <strong>&#8220;pasar cosas&#8221;<\/strong> nunca desapareci\u00f3 por completo. Ya en otros momentos <a href=\"https:\/\/eleconomista.com.ar\/finanzas\/un-paso-falso-potente-fiesta-caputo-n78934\">los inversores discutieron el riesgo de que un paso en falso alterara el programa econ\u00f3mico<\/a>.<\/p>\n<p>Pero Sturzenegger quiere establecer una diferencia fundamental.<\/p>\n<p>Su argumento es que Milei debe hacer exactamente aquello que, en su visi\u00f3n retrospectiva, Macri dej\u00f3 de hacer: <strong>mantenerse fiel a su programa aun cuando cambie el clima alrededor<\/strong>.<\/p>\n<h2>La gran discusi\u00f3n: \u00bfruido o se\u00f1ales que el Gobierno deber\u00eda escuchar?<\/h2>\n<p>Ese es, al mismo tiempo, el punto m\u00e1s potente y m\u00e1s discutible de su planteo.<\/p>\n<p>Porque determinar qu\u00e9 es simplemente <strong>&#8220;ruido&#8221;<\/strong> y qu\u00e9 constituye una se\u00f1al real de deterioro es probablemente una de las tareas m\u00e1s dif\u00edciles para cualquier gobierno.<\/p>\n<p><a href=\"https:\/\/eleconomista.com.ar\/economia\/google-anticipa-mas-problemas-empleo-12-meses-caida-una-decada-perdida-trabajo-formal-n97780\">La ca\u00edda del empleo privado formal<\/a> existe.<\/p>\n<p><a href=\"https:\/\/eleconomista.com.ar\/finanzas\/el-informe-habla-todo-mundo-analizo-20-millones-deudores-revela-verdad-sobre-mora-argentina-n97645\">El aumento de la mora de los hogares<\/a> existe.<\/p>\n<p>Hay sectores productivos con comportamientos muy diferentes y una recuperaci\u00f3n que no llega con la misma intensidad a toda la econom\u00eda.<\/p>\n<p>Incluso <a href=\"https:\/\/eleconomista.com.ar\/finanzas\/el-mercado-ya-mira-2027-senal-bonos-preocupa-milei-anticipa-una-eleccion-mas-pareja-n97782\">el mercado empieza a mirar 2027 con una elecci\u00f3n potencialmente m\u00e1s competitiva de lo que esperaba el oficialismo<\/a>.<\/p>\n<p>Sturzenegger conoce esos datos y los incluye.<\/p>\n<p>Pero su tesis es que ninguno de ellos deber\u00eda llevar al Gobierno a desconocer el cuadro general ni a modificar una estrategia que considera exitosa.<\/p>\n<p>Esa fue, seg\u00fan su reconstrucci\u00f3n, <strong>la curva que se comi\u00f3 Cambiemos<\/strong>.<\/p>\n<p>Y esa es la curva que Milei deber\u00eda evitar.<\/p>\n<p>Por eso la expresi\u00f3n de Lucas Llach resulta especialmente efectiva.<\/p>\n<p>El exvicepresidente del Banco Central describi\u00f3 el texto como <strong>&#8220;un breve manual para evitar las psicopateadas&#8221;<\/strong>.<\/p>\n<p>Detr\u00e1s de la iron\u00eda hay una discusi\u00f3n muy seria sobre el ejercicio del poder.<\/p>\n<p>\u00bfC\u00f3mo distingue un presidente entre una cr\u00edtica que debe ignorar y una advertencia que deber\u00eda escuchar?<\/p>\n<p>\u00bfC\u00f3mo evitar gobernar detr\u00e1s de la encuesta, los mercados o las redes sociales sin caer, al mismo tiempo, en el encierro?<\/p>\n<p>\u00bfEn qu\u00e9 momento sostener el rumbo es convicci\u00f3n y en qu\u00e9 momento se transforma en obstinaci\u00f3n?<\/p>\n<p>Sturzenegger parece creer que ya vio esa pel\u00edcula una vez.<\/p>\n<p>Y su mensaje para Milei es que <strong>el final no tiene por qu\u00e9 repetirse<\/strong>.<\/p>\n<p> <a href=\"https:\/\/www.google.com\/preferences\/source?q=eleconomista.com.ar\" target=\"_blank\" rel=\"noopener nofollow\" class=\"ee-google-follow\" readability=\"2\"> <\/p>\n<div class=\"ee-google-follow-icon\"> <img src=\"http:\/\/economiapoliticacba.com\/wp-content\/uploads\/2026\/08\/sturzenegger-recordo-por-que-cayo-macri-y-dejo-una-advertencia-a-milei-el-error-que-no-debe-repetir.png\" alt=\"Logo de Google\"> <\/div>\n<p> <span class=\"ee-google-follow-top\">Segu\u00ed a El Economista en Google<\/span> <span class=\"ee-google-follow-bottom\">Agreganos a tus medios preferidos.<\/span> <\/p>\n<p>+ Agregar<\/p>\n<p><\/a> <\/p>\n","protected":false},"excerpt":{"rendered":"<p>Federico Sturzenegger estuvo ah\u00ed. No como un observador externo ni como un economista que analiza retrospectivamente una crisis ajena. Era presidente del Banco Central cuando el gobierno de Mauricio Macri atraves\u00f3 uno de los momentos m\u00e1s extra\u00f1os de su administraci\u00f3n: hab\u00eda ganado con contundencia las elecciones legislativas de 2017, la econom\u00eda crec\u00eda, la inversi\u00f3n aceleraba [&hellip;]<\/p>\n","protected":false},"author":1,"featured_media":55569,"comment_status":"closed","ping_status":"closed","sticky":false,"template":"","format":"standard","meta":{"om_disable_all_campaigns":false,"_monsterinsights_skip_tracking":false,"_monsterinsights_sitenote_active":false,"_monsterinsights_sitenote_note":"","_monsterinsights_sitenote_category":0},"categories":[17],"tags":[],"aioseo_notices":[],"_links":{"self":[{"href":"https:\/\/economiapoliticacba.com\/index.php?rest_route=\/wp\/v2\/posts\/55568"}],"collection":[{"href":"https:\/\/economiapoliticacba.com\/index.php?rest_route=\/wp\/v2\/posts"}],"about":[{"href":"https:\/\/economiapoliticacba.com\/index.php?rest_route=\/wp\/v2\/types\/post"}],"author":[{"embeddable":true,"href":"https:\/\/economiapoliticacba.com\/index.php?rest_route=\/wp\/v2\/users\/1"}],"replies":[{"embeddable":true,"href":"https:\/\/economiapoliticacba.com\/index.php?rest_route=%2Fwp%2Fv2%2Fcomments&post=55568"}],"version-history":[{"count":0,"href":"https:\/\/economiapoliticacba.com\/index.php?rest_route=\/wp\/v2\/posts\/55568\/revisions"}],"wp:featuredmedia":[{"embeddable":true,"href":"https:\/\/economiapoliticacba.com\/index.php?rest_route=\/wp\/v2\/media\/55569"}],"wp:attachment":[{"href":"https:\/\/economiapoliticacba.com\/index.php?rest_route=%2Fwp%2Fv2%2Fmedia&parent=55568"}],"wp:term":[{"taxonomy":"category","embeddable":true,"href":"https:\/\/economiapoliticacba.com\/index.php?rest_route=%2Fwp%2Fv2%2Fcategories&post=55568"},{"taxonomy":"post_tag","embeddable":true,"href":"https:\/\/economiapoliticacba.com\/index.php?rest_route=%2Fwp%2Fv2%2Ftags&post=55568"}],"curies":[{"name":"wp","href":"https:\/\/api.w.org\/{rel}","templated":true}]}}