{"id":55562,"date":"2026-08-30T21:46:27","date_gmt":"2026-08-30T21:46:27","guid":{"rendered":"https:\/\/comercioyjusticia.info\/?p=536323"},"modified":"2026-08-30T21:46:27","modified_gmt":"2026-08-30T21:46:27","slug":"arrestaron-a-callejero-fino-en-tigre-cuando-circulaba-en-una-camioneta-sin-patentes-y-portando-un-arma","status":"publish","type":"post","link":"https:\/\/economiapoliticacba.com\/?p=55562","title":{"rendered":"Arrestaron a Callejero Fino en Tigre cuando circulaba en una camioneta sin patentes y portando un arma"},"content":{"rendered":"<div><img src=\"https:\/\/comercioyjusticia.info\/wp-content\/uploads\/2026\/08\/https___thumbs.vodgc_.net_CiudadS330082026171745273626176-1788122629.webp\" class=\"ff-og-image-inserted\"><\/div>\n<p class=\"wp-block-paragraph\">El popular cantante de RKT Sim\u00f3n Natanael Alvarenga, conocido art\u00edsticamente como Callejero Fino, fue aprehendido este domingo por la Polic\u00eda Bonaerense en el partido de Tigre.<\/p>\n<p class=\"wp-block-paragraph\">El m\u00fasico viajaba junto a otro joven en un veh\u00edculo que carec\u00eda de patentes y en cuyo interior las autoridades hallaron un arma de fuego con la numeraci\u00f3n limada.<\/p>\n<p class=\"wp-block-paragraph\">\u200bEl procedimiento tuvo lugar en la intersecci\u00f3n de la avenida Italia y la Ruta 27, mientras efectivos policiales realizaban tareas de patrullaje preventivo.<\/p>\n<p class=\"wp-block-paragraph\">Al notar que una camioneta Volkswagen Amarok transitaba sin las identificaciones dominios colocadas, la patrulla le orden\u00f3 detener la marcha.\u200b<\/p>\n<p class=\"wp-block-paragraph\">Al inspeccionar el veh\u00edculo, los agentes constataron que era conducido por el rapero de 31 a\u00f1os, quien iba acompa\u00f1ado por un hombre de 27.<\/p>\n<p class=\"wp-block-paragraph\">Durante la revisi\u00f3n del veh\u00edculo, el personal policial incaut\u00f3 una pistola Glock calibre .40 que ten\u00eda el n\u00famero de serie suprimido.<\/p>\n<p class=\"wp-block-paragraph\">Trascendi\u00f3 que, al ser interceptado por la polic\u00eda, el artista manifest\u00f3 que se dirig\u00eda a la fiesta de cumplea\u00f1os del novio de la cantante Mar\u00eda Becerra.<\/p>\n<p class=\"wp-block-paragraph\">Sin embargo, ambos ocupantes fueron trasladados a la comisar\u00eda y quedaron a disposici\u00f3n de la Justicia.\u200b<\/p>\n<p class=\"wp-block-paragraph\">La causa se tramita en la Unidad Funcional de Instrucci\u00f3n (UFI) de Benav\u00eddez, donde se dispuso la detenci\u00f3n formal e imputaci\u00f3n de los sospechosos por tenencia ilegal de arma de guerra.<\/p>\n<p class=\"wp-block-paragraph\">Debido a la situaci\u00f3n procesal, la presentaci\u00f3n que el m\u00fasico ten\u00eda prevista para esta misma noche en el Movistar Arena qued\u00f3 en duda, ya que permanecer\u00e1 bajo custodia policial.\u200b<\/p>\n<p class=\"wp-block-paragraph\"><strong>Antecedentes judiciales<\/strong><\/p>\n<p class=\"wp-block-paragraph\">\u200bNo se trata de la primera causa penal en la que se ve involucrado el int\u00e9rprete.<\/p>\n<p class=\"wp-block-paragraph\">A sus 20 a\u00f1os fue condenado a seis a\u00f1os de prisi\u00f3n por un caso de robo, pena que comenz\u00f3 a cumplir en un penal y posteriormente complet\u00f3 en su domicilio mediante arresto con tobillera electr\u00f3nica, causa que dio por saldada a mediados de 2023.<\/p>\n","protected":false},"excerpt":{"rendered":"<p>El popular cantante de RKT Sim\u00f3n Natanael Alvarenga, conocido art\u00edsticamente como Callejero Fino, fue aprehendido este domingo por la Polic\u00eda Bonaerense en el partido de Tigre. El m\u00fasico viajaba junto a otro joven en un veh\u00edculo que carec\u00eda de patentes y en cuyo interior las autoridades hallaron un arma de fuego con la numeraci\u00f3n limada. [&hellip;]<\/p>\n","protected":false},"author":1,"featured_media":55563,"comment_status":"open","ping_status":"closed","sticky":false,"template":"","format":"standard","meta":{"om_disable_all_campaigns":false,"_monsterinsights_skip_tracking":false,"_monsterinsights_sitenote_active":false,"_monsterinsights_sitenote_note":"","_monsterinsights_sitenote_category":0},"categories":[21],"tags":[],"aioseo_notices":[],"_links":{"self":[{"href":"https:\/\/economiapoliticacba.com\/index.php?rest_route=\/wp\/v2\/posts\/55562"}],"collection":[{"href":"https:\/\/economiapoliticacba.com\/index.php?rest_route=\/wp\/v2\/posts"}],"about":[{"href":"https:\/\/economiapoliticacba.com\/index.php?rest_route=\/wp\/v2\/types\/post"}],"author":[{"embeddable":true,"href":"https:\/\/economiapoliticacba.com\/index.php?rest_route=\/wp\/v2\/users\/1"}],"replies":[{"embeddable":true,"href":"https:\/\/economiapoliticacba.com\/index.php?rest_route=%2Fwp%2Fv2%2Fcomments&post=55562"}],"version-history":[{"count":0,"href":"https:\/\/economiapoliticacba.com\/index.php?rest_route=\/wp\/v2\/posts\/55562\/revisions"}],"wp:featuredmedia":[{"embeddable":true,"href":"https:\/\/economiapoliticacba.com\/index.php?rest_route=\/wp\/v2\/media\/55563"}],"wp:attachment":[{"href":"https:\/\/economiapoliticacba.com\/index.php?rest_route=%2Fwp%2Fv2%2Fmedia&parent=55562"}],"wp:term":[{"taxonomy":"category","embeddable":true,"href":"https:\/\/economiapoliticacba.com\/index.php?rest_route=%2Fwp%2Fv2%2Fcategories&post=55562"},{"taxonomy":"post_tag","embeddable":true,"href":"https:\/\/economiapoliticacba.com\/index.php?rest_route=%2Fwp%2Fv2%2Ftags&post=55562"}],"curies":[{"name":"wp","href":"https:\/\/api.w.org\/{rel}","templated":true}]}}