{"id":55449,"date":"2026-08-27T15:51:46","date_gmt":"2026-08-27T15:51:46","guid":{"rendered":"https:\/\/camcomcba.com.ar\/?p=19795"},"modified":"2026-08-27T15:51:46","modified_gmt":"2026-08-27T15:51:46","slug":"la-camara-de-comercio-respalda-el-programa-alivio-cordobes","status":"publish","type":"post","link":"https:\/\/economiapoliticacba.com\/?p=55449","title":{"rendered":"La C\u00e1mara de Comercio respalda el programa \u201cAlivio Cordob\u00e9s\u201d"},"content":{"rendered":"<p><img loading=\"lazy\" width=\"1082\" height=\"720\" src=\"http:\/\/economiapoliticacba.com\/wp-content\/uploads\/2026\/08\/la-camara-de-comercio-respalda-el-programa-alivio-cordobes.jpg\" class=\"imgres wp-post-image\" alt=\"Alivio cordob\u00e9s (magnific)\" decoding=\"async\" fetchpriority=\"high\" srcset=\"http:\/\/economiapoliticacba.com\/wp-content\/uploads\/2026\/08\/la-camara-de-comercio-respalda-el-programa-alivio-cordobes.jpg 1082w, http:\/\/economiapoliticacba.com\/wp-content\/uploads\/2026\/08\/la-camara-de-comercio-respalda-el-programa-alivio-cordobes-1.jpg 541w, http:\/\/economiapoliticacba.com\/wp-content\/uploads\/2026\/08\/la-camara-de-comercio-respalda-el-programa-alivio-cordobes-2.jpg 768w, http:\/\/economiapoliticacba.com\/wp-content\/uploads\/2026\/08\/la-camara-de-comercio-respalda-el-programa-alivio-cordobes-3.jpg 1500w\" sizes=\"(max-width: 1082px) 100vw, 1082px\"><small class=\"text-right\">27\/08\/2026<\/small> <\/p>\n<hr>\n<p><small><span class=\"badge\"><a href=\"https:\/\/camcomcba.com.ar\/tag\/alivio-cordobes\/\" rel=\"tag\">Alivio cordob\u00e9s<\/a><\/span> <span class=\"badge\"><a href=\"https:\/\/camcomcba.com.ar\/tag\/consumo\/\" rel=\"tag\">consumo<\/a><\/span> <span class=\"badge\"><a href=\"https:\/\/camcomcba.com.ar\/tag\/martin-llaryora\/\" rel=\"tag\">Mart\u00edn Llaryora<\/a><\/span> <span class=\"badge\"><a href=\"https:\/\/camcomcba.com.ar\/tag\/sobreendeudamiento\/\" rel=\"tag\">Sobreendeudamiento<\/a><\/span><\/small><\/p>\n<hr>\n<p>La C\u00e1mara de Comercio de C\u00f3rdoba (CCC) celebra el env\u00edo a la Legislatura del proyecto \u201cAlivio Cordob\u00e9s\u201d impulsado por el Gobierno provincial.<\/p>\n<p>La C\u00e1mara entiende que dar respuesta al sobreendeudamiento de las familias es una medida necesaria y urgente para frenar el ahogo financiero de los cordobeses y al mismo tiempo, alentar la recuperaci\u00f3n del consumo interno.<\/p>\n<p>La posibilidad de reducir la carga de los intereses bancarios \u2013gracias al incentivo fiscal provincial sobre estas operaciones\u2013 y ofrecer una Tasa Nominal Anual (TNA) fija m\u00e1xima del 35% con un plazo de entre 24 y 48 cuotas mensuales, permitir\u00e1 acelerar la disponibilidad de recursos para los gastos cotidianos de los hogares y dinamizar\u00e1 la actividad de los comercios locales.<\/p>\n<p>La C\u00e1mara considera que este programa es un paso fundamental por lo siguiente:<\/p>\n<ul>\n<li>Evita la incobrabilidad total y rehabilita al consumidor: al unificar las deudas de tarjetas y pr\u00e9stamos (Situaci\u00f3n 2 y 3) a plazos m\u00e1s largos, se evita que miles de cordobeses quiebren financieramente. Un cliente quebrado es un cliente que sale del sistema; sanear sus finanzas hoy es garantizar que en el futuro cercano vuelva a tener poder adquisitivo para consumir.<\/li>\n<li>Oxigena el presupuesto familiar. Al bajar la cantidad de efectivo que destinan a pagar intereses, se da el respiro necesario para volcar ese excedente al consumo.<\/li>\n<li>A su vez, las entidades financieras tambi\u00e9n tendr\u00e1n una al\u00edcuota especial del 0% en el Impuesto sobre los Ingresos Brutos sobre los intereses y ajustes correspondientes a las operaciones de refinanciaci\u00f3n, reprogramaci\u00f3n o reestructuraci\u00f3n realizadas en el marco de la iniciativa y permitir\u00e1 reducir la mora.<\/li>\n<\/ul>\n<p>La C\u00e1mara de Comercio reafirma que acompa\u00f1ar a las familias en su ordenamiento financiero no solo es una acci\u00f3n de contenci\u00f3n social, sino una estrategia indispensable para cuidar el futuro de las pymes y sostener el empleo en C\u00f3rdoba.<\/p>\n<hr>\n","protected":false},"excerpt":{"rendered":"<p>27\/08\/2026 Alivio cordob\u00e9s consumo Mart\u00edn Llaryora Sobreendeudamiento La C\u00e1mara de Comercio de C\u00f3rdoba (CCC) celebra el env\u00edo a la Legislatura del proyecto \u201cAlivio Cordob\u00e9s\u201d impulsado por el Gobierno provincial. La C\u00e1mara entiende que dar respuesta al sobreendeudamiento de las familias es una medida necesaria y urgente para frenar el ahogo financiero de los cordobeses y [&hellip;]<\/p>\n","protected":false},"author":1,"featured_media":55450,"comment_status":"closed","ping_status":"closed","sticky":false,"template":"","format":"standard","meta":{"om_disable_all_campaigns":false,"_monsterinsights_skip_tracking":false,"_monsterinsights_sitenote_active":false,"_monsterinsights_sitenote_note":"","_monsterinsights_sitenote_category":0},"categories":[17,19],"tags":[],"aioseo_notices":[],"_links":{"self":[{"href":"https:\/\/economiapoliticacba.com\/index.php?rest_route=\/wp\/v2\/posts\/55449"}],"collection":[{"href":"https:\/\/economiapoliticacba.com\/index.php?rest_route=\/wp\/v2\/posts"}],"about":[{"href":"https:\/\/economiapoliticacba.com\/index.php?rest_route=\/wp\/v2\/types\/post"}],"author":[{"embeddable":true,"href":"https:\/\/economiapoliticacba.com\/index.php?rest_route=\/wp\/v2\/users\/1"}],"replies":[{"embeddable":true,"href":"https:\/\/economiapoliticacba.com\/index.php?rest_route=%2Fwp%2Fv2%2Fcomments&post=55449"}],"version-history":[{"count":0,"href":"https:\/\/economiapoliticacba.com\/index.php?rest_route=\/wp\/v2\/posts\/55449\/revisions"}],"wp:featuredmedia":[{"embeddable":true,"href":"https:\/\/economiapoliticacba.com\/index.php?rest_route=\/wp\/v2\/media\/55450"}],"wp:attachment":[{"href":"https:\/\/economiapoliticacba.com\/index.php?rest_route=%2Fwp%2Fv2%2Fmedia&parent=55449"}],"wp:term":[{"taxonomy":"category","embeddable":true,"href":"https:\/\/economiapoliticacba.com\/index.php?rest_route=%2Fwp%2Fv2%2Fcategories&post=55449"},{"taxonomy":"post_tag","embeddable":true,"href":"https:\/\/economiapoliticacba.com\/index.php?rest_route=%2Fwp%2Fv2%2Ftags&post=55449"}],"curies":[{"name":"wp","href":"https:\/\/api.w.org\/{rel}","templated":true}]}}