{"id":5388,"date":"2023-02-02T14:54:58","date_gmt":"2023-02-02T14:54:58","guid":{"rendered":"https:\/\/canalshowsport.com.ar\/?p=264297"},"modified":"2023-02-02T14:54:58","modified_gmt":"2023-02-02T14:54:58","slug":"volvio-antu-hernandez-retorno-a-los-entrenamientos-de-racing","status":"publish","type":"post","link":"https:\/\/economiapoliticacba.com\/?p=5388","title":{"rendered":"\u00a1Volvi\u00f3 Ant\u00fa!: Hern\u00e1ndez retorn\u00f3 a los entrenamientos de Racing"},"content":{"rendered":"<p>Una gran noticia llega desde Nueva Italia: Ant\u00fa Hern\u00e1ndez se sum\u00f3 a los entrenamientos con el plantel de Chiquito Bossio luego de haber sufrido una pulmon\u00eda bilateral a causa de una bacteria que lo dej\u00f3 en estado cr\u00edtico durante casi 20 d\u00edas.<\/p>\n<p>El volante pampeano de 27 a\u00f1os, que lleg\u00f3 como primer refuerzo de <strong><a href=\"https:\/\/canalshowsport.com.ar\/category\/futbol\/racing\/\">Racing <\/a><\/strong>para esta temporada en la Primera Nacional, estuvo intubado en terapia intensiva, evolucion\u00f3 favorablemente de manera gradual y este jueves retorn\u00f3 a los entrenamientos con el resto del equipo.<\/p>\n<p>Ant\u00fa realiz\u00f3 movimientos livianos al costado del campo de juego en el predio Ren\u00e9 Gorrea, mientras sus campa\u00f1eros hicieron f\u00fatbol para terminar de definir detalles a pocos d\u00edas del debut en el campeonato.<\/p>\n<p>En di\u00e1logo con el periodista Juan Manuel Spont\u00f3n, Hern\u00e1ndez manifest\u00f3: <em>&#8220;Estoy muy agradecido, ya todo pas\u00f3 y estoy feliz de estar otra vez en el vestuario con mis compa\u00f1eros. Fueron d\u00edas largos, mi familia sufrio&#8221;.<\/em> <\/p>\n<p>Y agreg\u00f3: <em>&#8220;No me acuerdo de los d\u00edas que estuvo complicado en terapia, despu\u00e9s s\u00ed fui volviendo y estoy feliz. Mis compa\u00f1eros me recibieron bien, me dieron el alta ayer y hoy volv\u00ed a caminar. Ya quiero trotar, pero hay que manejarlo y en poco tiempo nos pondremos botines&#8221;.<\/em><\/p>\n<figure class=\"wp-block-image size-full\"><img loading=\"lazy\" decoding=\"async\" width=\"559\" height=\"1024\" alt=\"\u00a1Volvi\u00f3 Ant\u00fa!: Hern\u00e1ndez retorn\u00f3 a los entrenamientos de Racing | Canal Showsport\" data-sizes=\"(max-width: 559px) 100vw, 559px\" class=\"wp-image-264309 lazyload\" src=\"http:\/\/economiapoliticacba.com\/wp-content\/uploads\/2023\/02\/volvio-antu-hernandez-retorno-a-los-entrenamientos-de-racing.png\" srcset=\"http:\/\/economiapoliticacba.com\/wp-content\/uploads\/2023\/02\/volvio-antu-hernandez-retorno-a-los-entrenamientos-de-racing.png 559w, http:\/\/economiapoliticacba.com\/wp-content\/uploads\/2023\/02\/volvio-antu-hernandez-retorno-a-los-entrenamientos-de-racing-2.png 13w, http:\/\/economiapoliticacba.com\/wp-content\/uploads\/2023\/02\/volvio-antu-hernandez-retorno-a-los-entrenamientos-de-racing-3.png 20w, http:\/\/economiapoliticacba.com\/wp-content\/uploads\/2023\/02\/volvio-antu-hernandez-retorno-a-los-entrenamientos-de-racing-4.png 26w\"><noscript><img loading=\"lazy\" decoding=\"async\" width=\"559\" height=\"1024\" src=\"http:\/\/economiapoliticacba.com\/wp-content\/uploads\/2023\/02\/volvio-antu-hernandez-retorno-a-los-entrenamientos-de-racing.png\" alt=\"\u00a1Volvi\u00f3 Ant\u00fa!: Hern\u00e1ndez retorn\u00f3 a los entrenamientos de Racing | Canal Showsport\" class=\"wp-image-264309\" srcset=\"http:\/\/economiapoliticacba.com\/wp-content\/uploads\/2023\/02\/volvio-antu-hernandez-retorno-a-los-entrenamientos-de-racing.png 559w, http:\/\/economiapoliticacba.com\/wp-content\/uploads\/2023\/02\/volvio-antu-hernandez-retorno-a-los-entrenamientos-de-racing-2.png 13w, http:\/\/economiapoliticacba.com\/wp-content\/uploads\/2023\/02\/volvio-antu-hernandez-retorno-a-los-entrenamientos-de-racing-3.png 20w, http:\/\/economiapoliticacba.com\/wp-content\/uploads\/2023\/02\/volvio-antu-hernandez-retorno-a-los-entrenamientos-de-racing-4.png 26w\" sizes=\"(max-width: 559px) 100vw, 559px\"><\/noscript><figcaption class=\"wp-element-caption\">Foto: prensa <a href=\"https:\/\/twitter.com\/ClubARacing\" target=\"_blank\" rel=\"noopener\">Racing<\/a><\/figcaption><\/figure>\n<p>Foto central: Locos por Racing<\/p>\n","protected":false},"excerpt":{"rendered":"<p>Una gran noticia llega desde Nueva Italia: Ant\u00fa Hern\u00e1ndez se sum\u00f3 a los entrenamientos con el plantel de Chiquito Bossio luego de haber sufrido una pulmon\u00eda bilateral a causa de una bacteria que lo dej\u00f3 en estado cr\u00edtico durante casi 20 d\u00edas. El volante pampeano de 27 a\u00f1os, que lleg\u00f3 como primer refuerzo de Racing [&hellip;]<\/p>\n","protected":false},"author":1,"featured_media":5389,"comment_status":"closed","ping_status":"closed","sticky":false,"template":"","format":"standard","meta":{"om_disable_all_campaigns":false,"_monsterinsights_skip_tracking":false,"_monsterinsights_sitenote_active":false,"_monsterinsights_sitenote_note":"","_monsterinsights_sitenote_category":0},"categories":[16],"tags":[490,57],"aioseo_notices":[],"_links":{"self":[{"href":"https:\/\/economiapoliticacba.com\/index.php?rest_route=\/wp\/v2\/posts\/5388"}],"collection":[{"href":"https:\/\/economiapoliticacba.com\/index.php?rest_route=\/wp\/v2\/posts"}],"about":[{"href":"https:\/\/economiapoliticacba.com\/index.php?rest_route=\/wp\/v2\/types\/post"}],"author":[{"embeddable":true,"href":"https:\/\/economiapoliticacba.com\/index.php?rest_route=\/wp\/v2\/users\/1"}],"replies":[{"embeddable":true,"href":"https:\/\/economiapoliticacba.com\/index.php?rest_route=%2Fwp%2Fv2%2Fcomments&post=5388"}],"version-history":[{"count":0,"href":"https:\/\/economiapoliticacba.com\/index.php?rest_route=\/wp\/v2\/posts\/5388\/revisions"}],"wp:featuredmedia":[{"embeddable":true,"href":"https:\/\/economiapoliticacba.com\/index.php?rest_route=\/wp\/v2\/media\/5389"}],"wp:attachment":[{"href":"https:\/\/economiapoliticacba.com\/index.php?rest_route=%2Fwp%2Fv2%2Fmedia&parent=5388"}],"wp:term":[{"taxonomy":"category","embeddable":true,"href":"https:\/\/economiapoliticacba.com\/index.php?rest_route=%2Fwp%2Fv2%2Fcategories&post=5388"},{"taxonomy":"post_tag","embeddable":true,"href":"https:\/\/economiapoliticacba.com\/index.php?rest_route=%2Fwp%2Fv2%2Ftags&post=5388"}],"curies":[{"name":"wp","href":"https:\/\/api.w.org\/{rel}","templated":true}]}}