{"id":51060,"date":"2026-05-03T14:33:41","date_gmt":"2026-05-03T14:33:41","guid":{"rendered":"https:\/\/canalshowsport.com.ar\/?p=50092"},"modified":"2026-05-03T14:33:41","modified_gmt":"2026-05-03T14:33:41","slug":"belgrano-cierra-su-campana-como-local-frente-a-sarmiento-con-previa-de-showsport-hora-tv-y-posible-formacion","status":"publish","type":"post","link":"https:\/\/economiapoliticacba.com\/?p=51060","title":{"rendered":"Belgrano cierra su campa\u00f1a como local frente a Sarmiento con Previa de Showsport: hora, TV y posible formaci\u00f3n"},"content":{"rendered":"<p><em>En busca de volver al triunfo y \u00bfun Cl\u00e1sico en octavos?<\/em>. <strong>Belgrano <\/strong>recibe a <strong>Sarmiento de Jun\u00edn <\/strong>este domingo a partir de las 16.00 hs, en el Estadio Julio C\u00e9sar Villagra, por la novena fecha aplazada del Torneo Apertura.<\/p>\n<p>El juez designado para impartir justicia ser\u00e1 <strong>Andr\u00e9s Gariano<\/strong> y <strong>Fernando Espinoza<\/strong> se encargar\u00e1 del VAR. La transmisi\u00f3n oficial del encuentro ser\u00e1 a trav\u00e9s de la se\u00f1al de <em>TNT Sports.<\/em><\/p>\n<p>Desde las 14.00 hs sintoniz\u00e1 la <strong>Previa por Showsport<\/strong>, con toda la informaci\u00f3n, actualidad, formaciones, entrevistas y mucho m\u00e1s, en la antesala del cierre como local del \u201cPirata\u201d tras la ca\u00edda ante <strong>Gimnasia de La Plata<\/strong>. <strong>Joaqu\u00edn Valenzuela <\/strong>y <strong>Marcos Torrej\u00f3n<\/strong> ser\u00e1n los conductores, con la participaci\u00f3n de <strong>Luciano Vachillieri<\/strong> desde un m\u00f3vil en vivo en las inmediaciones del estadio.<\/p>\n<figure class=\"wp-block-image size-full\"><img loading=\"lazy\" decoding=\"async\" width=\"2560\" height=\"1440\" src=\"http:\/\/economiapoliticacba.com\/wp-content\/uploads\/2026\/05\/belgrano-cierra-su-campana-como-local-frente-a-sarmiento-con-previa-de-showsport-hora-tv-y-posible-formacion.jpg\" alt class=\"wp-image-50093\" srcset=\"http:\/\/economiapoliticacba.com\/wp-content\/uploads\/2026\/05\/belgrano-cierra-su-campana-como-local-frente-a-sarmiento-con-previa-de-showsport-hora-tv-y-posible-formacion.jpg 2560w, http:\/\/economiapoliticacba.com\/wp-content\/uploads\/2026\/05\/belgrano-cierra-su-campana-como-local-frente-a-sarmiento-con-previa-de-showsport-hora-tv-y-posible-formacion-2.jpg 768w, http:\/\/economiapoliticacba.com\/wp-content\/uploads\/2026\/05\/belgrano-cierra-su-campana-como-local-frente-a-sarmiento-con-previa-de-showsport-hora-tv-y-posible-formacion-3.jpg 1536w, http:\/\/economiapoliticacba.com\/wp-content\/uploads\/2026\/05\/belgrano-cierra-su-campana-como-local-frente-a-sarmiento-con-previa-de-showsport-hora-tv-y-posible-formacion-4.jpg 2048w, http:\/\/economiapoliticacba.com\/wp-content\/uploads\/2026\/05\/belgrano-cierra-su-campana-como-local-frente-a-sarmiento-con-previa-de-showsport-hora-tv-y-posible-formacion-5.jpg 24w, http:\/\/economiapoliticacba.com\/wp-content\/uploads\/2026\/05\/belgrano-cierra-su-campana-como-local-frente-a-sarmiento-con-previa-de-showsport-hora-tv-y-posible-formacion-6.jpg 36w, http:\/\/economiapoliticacba.com\/wp-content\/uploads\/2026\/05\/belgrano-cierra-su-campana-como-local-frente-a-sarmiento-con-previa-de-showsport-hora-tv-y-posible-formacion-7.jpg 48w, http:\/\/economiapoliticacba.com\/wp-content\/uploads\/2026\/05\/belgrano-cierra-su-campana-como-local-frente-a-sarmiento-con-previa-de-showsport-hora-tv-y-posible-formacion-8.jpg 750w, http:\/\/economiapoliticacba.com\/wp-content\/uploads\/2026\/05\/belgrano-cierra-su-campana-como-local-frente-a-sarmiento-con-previa-de-showsport-hora-tv-y-posible-formacion-9.jpg 1140w\" sizes=\"(max-width: 2560px) 100vw, 2560px\"><figcaption class=\"wp-element-caption\"><em>Foto: Prensa Belgrano<\/em><\/figcaption><\/figure>\n<p><strong>Ricardo Zielinski<\/strong> dio a conocer la lista de convocados con el regreso de <strong>Emiliano Rigoni<\/strong>, quien cumpli\u00f3 sus dos partidos de sanci\u00f3n.<\/p>\n<p><strong>Federico Ricca<\/strong> es baja para este encuentro y el partido de octavos en Playoffs, debido a la tarjeta roja directa recibida en el duelo ante el \u201c<em>Lobo platense<\/em>\u201d.<\/p>\n<h4 class=\"wp-block-heading\"><strong>Lista de convocados de Belgrano<\/strong>:<\/h4>\n<blockquote class=\"twitter-tweet\" data-media-max-width=\"560\" readability=\"4.1674876847291\">\n<p lang=\"es\" dir=\"ltr\">\ud83d\udccb <a href=\"https:\/\/twitter.com\/hashtag\/CitadosBelgrano?src=hash&amp;ref_src=twsrc%5Etfw\" rel=\"noopener\">#CitadosBelgrano<\/a> | Estos son los convocados para enfrentar a Sarmiento por la fecha 9\ufe0f\u20e3 del Torneo Apertura.<a href=\"https:\/\/twitter.com\/hashtag\/JuegaLaB?src=hash&amp;ref_src=twsrc%5Etfw\" rel=\"noopener\">#JuegaLaB<\/a> \ud83c\udff4\u200d\u2620\ufe0f <a href=\"https:\/\/t.co\/L6o9E7Qgoq\">pic.twitter.com\/L6o9E7Qgoq<\/a><\/p>\n<p>\u2014 Belgrano (@Belgrano) <a href=\"https:\/\/twitter.com\/Belgrano\/status\/2050727035597996070?ref_src=twsrc%5Etfw\" rel=\"noopener\">May 3, 2026<\/a><\/p><\/blockquote>\n<p><strong>Belgrano <\/strong>buscar\u00e1 volver al triunfo como local y culminar su participaci\u00f3n en la Fase Regular lo m\u00e1s alto posible. Una victoria dejar\u00eda al \u201c<em>Pirata<\/em>\u201d como rival de <strong>Talleres <\/strong>en octavos de final, en lo que podr\u00eda ser un Cl\u00e1sico hist\u00f3rico para C\u00f3rdoba.&nbsp;<\/p>\n<p>Se esperan <strong>cambios en todas las l\u00edneas<\/strong> del once inicial de Ricardo Zielinski, con respecto a la pasada fecha. <strong>Lucas Zelaray\u00e1n<\/strong> y <strong>Franco V\u00e1zquez<\/strong> saldr\u00edan del equipo titular para preservarlos.<\/p>\n<p class=\"has-white-color has-pale-cyan-blue-background-color has-text-color has-background has-link-color wp-elements-406c6fe5a74efd392334595533bee608\"><em><strong>+ \u00bfSos fan\u00e1tico de la Selecci\u00f3n? Showsport sortea un viaje al Mundial.&nbsp;<a href=\"https:\/\/www.instagram.com\/showsportcanal\/p\/DW1vhPiFMOS\/\" rel=\"noopener\">Particip\u00e1 haciendo clic ac\u00e1<\/a><\/strong><\/em><\/p>\n<p>El \u201c<em>Celeste<\/em>\u201d se ubica en la <strong>quinta posici\u00f3n<\/strong> del Grupo B con 23 puntos. Sin embargo, la paridad en su zona genera que una derrota lo podr\u00eda hacer caer hasta el octavo puesto.&nbsp;<\/p>\n<figure class=\"wp-block-image size-full\"><img loading=\"lazy\" decoding=\"async\" width=\"2560\" height=\"1440\" src=\"http:\/\/economiapoliticacba.com\/wp-content\/uploads\/2026\/05\/belgrano-cierra-su-campana-como-local-frente-a-sarmiento-con-previa-de-showsport-hora-tv-y-posible-formacion-1.jpg\" alt class=\"wp-image-50094\" srcset=\"http:\/\/economiapoliticacba.com\/wp-content\/uploads\/2026\/05\/belgrano-cierra-su-campana-como-local-frente-a-sarmiento-con-previa-de-showsport-hora-tv-y-posible-formacion-1.jpg 2560w, http:\/\/economiapoliticacba.com\/wp-content\/uploads\/2026\/05\/belgrano-cierra-su-campana-como-local-frente-a-sarmiento-con-previa-de-showsport-hora-tv-y-posible-formacion-10.jpg 768w, http:\/\/economiapoliticacba.com\/wp-content\/uploads\/2026\/05\/belgrano-cierra-su-campana-como-local-frente-a-sarmiento-con-previa-de-showsport-hora-tv-y-posible-formacion-11.jpg 1536w, http:\/\/economiapoliticacba.com\/wp-content\/uploads\/2026\/05\/belgrano-cierra-su-campana-como-local-frente-a-sarmiento-con-previa-de-showsport-hora-tv-y-posible-formacion-12.jpg 2048w, http:\/\/economiapoliticacba.com\/wp-content\/uploads\/2026\/05\/belgrano-cierra-su-campana-como-local-frente-a-sarmiento-con-previa-de-showsport-hora-tv-y-posible-formacion-13.jpg 24w, http:\/\/economiapoliticacba.com\/wp-content\/uploads\/2026\/05\/belgrano-cierra-su-campana-como-local-frente-a-sarmiento-con-previa-de-showsport-hora-tv-y-posible-formacion-14.jpg 36w, http:\/\/economiapoliticacba.com\/wp-content\/uploads\/2026\/05\/belgrano-cierra-su-campana-como-local-frente-a-sarmiento-con-previa-de-showsport-hora-tv-y-posible-formacion-15.jpg 48w, http:\/\/economiapoliticacba.com\/wp-content\/uploads\/2026\/05\/belgrano-cierra-su-campana-como-local-frente-a-sarmiento-con-previa-de-showsport-hora-tv-y-posible-formacion-16.jpg 750w, http:\/\/economiapoliticacba.com\/wp-content\/uploads\/2026\/05\/belgrano-cierra-su-campana-como-local-frente-a-sarmiento-con-previa-de-showsport-hora-tv-y-posible-formacion-17.jpg 1140w\" sizes=\"(max-width: 2560px) 100vw, 2560px\"><figcaption class=\"wp-element-caption\"><em>Foto: Prensa Belgrano<\/em><\/figcaption><\/figure>\n<p><strong>Sarmiento<\/strong>, por su parte, llega de un gran triunfo por la m\u00ednima ante Tigre, que le dio oportunidades de clasificar a los Playoffs. El equipo dirigido por Facundo Sava est\u00e1 obligado a ganar y espera una serie de resultados <em>para lograr el milagro.<\/em> El \u201c<em>Kiwi<\/em>\u201d se ubica en la <strong>onceava posici\u00f3n<\/strong> del Grupo A con 19 puntos.<\/p>\n<p>Al finalizar el encuentro, prendete al \u201c<strong>Resumen\u201d<\/strong> por <em>Canal Showsport <\/em>para repasar las jugadas m\u00e1s importantes, declaraciones, la opini\u00f3n de los hinchas y el an\u00e1lisis de las acciones de juego.<\/p>\n<h4 class=\"wp-block-heading\"><strong>Posibles formaciones iniciales:<\/strong><\/h4>\n<p><strong>Belgrano<\/strong>: Thiago <strong>Cardozo<\/strong>; Agust\u00edn <strong>Falc\u00f3n<\/strong>, Alexis <strong>Maldonado<\/strong>, Lisandro <strong>L\u00f3pez <\/strong>y Adri\u00e1n <strong>Sp\u00f6rle<\/strong>; Adri\u00e1n <strong>S\u00e1nchez <\/strong>y Santiago <strong>Longo<\/strong>; Emiliano <strong>Rigoni<\/strong>, Francisco <strong>Gonz\u00e1lez Metilli<\/strong> y Ramiro <strong>Hernandes<\/strong>; Lucas <strong>Passerini<\/strong>. DT: Ricardo <strong>Zielinski<\/strong>.<\/p>\n<p><strong>Sarmiento<\/strong>: Javier <strong>Burrai<\/strong>; Thiago <strong>Santamarina<\/strong>, Agust\u00edn <strong>Seyral<\/strong>, Lucas <strong>Su\u00e1rez <\/strong>y Nicol\u00e1s <strong>Pasquini<\/strong>; Santiago <strong>Salle<\/strong>, Mauricio <strong>Mart\u00ednez<\/strong>, Cristian <strong>Zabala <\/strong>y Junior <strong>Marabel<\/strong>; Jhonatan <strong>G\u00f3mez <\/strong>y Pablo <strong>Magnin<\/strong>. DT: Facundo <strong>Sava<\/strong>.<\/p>\n","protected":false},"excerpt":{"rendered":"<p>En busca de volver al triunfo y \u00bfun Cl\u00e1sico en octavos?. Belgrano recibe a Sarmiento de Jun\u00edn este domingo a partir de las 16.00 hs, en el Estadio Julio C\u00e9sar Villagra, por la novena fecha aplazada del Torneo Apertura. El juez designado para impartir justicia ser\u00e1 Andr\u00e9s Gariano y Fernando Espinoza se encargar\u00e1 del VAR. [&hellip;]<\/p>\n","protected":false},"author":1,"featured_media":51061,"comment_status":"closed","ping_status":"closed","sticky":false,"template":"","format":"standard","meta":{"om_disable_all_campaigns":false,"_monsterinsights_skip_tracking":false,"_monsterinsights_sitenote_active":false,"_monsterinsights_sitenote_note":"","_monsterinsights_sitenote_category":0},"categories":[16],"tags":[944,22,34,35,263,532,186],"aioseo_notices":[],"_links":{"self":[{"href":"https:\/\/economiapoliticacba.com\/index.php?rest_route=\/wp\/v2\/posts\/51060"}],"collection":[{"href":"https:\/\/economiapoliticacba.com\/index.php?rest_route=\/wp\/v2\/posts"}],"about":[{"href":"https:\/\/economiapoliticacba.com\/index.php?rest_route=\/wp\/v2\/types\/post"}],"author":[{"embeddable":true,"href":"https:\/\/economiapoliticacba.com\/index.php?rest_route=\/wp\/v2\/users\/1"}],"replies":[{"embeddable":true,"href":"https:\/\/economiapoliticacba.com\/index.php?rest_route=%2Fwp%2Fv2%2Fcomments&post=51060"}],"version-history":[{"count":0,"href":"https:\/\/economiapoliticacba.com\/index.php?rest_route=\/wp\/v2\/posts\/51060\/revisions"}],"wp:featuredmedia":[{"embeddable":true,"href":"https:\/\/economiapoliticacba.com\/index.php?rest_route=\/wp\/v2\/media\/51061"}],"wp:attachment":[{"href":"https:\/\/economiapoliticacba.com\/index.php?rest_route=%2Fwp%2Fv2%2Fmedia&parent=51060"}],"wp:term":[{"taxonomy":"category","embeddable":true,"href":"https:\/\/economiapoliticacba.com\/index.php?rest_route=%2Fwp%2Fv2%2Fcategories&post=51060"},{"taxonomy":"post_tag","embeddable":true,"href":"https:\/\/economiapoliticacba.com\/index.php?rest_route=%2Fwp%2Fv2%2Ftags&post=51060"}],"curies":[{"name":"wp","href":"https:\/\/api.w.org\/{rel}","templated":true}]}}