{"id":51048,"date":"2026-05-03T02:14:49","date_gmt":"2026-05-03T02:14:49","guid":{"rendered":"https:\/\/canalshowsport.com.ar\/?p=50084"},"modified":"2026-05-03T02:14:49","modified_gmt":"2026-05-03T02:14:49","slug":"carlos-tevez-sobre-las-bajas-por-lesion-y-el-posible-rival-de-los-playoffs-sera-belgrano","status":"publish","type":"post","link":"https:\/\/economiapoliticacba.com\/?p=51048","title":{"rendered":"Carlos T\u00e9vez sobre las bajas por lesi\u00f3n y el posible rival de los Playoffs \u00bfSer\u00e1 Belgrano?\u00a0"},"content":{"rendered":"<p><a href=\"https:\/\/canalshowsport.com.ar\/en-juego-talleres-iguala-sin-goles-ante-union-en-santa-fe\/\"><strong>Talleres <\/strong>igual\u00f3 1-1 ante <strong>Uni\u00f3n<\/strong><\/a> como visitante, en el marco de la 9\u00b0 fecha del Torneo Apertura, aplazada anteriormente. Al finalizar el partido, el entrenador <strong>Carlos T\u00e9vez <\/strong>habl\u00f3 en conferencia de prensa sobre el desarrollo del encuentro, los problemas de lesiones en su equipo y el futuro de cara a Playoffs.&nbsp;<\/p>\n<p>El director t\u00e9cnico abri\u00f3 el di\u00e1logo con conformismo por el sacrificio de sus dirigidos. <em>\u201cEs una cancha muy dif\u00edcil para venir a jugar. Fue un <\/em><strong><em>partido chato, muy luchado<\/em><\/strong><em>. Vi muy comprometidos a mis jugadores, sabiendo que ya ten\u00edamos la clasificaci\u00f3n.\u201d<\/em><\/p>\n<p><em>\u201cYo creo que <strong>Talleres compite y eso me hace bien<\/strong>. Tenemos 26 puntos y estamos cuartos, por algo el equipo esta ah\u00ed.\u201d<\/em><\/p>\n<blockquote class=\"twitter-tweet\" data-media-max-width=\"560\" readability=\"7.9661016949153\">\n<p lang=\"es\" dir=\"ltr\"><a href=\"https:\/\/twitter.com\/hashtag\/Talleres?src=hash&amp;ref_src=twsrc%5Etfw\" rel=\"noopener\">#Talleres<\/a> | El t\u00e9cnico Carlos Tevez en <a href=\"https:\/\/twitter.com\/FanaticosLVdos?ref_src=twsrc%5Etfw\" rel=\"noopener\">@FanaticosLVDOS<\/a> en <a href=\"https:\/\/twitter.com\/suenalados?ref_src=twsrc%5Etfw\" rel=\"noopener\">@suenalados<\/a>: &#8220;El que venga tenemos estar concentrados y metidos para sacar el mejor resultado. No se eligen rivales, se juega. Hoy fue un partido chato y luchado, pero los vi muy comprometidos a mis jugadores. Es una\u2026 <a href=\"https:\/\/t.co\/C7JCra18QX\">pic.twitter.com\/C7JCra18QX<\/a><\/p>\n<p>\u2014 Fanaticos.lvdos (@FanaticosLVdos) <a href=\"https:\/\/twitter.com\/FanaticosLVdos\/status\/2050730295364649332?ref_src=twsrc%5Etfw\" rel=\"noopener\">May 3, 2026<\/a><\/p><\/blockquote>\n<p><em>\u201cEl balance es <\/em><strong><em>muy bueno, estoy contento<\/em><\/strong><em>. Me toc\u00f3 muy poco, tres fechas, para poder contar con todos los jugadores. Y luchar con eso&#8230; el equipo demuestra ser un equipo. No tuvimos la mejor suerte en ese semestre, pero lo sacamos adelante&#8221;, <\/em>ampli\u00f3 el \u201c<em>Apache<\/em>\u201d.<\/p>\n<p class=\"has-white-color has-pale-cyan-blue-background-color has-text-color has-background has-link-color wp-elements-406c6fe5a74efd392334595533bee608\"><em><strong>+ \u00bfSos fan\u00e1tico de la Selecci\u00f3n? Showsport sortea un viaje al Mundial.&nbsp;<a href=\"https:\/\/www.instagram.com\/showsportcanal\/p\/DW1vhPiFMOS\/\" rel=\"noopener\">Particip\u00e1 haciendo clic ac\u00e1<\/a><\/strong><\/em><\/p>\n<p>A posteriori, el entrenador analiz\u00f3 los problemas de <strong>lesiones y molestias f\u00edsicas<\/strong> que sufri\u00f3 en su plantel a lo largo de todo el semestre.&nbsp;<\/p>\n<p><em>\u201cTenemos <\/em><strong><em>cinco jugadores afuera<\/em><\/strong><em>, con Cata (Mat\u00edas Catalan) y Franco (Cristaldo) que est\u00e1n tocados. Estamos llev\u00e1ndola y luchando.\u201d<\/em><\/p>\n<figure class=\"wp-block-image size-full\"><img loading=\"lazy\" decoding=\"async\" width=\"1080\" height=\"1080\" src=\"http:\/\/economiapoliticacba.com\/wp-content\/uploads\/2026\/05\/carlos-tevez-sobre-las-bajas-por-lesion-y-el-posible-rival-de-los-playoffs-sera-belgrano.jpg\" alt class=\"wp-image-50085\" srcset=\"http:\/\/economiapoliticacba.com\/wp-content\/uploads\/2026\/05\/carlos-tevez-sobre-las-bajas-por-lesion-y-el-posible-rival-de-los-playoffs-sera-belgrano.jpg 1080w, http:\/\/economiapoliticacba.com\/wp-content\/uploads\/2026\/05\/carlos-tevez-sobre-las-bajas-por-lesion-y-el-posible-rival-de-los-playoffs-sera-belgrano-1.jpg 768w, http:\/\/economiapoliticacba.com\/wp-content\/uploads\/2026\/05\/carlos-tevez-sobre-las-bajas-por-lesion-y-el-posible-rival-de-los-playoffs-sera-belgrano-2.jpg 24w, http:\/\/economiapoliticacba.com\/wp-content\/uploads\/2026\/05\/carlos-tevez-sobre-las-bajas-por-lesion-y-el-posible-rival-de-los-playoffs-sera-belgrano-3.jpg 36w, http:\/\/economiapoliticacba.com\/wp-content\/uploads\/2026\/05\/carlos-tevez-sobre-las-bajas-por-lesion-y-el-posible-rival-de-los-playoffs-sera-belgrano-4.jpg 48w, http:\/\/economiapoliticacba.com\/wp-content\/uploads\/2026\/05\/carlos-tevez-sobre-las-bajas-por-lesion-y-el-posible-rival-de-los-playoffs-sera-belgrano-5.jpg 75w, http:\/\/economiapoliticacba.com\/wp-content\/uploads\/2026\/05\/carlos-tevez-sobre-las-bajas-por-lesion-y-el-posible-rival-de-los-playoffs-sera-belgrano-6.jpg 350w, http:\/\/economiapoliticacba.com\/wp-content\/uploads\/2026\/05\/carlos-tevez-sobre-las-bajas-por-lesion-y-el-posible-rival-de-los-playoffs-sera-belgrano-7.jpg 750w\" sizes=\"(max-width: 1080px) 100vw, 1080px\"><figcaption class=\"wp-element-caption\"><em>Foto: Prensa Talleres<\/em><\/figcaption><\/figure>\n<p>Finalmente, T\u00e9vez analiz\u00f3 la clasificaci\u00f3n de la \u201cT\u201d y el posible enfrentamiento con <a href=\"https:\/\/canalshowsport.com.ar\/futbol\/belgrano\/\"><strong>Belgrano<\/strong><\/a> en los Playoffs.<\/p>\n<p>&nbsp;<em>\u201cEn octavos de final ya es mata-mata. El rival que venga, nosotros tenemos que estar concentrados y metidos para sacar el mejor resultado. Ah\u00ed <\/em><strong><em>ya no se eligen rivales<\/em><\/strong><em>.<\/em><\/p>\n<figure class=\"wp-block-embed is-type-wp-embed is-provider-canal-showsport wp-block-embed-canal-showsport\"><\/figure>\n","protected":false},"excerpt":{"rendered":"<p>Talleres igual\u00f3 1-1 ante Uni\u00f3n como visitante, en el marco de la 9\u00b0 fecha del Torneo Apertura, aplazada anteriormente. Al finalizar el partido, el entrenador Carlos T\u00e9vez habl\u00f3 en conferencia de prensa sobre el desarrollo del encuentro, los problemas de lesiones en su equipo y el futuro de cara a Playoffs.&nbsp; El director t\u00e9cnico abri\u00f3 [&hellip;]<\/p>\n","protected":false},"author":1,"featured_media":51049,"comment_status":"closed","ping_status":"closed","sticky":false,"template":"","format":"standard","meta":{"om_disable_all_campaigns":false,"_monsterinsights_skip_tracking":false,"_monsterinsights_sitenote_active":false,"_monsterinsights_sitenote_note":"","_monsterinsights_sitenote_category":0},"categories":[16],"tags":[1406,34,35,36,2587,133],"aioseo_notices":[],"_links":{"self":[{"href":"https:\/\/economiapoliticacba.com\/index.php?rest_route=\/wp\/v2\/posts\/51048"}],"collection":[{"href":"https:\/\/economiapoliticacba.com\/index.php?rest_route=\/wp\/v2\/posts"}],"about":[{"href":"https:\/\/economiapoliticacba.com\/index.php?rest_route=\/wp\/v2\/types\/post"}],"author":[{"embeddable":true,"href":"https:\/\/economiapoliticacba.com\/index.php?rest_route=\/wp\/v2\/users\/1"}],"replies":[{"embeddable":true,"href":"https:\/\/economiapoliticacba.com\/index.php?rest_route=%2Fwp%2Fv2%2Fcomments&post=51048"}],"version-history":[{"count":0,"href":"https:\/\/economiapoliticacba.com\/index.php?rest_route=\/wp\/v2\/posts\/51048\/revisions"}],"wp:featuredmedia":[{"embeddable":true,"href":"https:\/\/economiapoliticacba.com\/index.php?rest_route=\/wp\/v2\/media\/51049"}],"wp:attachment":[{"href":"https:\/\/economiapoliticacba.com\/index.php?rest_route=%2Fwp%2Fv2%2Fmedia&parent=51048"}],"wp:term":[{"taxonomy":"category","embeddable":true,"href":"https:\/\/economiapoliticacba.com\/index.php?rest_route=%2Fwp%2Fv2%2Fcategories&post=51048"},{"taxonomy":"post_tag","embeddable":true,"href":"https:\/\/economiapoliticacba.com\/index.php?rest_route=%2Fwp%2Fv2%2Ftags&post=51048"}],"curies":[{"name":"wp","href":"https:\/\/api.w.org\/{rel}","templated":true}]}}