{"id":51037,"date":"2026-05-01T21:14:00","date_gmt":"2026-05-01T21:14:00","guid":{"rendered":"https:\/\/economiapoliticacba.com\/?p=51037"},"modified":"2026-05-01T21:14:00","modified_gmt":"2026-05-01T21:14:00","slug":"las-definiciones-del-peronismo-federal-que-se-mostro-en-parque-norte-autocritica-superavit-y-horizontalidad","status":"publish","type":"post","link":"https:\/\/economiapoliticacba.com\/?p=51037","title":{"rendered":"Las definiciones del peronismo federal que se mostr\u00f3 en Parque Norte: autocr\u00edtica, super\u00e1vit y horizontalidad"},"content":{"rendered":"<p><strong>Guillermo Michel<\/strong> y <strong>Juan Manuel Olmos<\/strong> cruzan miradas y se emocionan ante la presencia del otro. &#8220;\u00a1Ehhhhh!&#8221;, exclaman, y se funden en un abrazo tras bambalinas. M\u00e1s tarde, <strong>Victoria Tolosa Paz<\/strong> dir\u00e1 que Michel &#8220;teji\u00f3 para que esta foto ocurriera&#8221;: una postal con unos 20 legisladores nacionales y cerca de 70 intendentes, frente a un auditorio de alrededor de 4.000 militantes que coparon <strong>Parque Norte<\/strong> en un feriado, sin apuro, entre mates y cigarrillos, en el marco del encuentro<strong> &#8220;El peronismo debate para ser alternativa nacional&#8221;<\/strong>.<\/p>\n<p><mark class=\"marker-yellow\"><strong>La tr\u00edada Michel-Olmos-Tolosa fue el cerebro del acto y del espacio que empieza a tomar forma. Un sector del peronismo que apuesta por dos pilares expl\u00edcitos: horizontalidad y autocr\u00edtica<\/strong><\/mark>. &#8220;Primero las ideas&#8221;, repiten como mantra, mientras esquivan definiciones sobre nombres propios. Adem\u00e1s, cuestionan la din\u00e1mica de las internas que atravesaron al Frente de Todos durante su paso por el gobierno y plantean la necesidad de una macroeconom\u00eda ordenada.<\/p>\n<h2>Sin candidato, con 2027 en la mira<\/h2>\n<p>El acto tiene como objetivo poner en debate ideas para construir una propuesta program\u00e1tica y reordenar al peronismo de cara a las presidenciales de <strong>2027<\/strong>. En el escenario, Olmos -titular de la Auditor\u00eda General de la Naci\u00f3n (AGN) y uno de los armadores del espacio- sostiene que <strong>&#8220;el peronismo se tiene que transformar de oposici\u00f3n en alternativa para volver a gobernar la Argentina&#8221;<\/strong>.<\/p>\n<p>Define la jornada como <mark class=\"marker-yellow\"><strong>&#8220;el puntapi\u00e9 inicial&#8221; de un &#8220;proceso colectivo de debate transversal y federal, que no es en contra de ning\u00fan compa\u00f1ero&#8221;<\/strong><\/mark>, y subraya la necesidad de no repetir errores del pasado ni reeditar internas. La diputada Tolosa Paz, por su parte, refuerza la idea: &#8220;El compromiso de la convocatoria es que el peronismo vuelva a gobernar, algo que <strong>va mucho m\u00e1s all\u00e1 de definir candidatos<\/strong>&#8220;.<\/p>\n<figure class=\"image\"><img loading=\"lazy\" width=\"100\" height=\"100\" class=\"cst_img\" src=\"http:\/\/economiapoliticacba.com\/wp-content\/uploads\/2026\/05\/las-definiciones-del-peronismo-federal-que-se-mostro-en-parque-norte-autocritica-superavit-y-horizontalidad.webp\" alt=\"Encuentro &quot;El peronismo debate&quot; en Parque Norte\"><figcaption>Encuentro &#8220;El peronismo debate&#8221; en Parque Norte<\/figcaption><\/figure>\n<div class=\"rela\">\n<div class=\"pic\"> <a href=\"https:\/\/eleconomista.com.ar\/politica\/la-izquierda-avanza-encuestas-mientras-corrupcion-escala-como-principal-problema-n94569\" title=\"La Izquierda Avanza en las encuestas mientras la corrupci\u00f3n escala como principal problema\"><img src=\"http:\/\/economiapoliticacba.com\/wp-content\/uploads\/2026\/05\/las-definiciones-del-peronismo-federal-que-se-mostro-en-parque-norte-autocritica-superavit-y-horizontalidad-1.webp\" alt=\"La Izquierda Avanza en las encuestas mientras la corrupci\u00f3n escala como principal problema\" loading=\"lazy\"><\/a> <\/div><\/div>\n<p>No hay una figura que concentre los reflectores. No est\u00e1n Sergio Massa, Axel Kicillof, Juan Grabois ni M\u00e1ximo Kirchner. No hay, siquiera, un liderazgo \u00fanico. Michel explica a <strong>El Economista<\/strong> que buscaron <strong>evitar figuras que ya hayan lanzado candidaturas presidenciales &#8220;para que la convocatoria no quede encorsetada&#8221;<\/strong>. Y remarca: &#8220;Esto no es una agrupaci\u00f3n. Es todo el peronismo debatiendo. El que quiera venir est\u00e1 invitado&#8221;.<\/p>\n<p>Ante la consulta por el axelismo y el kirchnerismo, los dirigentes esquivan definiciones o los mencionan como actores necesarios de cara a 2027. Pero tanto la apelaci\u00f3n a la horizontalidad como las autocr\u00edticas los tienen, en m\u00e1s de un caso, como referencia impl\u00edcita.<\/p>\n<p>Fuera de c\u00e1mara, uno de los organizadores reconoce que no est\u00e1n alineados con ninguno de los dos. En su diagn\u00f3stico, tanto <strong>La C\u00e1mpora <\/strong>como el <strong>Movimiento Derecho al Futuro<\/strong> de Kicillof funcionan como estructuras que obligan a sumarse a entramados en los que -dejan entrever- no se sienten del todo c\u00f3modos.<\/p>\n<div class=\"rela\">\n<div class=\"pic\"> <a href=\"https:\/\/eleconomista.com.ar\/politica\/el-paso-vacio-adorni-diputados-respaldo-cada-vez-mas-costoso-milei-n94565\" title=\"El paso vac\u00edo de Adorni por Diputados y un respaldo cada vez m\u00e1s costoso para los Milei\"><img src=\"http:\/\/economiapoliticacba.com\/wp-content\/uploads\/2026\/05\/las-definiciones-del-peronismo-federal-que-se-mostro-en-parque-norte-autocritica-superavit-y-horizontalidad-2.webp\" alt=\"El paso vac\u00edo de Adorni por Diputados y un respaldo cada vez m\u00e1s costoso para los Milei\" loading=\"lazy\"><\/a> <\/div><\/div>\n<h2>Un peronismo autocr\u00edtico<\/h2>\n<p>El esp\u00edritu del encuentro incluye autocr\u00edticas expl\u00edcitas. Principalmente sobre el d\u00e9ficit y sobre la necesidad de evitar internas. &#8220;Tenemos que construir una propuesta que nos lleve a que en 2027 podamos recuperar el gobierno nacional, asumiendo todos los errores por los cuales <strong>Javier Milei<\/strong> es presidente. <mark class=\"marker-yellow\"><strong>Lo primero es la autocr\u00edtica sobre la inflaci\u00f3n, el gasto excesivo, el autoritarismo y el &#8216;dedo&#8217;<\/strong><\/mark>&#8220;, plantea el intendente de Ezeiza, <strong>Gast\u00f3n Granados<\/strong>, en di\u00e1logo con <strong>El Economista<\/strong>.<\/p>\n<p>Tambi\u00e9n cuestiona la experiencia del <strong>Frente de Todos<\/strong>: &#8220;<strong>Los dirigentes se ocupaban de sus propios problemas<\/strong> y dejaban a la gente afuera. La actualidad demanda que nos ocupemos de los problemas que tiene la gente&#8221;. Varios de los presentes formaron parte de aquella gesti\u00f3n: Tolosa Paz fue ministra de Desarrollo Social y Michel, titular de la Aduana. Tambi\u00e9n estuvieron en Parque Norte Mat\u00edas Kulfas y Mat\u00edas Lammens, exministros de Desarrollo Productivo y de Turismo y Deportes.<\/p>\n<p>Michel aparece, adem\u00e1s, como uno de los principales impulsores de la idea de super\u00e1vit: <mark class=\"marker-yellow\"><strong>&#8220;Hay que saber que es necesario. Pero no un super\u00e1vit ficticio, sino como el de N\u00e9stor Kirchner, donde se generaba por el crecimiento&#8221;<\/strong>.<\/mark><\/p>\n<figure class=\"image\"><img loading=\"lazy\" width=\"100\" height=\"100\" class=\"cst_img\" src=\"http:\/\/economiapoliticacba.com\/wp-content\/uploads\/2026\/05\/las-definiciones-del-peronismo-federal-que-se-mostro-en-parque-norte-autocritica-superavit-y-horizontalidad-3.webp\" alt=\"Guillermo Michel en el encuentro &quot;El peronismo debate&quot; en Parque Norte\"><figcaption>Guillermo Michel en el encuentro &#8220;El peronismo debate&#8221; en Parque Norte<\/figcaption><\/figure>\n<p>El documento elaborado durante la jornada refuerza esa l\u00ednea: &#8220;El <strong>equilibrio fiscal<\/strong> es una condici\u00f3n t\u00e9cnica necesaria para crecer con estabilidad, pero no es suficiente, es necesario alcanzar el equilibrio social que permita un nivel de salarios y distribuci\u00f3n de la riqueza que construya una sociedad m\u00e1s justa&#8221;. Tambi\u00e9n advierte que <mark class=\"marker-yellow\"><strong>&#8220;la ineficacia en el gasto p\u00fablico es una de las formas m\u00e1s silenciosas de generar desigualdad&#8221;<\/strong><\/mark> y que el desarrollo productivo requiere reglas claras y seguridad jur\u00eddica.<\/p>\n<h2>La postal: intendentes, legisladores y CGT<\/h2>\n<p>Desde las 9.30, la militancia copa los paneles sobre econom\u00eda, trabajo, producci\u00f3n y desarrollo federal -&#8220;no trajimos a nadie acarreado&#8221;, remarcan, orgullosos, los organizadores-. En las comisiones, las salas est\u00e1n llenas y se mezclan tonadas de todo el pa\u00eds, mientras la dirigencia recorre, habla con la prensa y teje acuerdos en voz baja.<\/p>\n<p>El cierre busca mostrar volumen y transversalidad. Adem\u00e1s de los organizadores, est\u00e1n los intendentes <strong>Federico Ach\u00e1val<\/strong> (Pilar), <strong>Pablo Grasso<\/strong> (R\u00edo Gallegos) y <strong>Granados<\/strong>, junto a jefes comunales de todo el pa\u00eds, incluso con gui\u00f1os al cordobesismo de <strong>Mart\u00edn Llaryora<\/strong>. Tambi\u00e9n participan dos triunviros de la CGT: <strong>Jorge Sola<\/strong> y <strong>Cristian Jer\u00f3nimo<\/strong>.<\/p>\n<figure class=\"image\"><img loading=\"lazy\" width=\"100\" height=\"100\" class=\"cst_img\" src=\"http:\/\/economiapoliticacba.com\/wp-content\/uploads\/2026\/05\/las-definiciones-del-peronismo-federal-que-se-mostro-en-parque-norte-autocritica-superavit-y-horizontalidad-4.webp\" alt=\"Gast\u00f3n Granados, Federico Ach\u00e1val, Juan Manuel Olmos, Victoria Tolosa Paz y Guillermo Michel en el encuentro &quot;El peronismo debate&quot;\"><figcaption>Gast\u00f3n Granados, Federico Ach\u00e1val, Juan Manuel Olmos, Victoria Tolosa Paz y Guillermo Michel en el encuentro &#8220;El peronismo debate&#8221;<\/figcaption><\/figure>\n<p>Hay, adem\u00e1s, presencia legislativa: los diputados <strong>Kelly Olmos<\/strong> (CABA), <strong>Juan Pablo Luque <\/strong>(Chubut) y <strong>Pablo Yedlin<\/strong> (Tucum\u00e1n), y los senadores <strong>Marcelo Lewandowski<\/strong> (Santa Fe) y <strong>Ad\u00e1n Bahl<\/strong> (Entre R\u00edos). Tambi\u00e9n se dejan ver los porte\u00f1os <strong>Leandro Santoro<\/strong> y <strong>Lammens<\/strong>, junto a exministros como <strong>Kulfas <\/strong>y <strong>Juan Cabandi\u00e9<\/strong>.<\/p>\n<p><mark class=\"marker-yellow\"><strong>El pr\u00f3ximo paso del armado implica llevar el formato al interior del pa\u00eds y replicar la estructura en otras provincias. Porque, insisten, este acto es el punto de partida hacia 2027<\/strong><\/mark>.<\/p>\n","protected":false},"excerpt":{"rendered":"<p>Guillermo Michel y Juan Manuel Olmos cruzan miradas y se emocionan ante la presencia del otro. &#8220;\u00a1Ehhhhh!&#8221;, exclaman, y se funden en un abrazo tras bambalinas. M\u00e1s tarde, Victoria Tolosa Paz dir\u00e1 que Michel &#8220;teji\u00f3 para que esta foto ocurriera&#8221;: una postal con unos 20 legisladores nacionales y cerca de 70 intendentes, frente a un [&hellip;]<\/p>\n","protected":false},"author":1,"featured_media":51038,"comment_status":"closed","ping_status":"closed","sticky":false,"template":"","format":"standard","meta":{"om_disable_all_campaigns":false,"_monsterinsights_skip_tracking":false,"_monsterinsights_sitenote_active":false,"_monsterinsights_sitenote_note":"","_monsterinsights_sitenote_category":0},"categories":[17,21],"tags":[],"aioseo_notices":[],"_links":{"self":[{"href":"https:\/\/economiapoliticacba.com\/index.php?rest_route=\/wp\/v2\/posts\/51037"}],"collection":[{"href":"https:\/\/economiapoliticacba.com\/index.php?rest_route=\/wp\/v2\/posts"}],"about":[{"href":"https:\/\/economiapoliticacba.com\/index.php?rest_route=\/wp\/v2\/types\/post"}],"author":[{"embeddable":true,"href":"https:\/\/economiapoliticacba.com\/index.php?rest_route=\/wp\/v2\/users\/1"}],"replies":[{"embeddable":true,"href":"https:\/\/economiapoliticacba.com\/index.php?rest_route=%2Fwp%2Fv2%2Fcomments&post=51037"}],"version-history":[{"count":0,"href":"https:\/\/economiapoliticacba.com\/index.php?rest_route=\/wp\/v2\/posts\/51037\/revisions"}],"wp:featuredmedia":[{"embeddable":true,"href":"https:\/\/economiapoliticacba.com\/index.php?rest_route=\/wp\/v2\/media\/51038"}],"wp:attachment":[{"href":"https:\/\/economiapoliticacba.com\/index.php?rest_route=%2Fwp%2Fv2%2Fmedia&parent=51037"}],"wp:term":[{"taxonomy":"category","embeddable":true,"href":"https:\/\/economiapoliticacba.com\/index.php?rest_route=%2Fwp%2Fv2%2Fcategories&post=51037"},{"taxonomy":"post_tag","embeddable":true,"href":"https:\/\/economiapoliticacba.com\/index.php?rest_route=%2Fwp%2Fv2%2Ftags&post=51037"}],"curies":[{"name":"wp","href":"https:\/\/api.w.org\/{rel}","templated":true}]}}