{"id":51013,"date":"2026-05-02T02:08:30","date_gmt":"2026-05-02T02:08:30","guid":{"rendered":"https:\/\/canalshowsport.com.ar\/?p=49894"},"modified":"2026-05-02T02:08:30","modified_gmt":"2026-05-02T02:08:30","slug":"talleres-ya-en-playoffs-enfrenta-a-un-union-que-busca-meterse-en-octavos","status":"publish","type":"post","link":"https:\/\/economiapoliticacba.com\/?p=51013","title":{"rendered":"Talleres ya en playoffs enfrenta a un Uni\u00f3n que busca meterse en octavos"},"content":{"rendered":"<p><strong>Talleres <\/strong>visita a <strong>Uni\u00f3n de Santa Fe<\/strong> este s\u00e1bado a las 18:45 en el estadio 15 de Abril, en el marco de la novena fecha postergada del <strong>Torneo Apertura<\/strong>.<\/p>\n<p>El encuentro contar\u00e1 con el arbitraje de Sebasti\u00e1n Zunino y ser\u00e1 televisado por <em>ESPN Premium<\/em>.<\/p>\n<p class=\"has-text-align-center has-white-color has-pale-cyan-blue-background-color has-text-color has-background has-link-color wp-elements-af7c21831f38eb390ba2ca68fe38333b\"><em><strong>+ \u00bfSos fan\u00e1tico de la Selecci\u00f3n? Showsport sortea un viaje al Mundial.&nbsp;<a href=\"https:\/\/www.instagram.com\/showsportcanal\/p\/DW1vhPiFMOS\/\" rel=\"noopener\">Particip\u00e1 haciendo clic ac\u00e1<\/a><\/strong><\/em><\/p>\n<p>El equipo dirigido por <strong>Carlos T\u00e9vez <\/strong>ya tiene asegurada su clasificaci\u00f3n a los playoffs, pero buscar\u00e1 un triunfo que le permita terminar en lo m\u00e1s alto de la Zona A y as\u00ed definir como <strong>local<\/strong> en el cruce de <strong>octavos de final<\/strong>.<\/p>\n<p>Del otro lado, Uni\u00f3n afronta un duelo clave: necesita ganar para meterse entre los ocho mejores y seguir con vida en el certamen.<\/p>\n<figure class=\"wp-block-image size-full\"><img loading=\"lazy\" decoding=\"async\" width=\"1371\" height=\"913\" src=\"http:\/\/economiapoliticacba.com\/wp-content\/uploads\/2026\/05\/talleres-ya-en-playoffs-enfrenta-a-un-union-que-busca-meterse-en-octavos.png\" alt class=\"wp-image-49897\" srcset=\"http:\/\/economiapoliticacba.com\/wp-content\/uploads\/2026\/05\/talleres-ya-en-playoffs-enfrenta-a-un-union-que-busca-meterse-en-octavos.png 1371w, http:\/\/economiapoliticacba.com\/wp-content\/uploads\/2026\/05\/talleres-ya-en-playoffs-enfrenta-a-un-union-que-busca-meterse-en-octavos-1.png 768w, http:\/\/economiapoliticacba.com\/wp-content\/uploads\/2026\/05\/talleres-ya-en-playoffs-enfrenta-a-un-union-que-busca-meterse-en-octavos-2.png 24w, http:\/\/economiapoliticacba.com\/wp-content\/uploads\/2026\/05\/talleres-ya-en-playoffs-enfrenta-a-un-union-que-busca-meterse-en-octavos-3.png 36w, http:\/\/economiapoliticacba.com\/wp-content\/uploads\/2026\/05\/talleres-ya-en-playoffs-enfrenta-a-un-union-que-busca-meterse-en-octavos-4.png 48w, http:\/\/economiapoliticacba.com\/wp-content\/uploads\/2026\/05\/talleres-ya-en-playoffs-enfrenta-a-un-union-que-busca-meterse-en-octavos-5.png 750w, http:\/\/economiapoliticacba.com\/wp-content\/uploads\/2026\/05\/talleres-ya-en-playoffs-enfrenta-a-un-union-que-busca-meterse-en-octavos-6.png 1140w\" sizes=\"(max-width: 1371px) 100vw, 1371px\"><figcaption class=\"wp-element-caption\"><em>Foto: Prensa Talleres<\/em><\/figcaption><\/figure>\n<p>T\u00e9vez dispondr\u00e1 de una formaci\u00f3n titular, pese a tener el objetivo principal ya cumplido. En ese sentido, todo indica que <strong>Augusto Schott <\/strong>volver\u00e1 a la titularidad en el lateral derecho en lugar de Alex Vigo, tras haber cumplido una fecha de suspensi\u00f3n ante Estudiantes en La Plata.<\/p>\n<p>Adem\u00e1s, el entrenador realizar\u00eda dos variantes m\u00e1s pensando en preservar jugadores: <strong>Jos\u00e9 Luis Palomino <\/strong>y<strong> Valent\u00edn Depietri <\/strong>ingresar\u00edan por Santiago Fern\u00e1ndez y Diego Valoyes, respectivamente, quienes terminaron con molestias musculares en el \u00faltimo encuentro y ser\u00edan resguardados de cara a los octavos de final.<\/p>\n<p>De esta manera, todo indica que Talleres formar\u00eda con Guido Herrera; Augusto Schott, Mat\u00edas Catal\u00e1n, Jos\u00e9 Luis Palomino y Alexandro Maidana; Mateo C\u00e1ceres y Mat\u00edas Galarza; Valent\u00edn Depietri, Franco Cristaldo y Rick; y Ronaldo Mart\u00ednez.<\/p>\n<h3 class=\"wp-block-heading\"><strong>Tabla de posiciones | Torneo Apertura 2026<\/strong><\/h3>\n","protected":false},"excerpt":{"rendered":"<p>Talleres visita a Uni\u00f3n de Santa Fe este s\u00e1bado a las 18:45 en el estadio 15 de Abril, en el marco de la novena fecha postergada del Torneo Apertura. El encuentro contar\u00e1 con el arbitraje de Sebasti\u00e1n Zunino y ser\u00e1 televisado por ESPN Premium. + \u00bfSos fan\u00e1tico de la Selecci\u00f3n? Showsport sortea un viaje al [&hellip;]<\/p>\n","protected":false},"author":1,"featured_media":51014,"comment_status":"closed","ping_status":"closed","sticky":false,"template":"","format":"standard","meta":{"om_disable_all_campaigns":false,"_monsterinsights_skip_tracking":false,"_monsterinsights_sitenote_active":false,"_monsterinsights_sitenote_note":"","_monsterinsights_sitenote_category":0},"categories":[16],"tags":[320,36,133],"aioseo_notices":[],"_links":{"self":[{"href":"https:\/\/economiapoliticacba.com\/index.php?rest_route=\/wp\/v2\/posts\/51013"}],"collection":[{"href":"https:\/\/economiapoliticacba.com\/index.php?rest_route=\/wp\/v2\/posts"}],"about":[{"href":"https:\/\/economiapoliticacba.com\/index.php?rest_route=\/wp\/v2\/types\/post"}],"author":[{"embeddable":true,"href":"https:\/\/economiapoliticacba.com\/index.php?rest_route=\/wp\/v2\/users\/1"}],"replies":[{"embeddable":true,"href":"https:\/\/economiapoliticacba.com\/index.php?rest_route=%2Fwp%2Fv2%2Fcomments&post=51013"}],"version-history":[{"count":0,"href":"https:\/\/economiapoliticacba.com\/index.php?rest_route=\/wp\/v2\/posts\/51013\/revisions"}],"wp:featuredmedia":[{"embeddable":true,"href":"https:\/\/economiapoliticacba.com\/index.php?rest_route=\/wp\/v2\/media\/51014"}],"wp:attachment":[{"href":"https:\/\/economiapoliticacba.com\/index.php?rest_route=%2Fwp%2Fv2%2Fmedia&parent=51013"}],"wp:term":[{"taxonomy":"category","embeddable":true,"href":"https:\/\/economiapoliticacba.com\/index.php?rest_route=%2Fwp%2Fv2%2Fcategories&post=51013"},{"taxonomy":"post_tag","embeddable":true,"href":"https:\/\/economiapoliticacba.com\/index.php?rest_route=%2Fwp%2Fv2%2Ftags&post=51013"}],"curies":[{"name":"wp","href":"https:\/\/api.w.org\/{rel}","templated":true}]}}