{"id":51001,"date":"2026-05-02T00:48:09","date_gmt":"2026-05-02T00:48:09","guid":{"rendered":"https:\/\/canalshowsport.com.ar\/?p=49951"},"modified":"2026-05-02T00:48:09","modified_gmt":"2026-05-02T00:48:09","slug":"sin-valoyes-ni-fernandez-los-convocados-en-talleres-para-enfrentar-a-union","status":"publish","type":"post","link":"https:\/\/economiapoliticacba.com\/?p=51001","title":{"rendered":"Sin Valoyes ni Fern\u00e1ndez, los convocados en Talleres para enfrentar a Uni\u00f3n"},"content":{"rendered":"<p><a href=\"https:\/\/canalshowsport.com.ar\/talleres-ya-en-playoffs-enfrenta-a-un-union-que-busca-meterse-en-octavos\/\" data-type=\"link\" data-id=\"https:\/\/canalshowsport.com.ar\/talleres-ya-en-playoffs-enfrenta-a-un-union-que-busca-meterse-en-octavos\/\"><strong>Talleres<\/strong> ya se encuentra en Santa Fe, a la espera del partido de este s\u00e1bado a las 18.45 ante <strong>Uni\u00f3<\/strong><\/a><strong>n<\/strong>, en lo que ser\u00e1 el cierre de la fase regular del Torneo Apertura. Con la clasificaci\u00f3n a octavos de final ya asegurada, el &#8220;Matador&#8221; busca un triunfo que le permita definir el primer cruce de playoffs en el Kempes.<\/p>\n<p>Para este choque, Carlos T\u00e9vez present\u00f3 una<strong> lista de 19 convocados<\/strong>, con algunas <strong>ausencias<\/strong> respecto a la \u00faltima n\u00f3mina.<\/p>\n<figure class=\"wp-block-image size-full\"><img loading=\"lazy\" decoding=\"async\" width=\"1195\" height=\"612\" src=\"http:\/\/economiapoliticacba.com\/wp-content\/uploads\/2026\/05\/sin-valoyes-ni-fernandez-los-convocados-en-talleres-para-enfrentar-a-union.png\" alt class=\"wp-image-49092\" srcset=\"http:\/\/economiapoliticacba.com\/wp-content\/uploads\/2026\/05\/sin-valoyes-ni-fernandez-los-convocados-en-talleres-para-enfrentar-a-union.png 1195w, http:\/\/economiapoliticacba.com\/wp-content\/uploads\/2026\/05\/sin-valoyes-ni-fernandez-los-convocados-en-talleres-para-enfrentar-a-union-1.png 768w, http:\/\/economiapoliticacba.com\/wp-content\/uploads\/2026\/05\/sin-valoyes-ni-fernandez-los-convocados-en-talleres-para-enfrentar-a-union-2.png 24w, http:\/\/economiapoliticacba.com\/wp-content\/uploads\/2026\/05\/sin-valoyes-ni-fernandez-los-convocados-en-talleres-para-enfrentar-a-union-3.png 36w, http:\/\/economiapoliticacba.com\/wp-content\/uploads\/2026\/05\/sin-valoyes-ni-fernandez-los-convocados-en-talleres-para-enfrentar-a-union-4.png 48w, http:\/\/economiapoliticacba.com\/wp-content\/uploads\/2026\/05\/sin-valoyes-ni-fernandez-los-convocados-en-talleres-para-enfrentar-a-union-5.png 750w, http:\/\/economiapoliticacba.com\/wp-content\/uploads\/2026\/05\/sin-valoyes-ni-fernandez-los-convocados-en-talleres-para-enfrentar-a-union-6.png 1140w\" sizes=\"(max-width: 1195px) 100vw, 1195px\"><\/figure>\n<p><strong>Diego Valoyes<\/strong> y <strong>Santiago Fern\u00e1ndez<\/strong>, titulares el partido pasado ante Estudiantes LP, trabajaron de manera diferenciada durante toda la semana y fueron preservados para los octavos. A ellos se suman las ausencias de <strong>Bruno Barticciotto<\/strong>, con una sobrecarga en el cu\u00e1driceps, y <strong>Mart\u00edn R\u00edo<\/strong>.<\/p>\n<h4 class=\"wp-block-heading has-white-color has-pale-cyan-blue-background-color has-text-color has-background has-link-color wp-elements-5512b58dd52f1f13b7badd9487aec74e\"><em><strong>+ \u00bfSos fan\u00e1tico de la Selecci\u00f3n? Showsport sortea un viaje al Mundial.&nbsp;<a href=\"https:\/\/www.instagram.com\/showsportcanal\/p\/DW1vhPiFMOS\/\" rel=\"noopener\">Particip\u00e1 haciendo clic ac\u00e1<\/a><\/strong><\/em><\/h4>\n<p>Otra baja obligada es la de <strong>Juan Sforza<\/strong>, quien lleg\u00f3 al l\u00edmite de cinco tarjetas amarillas y deber\u00e1 cumplir una fecha de sanci\u00f3n, quedando limpio para la fase eliminatoria.<\/p>\n<p>Actualmente, la &#8220;T&#8221; marcha en la cuarta posici\u00f3n de la Zona A con 25 unidades, y una victoria en el Estadio 15 de Abril le asegurar\u00eda la ventaja deportiva de jugar los octavos con el aliento de su gente.<\/p>\n<h4 class=\"wp-block-heading\">Las citados de Talleres vs Uni\u00f3n:<\/h4>\n<figure class=\"wp-block-image size-full\"><img loading=\"lazy\" decoding=\"async\" width=\"1080\" height=\"1350\" src=\"http:\/\/economiapoliticacba.com\/wp-content\/uploads\/2026\/05\/sin-valoyes-ni-fernandez-los-convocados-en-talleres-para-enfrentar-a-union.jpg\" alt class=\"wp-image-49952\" srcset=\"http:\/\/economiapoliticacba.com\/wp-content\/uploads\/2026\/05\/sin-valoyes-ni-fernandez-los-convocados-en-talleres-para-enfrentar-a-union.jpg 1080w, http:\/\/economiapoliticacba.com\/wp-content\/uploads\/2026\/05\/sin-valoyes-ni-fernandez-los-convocados-en-talleres-para-enfrentar-a-union-1.jpg 768w, http:\/\/economiapoliticacba.com\/wp-content\/uploads\/2026\/05\/sin-valoyes-ni-fernandez-los-convocados-en-talleres-para-enfrentar-a-union-2.jpg 19w, http:\/\/economiapoliticacba.com\/wp-content\/uploads\/2026\/05\/sin-valoyes-ni-fernandez-los-convocados-en-talleres-para-enfrentar-a-union-3.jpg 29w, http:\/\/economiapoliticacba.com\/wp-content\/uploads\/2026\/05\/sin-valoyes-ni-fernandez-los-convocados-en-talleres-para-enfrentar-a-union-4.jpg 38w, http:\/\/economiapoliticacba.com\/wp-content\/uploads\/2026\/05\/sin-valoyes-ni-fernandez-los-convocados-en-talleres-para-enfrentar-a-union-5.jpg 750w\" sizes=\"(max-width: 1080px) 100vw, 1080px\"><\/figure>\n","protected":false},"excerpt":{"rendered":"<p>Talleres ya se encuentra en Santa Fe, a la espera del partido de este s\u00e1bado a las 18.45 ante Uni\u00f3n, en lo que ser\u00e1 el cierre de la fase regular del Torneo Apertura. Con la clasificaci\u00f3n a octavos de final ya asegurada, el &#8220;Matador&#8221; busca un triunfo que le permita definir el primer cruce de [&hellip;]<\/p>\n","protected":false},"author":1,"featured_media":51002,"comment_status":"closed","ping_status":"closed","sticky":false,"template":"","format":"standard","meta":{"om_disable_all_campaigns":false,"_monsterinsights_skip_tracking":false,"_monsterinsights_sitenote_active":false,"_monsterinsights_sitenote_note":"","_monsterinsights_sitenote_category":0},"categories":[16],"tags":[163,36,133],"aioseo_notices":[],"_links":{"self":[{"href":"https:\/\/economiapoliticacba.com\/index.php?rest_route=\/wp\/v2\/posts\/51001"}],"collection":[{"href":"https:\/\/economiapoliticacba.com\/index.php?rest_route=\/wp\/v2\/posts"}],"about":[{"href":"https:\/\/economiapoliticacba.com\/index.php?rest_route=\/wp\/v2\/types\/post"}],"author":[{"embeddable":true,"href":"https:\/\/economiapoliticacba.com\/index.php?rest_route=\/wp\/v2\/users\/1"}],"replies":[{"embeddable":true,"href":"https:\/\/economiapoliticacba.com\/index.php?rest_route=%2Fwp%2Fv2%2Fcomments&post=51001"}],"version-history":[{"count":0,"href":"https:\/\/economiapoliticacba.com\/index.php?rest_route=\/wp\/v2\/posts\/51001\/revisions"}],"wp:featuredmedia":[{"embeddable":true,"href":"https:\/\/economiapoliticacba.com\/index.php?rest_route=\/wp\/v2\/media\/51002"}],"wp:attachment":[{"href":"https:\/\/economiapoliticacba.com\/index.php?rest_route=%2Fwp%2Fv2%2Fmedia&parent=51001"}],"wp:term":[{"taxonomy":"category","embeddable":true,"href":"https:\/\/economiapoliticacba.com\/index.php?rest_route=%2Fwp%2Fv2%2Fcategories&post=51001"},{"taxonomy":"post_tag","embeddable":true,"href":"https:\/\/economiapoliticacba.com\/index.php?rest_route=%2Fwp%2Fv2%2Ftags&post=51001"}],"curies":[{"name":"wp","href":"https:\/\/api.w.org\/{rel}","templated":true}]}}