{"id":50993,"date":"2026-04-30T23:47:39","date_gmt":"2026-04-30T23:47:39","guid":{"rendered":"https:\/\/www.clubtalleres.com.ar\/?p=210729"},"modified":"2026-04-30T23:47:39","modified_gmt":"2026-04-30T23:47:39","slug":"reserva-derrota-albiazul-ante-godoy-cruz","status":"publish","type":"post","link":"https:\/\/economiapoliticacba.com\/?p=50993","title":{"rendered":"Reserva: Derrota albiazul ante Godoy Cruz"},"content":{"rendered":"<div><img src=\"http:\/\/economiapoliticacba.com\/wp-content\/uploads\/2026\/05\/reserva-derrota-albiazul-ante-godoy-cruz.jpg\" class=\"ff-og-image-inserted\"><\/div>\n<p>El equipo conducido t\u00e9cnicamente por <strong>Ezequiel Carboni<\/strong> se present\u00f3 este jueves en el Predio Coquimbito. En el marco de la Fecha 11 del Torneo Proyecci\u00f3n Apertura 2026 Talleres perdi\u00f3 ante el Tomba 2 a 1.<\/p>\n<p>Sebasti\u00e1n Corradi marc\u00f3 el gol albiazul, mientras que Kevin Valdez anot\u00f3 los goles del local<\/p>\n<p>El cotejo fue arbitrado por <em>Antonela \u00c1lvarez<\/em>, quien fue asistida por<em>Franco Chavez y Santiago Araujo<\/em>. <em>Camila Gette<\/em> complet\u00f3 el cuarteto arbitral.<\/p>\n<p>En su pr\u00f3ximo partido <strong>el Matador<\/strong> recibir\u00e1 a Atl\u00e9tico Tucum\u00e1n el pr\u00f3ximo mi\u00e9rcoles 6 de mayo, a las 19.00 hs.<\/p>\n<p><strong>S\u00cdNTESIS<br \/>Godoy Cruz(2):<\/strong> 1. Santiago Correa; 4. Agust\u00edn P\u00e9rez, 2. Ger\u00f3nimo Montivero, 6. Matias Funes, 3. Juan Ignacio L\u00f3pez; 8. Benjam\u00edn Rojas, 5. Lautaro Rivarola, 10. Juli\u00e1n Alberti, 7. Antonio Guerrero; 11. Tom\u00e1s Pesce, 9. Kevin Valdez.<br \/><strong>Suplentes:<\/strong> 12. Renzo Florindo, 13. Agust\u00edn Grimaldi, 14. Pedro Paillalef, 15. Lucio Cruce\u00f1o, 16. Luciano Camarda, 17. Thiago Barassi, 18. Tiago Funes, 19. Juan Codina, 20. Jonatan Vallejo, 21. Joel Lebron, 22. Joaqu\u00edn Uroz, 23. Felipe Heredia. DT: Osvaldo Miranda.<br \/><strong>Talleres(1):<\/strong> 1. Jerem\u00edas Florent\u00edn; 4. Thiago Baroni, 2. Joaqu\u00edn Soria, 5. Mat\u00edas Ru\u00edz; 7. Ignacio Alastra, 6. Bruno Trey, 8. Mat\u00edas C\u00e1ceres, 3. Facundo Lucero; 11. Daniel Ribera, 9. Sebasti\u00e1n Corradi, 10. Pedro Gonz\u00e1lez.<br \/><strong>Suplentes:<\/strong> 12. Felipe Pontoni, 13. Gianluca Garavaglia, 14. Joaqu\u00edn Salas, 15. Lucio Ferrari, 16. Misael Zalazar, 17. Lautaro Ortiz, 18. Ciro Sueldo, 19. Jano D\u00edaz, 20. Emiliano Daghero, 21. Santiago Albarrac\u00edn.&nbsp;&nbsp; DT: Ezequiel Carboni.<br \/><strong>Goles:<\/strong> 2\u2019 PT Kevin Valdez (GC), 15\u2019 PT Kevin Valdez (GC), 32\u2019 ST Sebasti\u00e1n Corradi (T).<br \/><strong>Cambios en Godoy Cruz:<\/strong> Pedro Paillalef por Mat\u00edas Funes, Agust\u00edn Grimaldi por Juan Ignacio L\u00f3pez, Felipe Heredia por Kevin Valdez, Luciano Camarda por Lautaro Rivarola, Lucio Cruce\u00f1o por Antonio Guerrero.<br \/><strong>Cambios en Talleres:<\/strong> Lautaro Ortiz por Bruno Trey, Joaqu\u00edn Salas por Thiago Baroni, Misael Zalazar por Ignacio Alastra, Jano D\u00edaz por Facundo Lucero, Emiliano Daghero por Pedro Gonz\u00e1lez.<br \/><strong>Amonestados:<\/strong> Mat\u00edas Ru\u00edz (T), Agust\u00edn P\u00e9rez (GC), Tom\u00e1s Pesce (GC), Thiago Baroni (T), Benjam\u00edn Rojas (GC)<br \/><strong>Expulsados:<\/strong> -.<br \/><strong>\u00c1rbitra:<\/strong> Antonela \u00c1lvarez<\/p>\n<p>Foto: Prensa de Godoy Cruz<\/p>\n","protected":false},"excerpt":{"rendered":"<p>El equipo conducido t\u00e9cnicamente por Ezequiel Carboni se present\u00f3 este jueves en el Predio Coquimbito. En el marco de la Fecha 11 del Torneo Proyecci\u00f3n Apertura 2026 Talleres perdi\u00f3 ante el Tomba 2 a 1. Sebasti\u00e1n Corradi marc\u00f3 el gol albiazul, mientras que Kevin Valdez anot\u00f3 los goles del local El cotejo fue arbitrado por [&hellip;]<\/p>\n","protected":false},"author":1,"featured_media":50994,"comment_status":"closed","ping_status":"closed","sticky":false,"template":"","format":"standard","meta":{"om_disable_all_campaigns":false,"_monsterinsights_skip_tracking":false,"_monsterinsights_sitenote_active":false,"_monsterinsights_sitenote_note":"","_monsterinsights_sitenote_category":0},"categories":[16],"tags":[],"aioseo_notices":[],"_links":{"self":[{"href":"https:\/\/economiapoliticacba.com\/index.php?rest_route=\/wp\/v2\/posts\/50993"}],"collection":[{"href":"https:\/\/economiapoliticacba.com\/index.php?rest_route=\/wp\/v2\/posts"}],"about":[{"href":"https:\/\/economiapoliticacba.com\/index.php?rest_route=\/wp\/v2\/types\/post"}],"author":[{"embeddable":true,"href":"https:\/\/economiapoliticacba.com\/index.php?rest_route=\/wp\/v2\/users\/1"}],"replies":[{"embeddable":true,"href":"https:\/\/economiapoliticacba.com\/index.php?rest_route=%2Fwp%2Fv2%2Fcomments&post=50993"}],"version-history":[{"count":0,"href":"https:\/\/economiapoliticacba.com\/index.php?rest_route=\/wp\/v2\/posts\/50993\/revisions"}],"wp:featuredmedia":[{"embeddable":true,"href":"https:\/\/economiapoliticacba.com\/index.php?rest_route=\/wp\/v2\/media\/50994"}],"wp:attachment":[{"href":"https:\/\/economiapoliticacba.com\/index.php?rest_route=%2Fwp%2Fv2%2Fmedia&parent=50993"}],"wp:term":[{"taxonomy":"category","embeddable":true,"href":"https:\/\/economiapoliticacba.com\/index.php?rest_route=%2Fwp%2Fv2%2Fcategories&post=50993"},{"taxonomy":"post_tag","embeddable":true,"href":"https:\/\/economiapoliticacba.com\/index.php?rest_route=%2Fwp%2Fv2%2Ftags&post=50993"}],"curies":[{"name":"wp","href":"https:\/\/api.w.org\/{rel}","templated":true}]}}