{"id":50983,"date":"2026-05-01T15:43:41","date_gmt":"2026-05-01T15:43:41","guid":{"rendered":"http:\/\/69f4c89527c48e2f873708a8"},"modified":"2026-05-01T15:43:41","modified_gmt":"2026-05-01T15:43:41","slug":"regreso-esperado-con-epicentro-en-chopin-vuelve-el-ciclo-cordoba-clasica","status":"publish","type":"post","link":"https:\/\/economiapoliticacba.com\/?p=50983","title":{"rendered":"Regreso esperado: con epicentro en Chopin, vuelve el ciclo \u201cC\u00f3rdoba cl\u00e1sica\u201d"},"content":{"rendered":"<p><img src=\"http:\/\/economiapoliticacba.com\/wp-content\/uploads\/2026\/05\/regreso-esperado-con-epicentro-en-chopin-vuelve-el-ciclo-cordoba-clasica.jpg\"><\/p>\n<p>Con cambio de escenario incluido, este 2026 finalmente tendr\u00e1 a <strong>\u201cC\u00f3rdoba cl\u00e1sica\u201d<\/strong> en escena.<\/p>\n<p>El tradicional ciclo musical comienza el pr\u00f3ximo mi\u00e9rcoles 6 de mayo desde las 20:30 con la presentaci\u00f3n de \u201cChopin, alma eslava\u201d.<\/p>\n<p>El pianista <strong>Pablo Rocchietti <\/strong>tendr\u00e1 a su cargo la interpretaci\u00f3n y el relato de la recorrida art\u00edstica que cambi\u00f3 la forma de tocar el piano: Fr\u00e9d\u00e9ric Chopin.<\/p>\n<p>Los organizadores anticipan que \u201cdebido a las obras edilicias que se llevan adelante en el Aula Magna, el ciclo C\u00f3rdoba Cl\u00e1sica se trasladar\u00e1 temporalmente al Auditorio Diego de Torres SJ de la Universidad Cat\u00f3lica de C\u00f3rdoba\u201d.<\/p>\n<p><a rel=\"noopener nofollow\" href=\"https:\/\/mpago.la\/2gp2wN1\" target=\"_blank\">Las entradas anticipadas se venden a $ 15.000 y se pueden conseguir on line, a trav\u00e9s de Mercado Pago<\/a>.<\/p>\n<p>En la sala, el d\u00eda del evento, tendr\u00e1n un costo de $ 17.000.<\/p>\n<figure class=\"multimedia\" data-tadevel-template=\"web\/multimedia\" data-type=\"photo\">\n<div class=\"content\">\n<div class=\"sizer\" data-sizer=\"aspect-ratio\" data-tadevel-template=\"web\/aspect-ratio\"><img alt=\"Regreso esperado: con epicentro en Chopin, vuelve el ciclo \u201cC\u00f3rdoba cl\u00e1sica\u201d\" loading=\"lazy\"><\/div>\n<\/div>\n<\/figure>\n","protected":false},"excerpt":{"rendered":"<p>Con cambio de escenario incluido, este 2026 finalmente tendr\u00e1 a \u201cC\u00f3rdoba cl\u00e1sica\u201d en escena. El tradicional ciclo musical comienza el pr\u00f3ximo mi\u00e9rcoles 6 de mayo desde las 20:30 con la presentaci\u00f3n de \u201cChopin, alma eslava\u201d. El pianista Pablo Rocchietti tendr\u00e1 a su cargo la interpretaci\u00f3n y el relato de la recorrida art\u00edstica que cambi\u00f3 la [&hellip;]<\/p>\n","protected":false},"author":1,"featured_media":50984,"comment_status":"closed","ping_status":"closed","sticky":false,"template":"","format":"standard","meta":{"om_disable_all_campaigns":false,"_monsterinsights_skip_tracking":false,"_monsterinsights_sitenote_active":false,"_monsterinsights_sitenote_note":"","_monsterinsights_sitenote_category":0},"categories":[18],"tags":[],"aioseo_notices":[],"_links":{"self":[{"href":"https:\/\/economiapoliticacba.com\/index.php?rest_route=\/wp\/v2\/posts\/50983"}],"collection":[{"href":"https:\/\/economiapoliticacba.com\/index.php?rest_route=\/wp\/v2\/posts"}],"about":[{"href":"https:\/\/economiapoliticacba.com\/index.php?rest_route=\/wp\/v2\/types\/post"}],"author":[{"embeddable":true,"href":"https:\/\/economiapoliticacba.com\/index.php?rest_route=\/wp\/v2\/users\/1"}],"replies":[{"embeddable":true,"href":"https:\/\/economiapoliticacba.com\/index.php?rest_route=%2Fwp%2Fv2%2Fcomments&post=50983"}],"version-history":[{"count":0,"href":"https:\/\/economiapoliticacba.com\/index.php?rest_route=\/wp\/v2\/posts\/50983\/revisions"}],"wp:featuredmedia":[{"embeddable":true,"href":"https:\/\/economiapoliticacba.com\/index.php?rest_route=\/wp\/v2\/media\/50984"}],"wp:attachment":[{"href":"https:\/\/economiapoliticacba.com\/index.php?rest_route=%2Fwp%2Fv2%2Fmedia&parent=50983"}],"wp:term":[{"taxonomy":"category","embeddable":true,"href":"https:\/\/economiapoliticacba.com\/index.php?rest_route=%2Fwp%2Fv2%2Fcategories&post=50983"},{"taxonomy":"post_tag","embeddable":true,"href":"https:\/\/economiapoliticacba.com\/index.php?rest_route=%2Fwp%2Fv2%2Ftags&post=50983"}],"curies":[{"name":"wp","href":"https:\/\/api.w.org\/{rel}","templated":true}]}}