{"id":50960,"date":"2026-05-01T00:23:30","date_gmt":"2026-05-01T00:23:30","guid":{"rendered":"https:\/\/canalshowsport.com.ar\/?p=49859"},"modified":"2026-05-01T00:23:30","modified_gmt":"2026-05-01T00:23:30","slug":"tras-su-ciclo-en-instituto-daniel-oldra-asume-un-nuevo-rol-en-godoy-cruz","status":"publish","type":"post","link":"https:\/\/economiapoliticacba.com\/?p=50960","title":{"rendered":"Tras su ciclo en Instituto, Daniel Oldr\u00e1 asume un nuevo rol en Godoy Cruz"},"content":{"rendered":"<p><strong>Daniel Oldr\u00e1<\/strong> fue presentado en <strong>Godoy Cruz<\/strong> como nuevo Director Deportivo de la instituci\u00f3n. El \u201c<em>Gato<\/em>\u201d asume en el club donde es \u00eddolo y referente. All\u00ed fue entrenador en m\u00faltiples ciclos entre interinatos y per\u00edodos a tiempo completo, con un total de <strong>157 encuentros<\/strong> al mando del equipo.&nbsp;<\/p>\n<blockquote class=\"twitter-tweet\" readability=\"9.8010899182561\">\n<p lang=\"es\" dir=\"ltr\">Bienvenido a casa \ud83c\udfe0 \ud83d\udc99\ud83e\udd0d <\/p>\n<p>Daniel \u201cGato\u201d Oldr\u00e1 vuelve a Godoy Cruz para asumir como Director Deportivo. Un referente de nuestra historia, identidad y sentido de pertenencia, que seguir\u00e1 aportando su experiencia y amor por estos colores desde un lugar clave para el futuro del\u2026 <a href=\"https:\/\/t.co\/Qz8PkdaDLK\">pic.twitter.com\/Qz8PkdaDLK<\/a><\/p>\n<p>\u2014 Club Godoy Cruz (@ClubGodoyCruz) <a href=\"https:\/\/twitter.com\/ClubGodoyCruz\/status\/2049993833300037676?ref_src=twsrc%5Etfw\" rel=\"noopener\">April 30, 2026<\/a><\/p><\/blockquote>\n<p>El \u201c<em>Tomba<\/em>\u201d public\u00f3 un <strong>emotivo mensaje de bienvenida<\/strong> en sus redes sociales para la presentaci\u00f3n: \u201c<em>Un referente de nuestra historia, identidad y sentido de pertenencia, que seguir\u00e1 aportando su experiencia y amor por estos colores desde un lugar clave para el futuro del club. Bienvenido nuevamente a tu casa, Gato.\u201d<\/em><\/p>\n<p>El \u00faltimo paso laboral de Oldr\u00e1 fue en <a href=\"https:\/\/canalshowsport.com.ar\/futbol\/instituto\/\"><strong>Instituto<\/strong><\/a><strong>, <\/strong>equipo al que entren\u00f3 entre abril de 2025 y enero de 2026. La <strong>irregularidad <\/strong>marc\u00f3 el ciclo de Oldr\u00e1 que tuvo altas y bajas, pero culmin\u00f3 en su salida del club a pocas fechas de comenzado el Torneo Apertura.<\/p>\n<figure class=\"wp-block-image size-full\"><img loading=\"lazy\" decoding=\"async\" width=\"2560\" height=\"1707\" src=\"http:\/\/economiapoliticacba.com\/wp-content\/uploads\/2026\/05\/tras-su-ciclo-en-instituto-daniel-oldra-asume-un-nuevo-rol-en-godoy-cruz.jpg\" alt class=\"wp-image-49861\" srcset=\"http:\/\/economiapoliticacba.com\/wp-content\/uploads\/2026\/05\/tras-su-ciclo-en-instituto-daniel-oldra-asume-un-nuevo-rol-en-godoy-cruz.jpg 2560w, http:\/\/economiapoliticacba.com\/wp-content\/uploads\/2026\/05\/tras-su-ciclo-en-instituto-daniel-oldra-asume-un-nuevo-rol-en-godoy-cruz-1.jpg 768w, http:\/\/economiapoliticacba.com\/wp-content\/uploads\/2026\/05\/tras-su-ciclo-en-instituto-daniel-oldra-asume-un-nuevo-rol-en-godoy-cruz-2.jpg 1536w, http:\/\/economiapoliticacba.com\/wp-content\/uploads\/2026\/05\/tras-su-ciclo-en-instituto-daniel-oldra-asume-un-nuevo-rol-en-godoy-cruz-3.jpg 2048w, http:\/\/economiapoliticacba.com\/wp-content\/uploads\/2026\/05\/tras-su-ciclo-en-instituto-daniel-oldra-asume-un-nuevo-rol-en-godoy-cruz-4.jpg 24w, http:\/\/economiapoliticacba.com\/wp-content\/uploads\/2026\/05\/tras-su-ciclo-en-instituto-daniel-oldra-asume-un-nuevo-rol-en-godoy-cruz-5.jpg 36w, http:\/\/economiapoliticacba.com\/wp-content\/uploads\/2026\/05\/tras-su-ciclo-en-instituto-daniel-oldra-asume-un-nuevo-rol-en-godoy-cruz-6.jpg 48w, http:\/\/economiapoliticacba.com\/wp-content\/uploads\/2026\/05\/tras-su-ciclo-en-instituto-daniel-oldra-asume-un-nuevo-rol-en-godoy-cruz-7.jpg 750w, http:\/\/economiapoliticacba.com\/wp-content\/uploads\/2026\/05\/tras-su-ciclo-en-instituto-daniel-oldra-asume-un-nuevo-rol-en-godoy-cruz-8.jpg 1140w\" sizes=\"(max-width: 2560px) 100vw, 2560px\"><\/figure>\n<p>En cuanto a la actualidad de <strong>Godoy Cruz<\/strong>, se ubica en la <strong>sexta posici\u00f3n<\/strong> de la Zona A de la <em>Primera Nacional<\/em>, con 15 puntos producto de tres victorias, seis empates y una derrota.&nbsp;<\/p>\n<p class=\"has-text-align-center has-white-color has-pale-cyan-blue-background-color has-text-color has-background has-link-color wp-elements-40558e8f03428234a758334929f545bc\"><em><strong>+ \u00bfSos fan\u00e1tico de la Selecci\u00f3n? Showsport sortea un viaje al Mundial.&nbsp;<a href=\"https:\/\/www.instagram.com\/showsportcanal\/p\/DW1vhPiFMOS\/\" rel=\"noopener\">Particip\u00e1 haciendo clic ac\u00e1<\/a><\/strong>.<\/em><\/p>\n<p>La llegada de Oldr\u00e1 como manager apunta a reforzar la estructura futbol\u00edstica y proyectar un crecimiento a mediano plazo, con el <strong>ascenso a Primera<\/strong> como objetivo inmediato del club mendocino.<\/p>\n","protected":false},"excerpt":{"rendered":"<p>Daniel Oldr\u00e1 fue presentado en Godoy Cruz como nuevo Director Deportivo de la instituci\u00f3n. El \u201cGato\u201d asume en el club donde es \u00eddolo y referente. All\u00ed fue entrenador en m\u00faltiples ciclos entre interinatos y per\u00edodos a tiempo completo, con un total de 157 encuentros al mando del equipo.&nbsp; Bienvenido a casa \ud83c\udfe0 \ud83d\udc99\ud83e\udd0d Daniel \u201cGato\u201d [&hellip;]<\/p>\n","protected":false},"author":1,"featured_media":50961,"comment_status":"closed","ping_status":"closed","sticky":false,"template":"","format":"standard","meta":{"om_disable_all_campaigns":false,"_monsterinsights_skip_tracking":false,"_monsterinsights_sitenote_active":false,"_monsterinsights_sitenote_note":"","_monsterinsights_sitenote_category":0},"categories":[16],"tags":[2729,34,81,63,60],"aioseo_notices":[],"_links":{"self":[{"href":"https:\/\/economiapoliticacba.com\/index.php?rest_route=\/wp\/v2\/posts\/50960"}],"collection":[{"href":"https:\/\/economiapoliticacba.com\/index.php?rest_route=\/wp\/v2\/posts"}],"about":[{"href":"https:\/\/economiapoliticacba.com\/index.php?rest_route=\/wp\/v2\/types\/post"}],"author":[{"embeddable":true,"href":"https:\/\/economiapoliticacba.com\/index.php?rest_route=\/wp\/v2\/users\/1"}],"replies":[{"embeddable":true,"href":"https:\/\/economiapoliticacba.com\/index.php?rest_route=%2Fwp%2Fv2%2Fcomments&post=50960"}],"version-history":[{"count":0,"href":"https:\/\/economiapoliticacba.com\/index.php?rest_route=\/wp\/v2\/posts\/50960\/revisions"}],"wp:featuredmedia":[{"embeddable":true,"href":"https:\/\/economiapoliticacba.com\/index.php?rest_route=\/wp\/v2\/media\/50961"}],"wp:attachment":[{"href":"https:\/\/economiapoliticacba.com\/index.php?rest_route=%2Fwp%2Fv2%2Fmedia&parent=50960"}],"wp:term":[{"taxonomy":"category","embeddable":true,"href":"https:\/\/economiapoliticacba.com\/index.php?rest_route=%2Fwp%2Fv2%2Fcategories&post=50960"},{"taxonomy":"post_tag","embeddable":true,"href":"https:\/\/economiapoliticacba.com\/index.php?rest_route=%2Fwp%2Fv2%2Ftags&post=50960"}],"curies":[{"name":"wp","href":"https:\/\/api.w.org\/{rel}","templated":true}]}}