{"id":50944,"date":"2026-04-30T18:08:00","date_gmt":"2026-04-30T18:08:00","guid":{"rendered":"https:\/\/economiapoliticacba.com\/?p=50944"},"modified":"2026-04-30T18:08:00","modified_gmt":"2026-04-30T18:08:00","slug":"el-paso-vacio-de-adorni-por-diputados-y-un-respaldo-cada-vez-mas-costoso-para-los-milei","status":"publish","type":"post","link":"https:\/\/economiapoliticacba.com\/?p=50944","title":{"rendered":"El paso vac\u00edo de Adorni por Diputados y un respaldo cada vez m\u00e1s costoso para los Milei"},"content":{"rendered":"<p><strong>Manuel Adorni<\/strong> volvi\u00f3 a la primera plana de la agenda -si es que alguna vez la abandon\u00f3 en los \u00faltimos dos meses- con <a href=\"https:\/\/eleconomista.com.ar\/politica\/adorni-hablo-congreso-duro-mensaje-populismo-advertencia-una-operacion-golpista-n94525\" target=\"_blank\" rel=\"noopener\">su presentaci\u00f3n en el Congreso<\/a>. Su paso por la C\u00e1mara de Diputados no alter\u00f3 el escenario: sigui\u00f3 sin dar explicaciones sobre las denuncias por enriquecimiento, pero no consigui\u00f3 imponerse ante la oposici\u00f3n.<\/p>\n<p>Qued\u00f3, en definitiva, en el mismo punto que antes: <mark class=\"marker-yellow\"><strong>ratificado por un Gobierno que incluso mont\u00f3 una escenificaci\u00f3n con el gabinete ampliado para exhibir respaldo -con Javier y Karina Milei como principales garantes de su continuidad-<\/strong><\/mark>, pero <a href=\"https:\/\/eleconomista.com.ar\/politica\/encuesta-adorni-quedo-ultimo-imagen-gabinete-fue-superado-karina-milei-n94465\" target=\"_blank\" rel=\"noopener\">golpeado frente a una opini\u00f3n p\u00fablica<\/a> donde su imagen se desplom\u00f3 en apenas dos meses y con causas que siguen su curso en la Justicia.<\/p>\n<figure class=\"image\"><img loading=\"lazy\" width=\"100\" height=\"100\" class=\"cst_img\" src=\"http:\/\/economiapoliticacba.com\/wp-content\/uploads\/2026\/04\/el-paso-vacio-de-adorni-por-diputados-y-un-respaldo-cada-vez-mas-costoso-para-los-milei.webp\" alt=\"javier y karina milei respaldaron a manuel adorni desde el palco en diputados\"><figcaption>Javier y Karina Milei respaldaron a Manuel Adorni desde el palco en Diputados<\/figcaption><\/figure>\n<p>Pero el golpe m\u00e1s significativo del caso Adorni no es el derrumbe de la imagen del jefe de Gabinete ni la incertidumbre sobre su futuro pol\u00edtico. Durante la sesi\u00f3n, el diputado de izquierda N\u00e9stor Pitrola lleg\u00f3 a definirlo como un &#8220;cad\u00e1ver pol\u00edtico&#8221;. <mark class=\"marker-yellow\"><strong>El verdadero impacto est\u00e1 en las consecuencias que ese deterioro proyecta sobre el Gobierno<\/strong><\/mark>.<\/p>\n<p>Se invirtieron los roles: el Presidente protege y comunica por su jefe de Gabinete, cuando deber\u00eda ser al rev\u00e9s. En una crisis de esta magnitud, lo esperable ser\u00eda que Adorni funcione como fusible. Sin embargo, ocurre lo contrario. &#8220;Es raro todo esto: que el que tiene que ser el fusible haga que concurra todo su gobierno entero&#8221;, sintetiz\u00f3 el diputado radical <strong>Pablo Juliano<\/strong>, en referencia al acompa\u00f1amiento del gabinete en la C\u00e1mara.<\/p>\n<div class=\"rela\">\n<div class=\"pic\"> <a href=\"https:\/\/eleconomista.com.ar\/politica\/adorni-hablo-congreso-duro-mensaje-populismo-advertencia-una-operacion-golpista-n94525\" title=\"Adorni habl\u00f3 en el Congreso: el duro mensaje contra el populismo y la advertencia por una &quot;operaci\u00f3n golpista&quot;\"><img src=\"http:\/\/economiapoliticacba.com\/wp-content\/uploads\/2026\/04\/el-paso-vacio-de-adorni-por-diputados-y-un-respaldo-cada-vez-mas-costoso-para-los-milei-1.webp\" alt=\"Adorni habl\u00f3 en el Congreso: el duro mensaje contra el populismo y la advertencia por una &quot;operaci\u00f3n golpista&quot;\" loading=\"lazy\"><\/a> <\/div><\/div>\n<figure class=\"image\"><img loading=\"lazy\" width=\"100\" height=\"100\" class=\"cst_img\" src=\"http:\/\/economiapoliticacba.com\/wp-content\/uploads\/2026\/04\/el-paso-vacio-de-adorni-por-diputados-y-un-respaldo-cada-vez-mas-costoso-para-los-milei-2.webp\" alt=\"El Gobierno acompa\u00f1\u00f3 a Manuel Adorni al Congreso\"><figcaption>El Gobierno acompa\u00f1\u00f3 a Manuel Adorni al Congreso<\/figcaption><\/figure>\n<p>El costo se siente en lo inmediato, con la ca\u00edda en las encuestas, pero tambi\u00e9n a mediano plazo, donde empieza a erosionar una de las banderas que llev\u00f3 al poder a los libertarios: la promesa de diferenciarse de la casta, la transparencia&#8230;o <strong>la moral como pol\u00edtica de Estado<\/strong>, en los t\u00e9rminos de <strong>Javier Milei<\/strong>.<\/p>\n<p><strong>Facundo Nejamkis<\/strong>, director de Opina Argentina, describi\u00f3 el caso Adorni como <mark class=\"marker-yellow\"><strong>&#8220;un acelerador en un incendio&#8221;<\/strong><\/mark>. El incendio es preexistente: una crisis de expectativas, sobre todo econ\u00f3micas, que deteriora la evaluaci\u00f3n del Gobierno desde enero. Pero Milei no encarna solo un liderazgo econ\u00f3mico, sino tambi\u00e9n uno moral: <strong>el compromiso de terminar con la casta<\/strong>. Las sospechas de corrupci\u00f3n en torno al jefe de Gabinete atacan ese segundo pilar. &#8220;Si perd\u00e9s ese liderazgo, entonces el enojo de la opini\u00f3n p\u00fablica toma otra dimensi\u00f3n y otra profundidad&#8221;, advirti\u00f3 Nejamkis en&nbsp;<strong>El Economista TV<\/strong>.<\/p>\n<div class=\"rela\">\n<div class=\"pic\"> <a href=\"https:\/\/eleconomista.com.ar\/politica\/lo-adorni-contesto-evasivas-jefe-gabinete-sobre-su-patrimonio-viajes-de-regalo-n94519\" title=\"Lo que Adorni no contest\u00f3: las evasivas del Jefe de Gabinete sobre su patrimonio y los viajes &quot;de regalo&quot;\"><img src=\"http:\/\/economiapoliticacba.com\/wp-content\/uploads\/2026\/04\/el-paso-vacio-de-adorni-por-diputados-y-un-respaldo-cada-vez-mas-costoso-para-los-milei-3.webp\" alt=\"Lo que Adorni no contest\u00f3: las evasivas del Jefe de Gabinete sobre su patrimonio y los viajes &quot;de regalo&quot;\" loading=\"lazy\"><\/a> <\/div><\/div>\n<p>\u00bfPor qu\u00e9, entonces, el Gobierno ratifica a Adorni semana a semana? <strong>Lucas Romero<\/strong>, director de Synopsis Consultores, ensay\u00f3 dos respuestas. La primera es &#8220;el sesgo del costo hundido&#8221;: &#8220;C\u00f3mo les cuesta a los seres humanos pasar a p\u00e9rdida una inversi\u00f3n en t\u00e9rminos monetarios, de reputaci\u00f3n, de tiempo y dedicaci\u00f3n&#8221;. Lo grafic\u00f3 con una imagen simple: quien no quiere irse del casino con la p\u00e9rdida e insiste en revertirla.<\/p>\n<p>La segunda est\u00e1 ligada a la funcionalidad pol\u00edtica de Adorni dentro del esquema de poder libertario. &#8220;Se ha vuelto una figura muy relevante, no por lo que le da al Gobierno en t\u00e9rminos de resultados, sino en t\u00e9rminos de funcionalidad&#8221;, dijo Romero a&nbsp;<strong>El Economista<\/strong>. Es que en ese dise\u00f1o, <mark class=\"marker-yellow\"><strong>Karina Milei ejerce el control del gabinete sin ocupar formalmente el cargo. Adorni firma. Ella decide<\/strong><\/mark>.<\/p>\n","protected":false},"excerpt":{"rendered":"<p>Manuel Adorni volvi\u00f3 a la primera plana de la agenda -si es que alguna vez la abandon\u00f3 en los \u00faltimos dos meses- con su presentaci\u00f3n en el Congreso. Su paso por la C\u00e1mara de Diputados no alter\u00f3 el escenario: sigui\u00f3 sin dar explicaciones sobre las denuncias por enriquecimiento, pero no consigui\u00f3 imponerse ante la oposici\u00f3n. [&hellip;]<\/p>\n","protected":false},"author":1,"featured_media":50945,"comment_status":"closed","ping_status":"closed","sticky":false,"template":"","format":"standard","meta":{"om_disable_all_campaigns":false,"_monsterinsights_skip_tracking":false,"_monsterinsights_sitenote_active":false,"_monsterinsights_sitenote_note":"","_monsterinsights_sitenote_category":0},"categories":[17,21],"tags":[],"aioseo_notices":[],"_links":{"self":[{"href":"https:\/\/economiapoliticacba.com\/index.php?rest_route=\/wp\/v2\/posts\/50944"}],"collection":[{"href":"https:\/\/economiapoliticacba.com\/index.php?rest_route=\/wp\/v2\/posts"}],"about":[{"href":"https:\/\/economiapoliticacba.com\/index.php?rest_route=\/wp\/v2\/types\/post"}],"author":[{"embeddable":true,"href":"https:\/\/economiapoliticacba.com\/index.php?rest_route=\/wp\/v2\/users\/1"}],"replies":[{"embeddable":true,"href":"https:\/\/economiapoliticacba.com\/index.php?rest_route=%2Fwp%2Fv2%2Fcomments&post=50944"}],"version-history":[{"count":0,"href":"https:\/\/economiapoliticacba.com\/index.php?rest_route=\/wp\/v2\/posts\/50944\/revisions"}],"wp:featuredmedia":[{"embeddable":true,"href":"https:\/\/economiapoliticacba.com\/index.php?rest_route=\/wp\/v2\/media\/50945"}],"wp:attachment":[{"href":"https:\/\/economiapoliticacba.com\/index.php?rest_route=%2Fwp%2Fv2%2Fmedia&parent=50944"}],"wp:term":[{"taxonomy":"category","embeddable":true,"href":"https:\/\/economiapoliticacba.com\/index.php?rest_route=%2Fwp%2Fv2%2Fcategories&post=50944"},{"taxonomy":"post_tag","embeddable":true,"href":"https:\/\/economiapoliticacba.com\/index.php?rest_route=%2Fwp%2Fv2%2Ftags&post=50944"}],"curies":[{"name":"wp","href":"https:\/\/api.w.org\/{rel}","templated":true}]}}