{"id":50942,"date":"2026-04-30T18:31:00","date_gmt":"2026-04-30T18:31:00","guid":{"rendered":"https:\/\/economiapoliticacba.com\/?p=50942"},"modified":"2026-04-30T18:31:00","modified_gmt":"2026-04-30T18:31:00","slug":"byd-hara-una-pick-up-chica-en-brasil-y-la-lanzara-este-mismo-ano","status":"publish","type":"post","link":"https:\/\/economiapoliticacba.com\/?p=50942","title":{"rendered":"BYD har\u00e1 una pick-up chica en Brasil y la lanzar\u00e1 este mismo a\u00f1o"},"content":{"rendered":"<p><a href=\"https:\/\/eleconomista.com.ar\/tags\/byd-t5820\" target=\"_blank\" rel=\"noopener\"><strong>BYD<\/strong><\/a> sigue dando muestras de su decisi\u00f3n de crecer fuerte en Latinoam\u00e9rica y en esta oportunidad sorprendi\u00f3 al mostrar la maqueta de la que ser\u00e1 su primera <a href=\"https:\/\/eleconomista.com.ar\/tags\/pick-up-t5587\" target=\"_blank\" rel=\"noopener\">pick-up<\/a> compacta hecha en la regi\u00f3n.<\/p>\n<p>La marca china de veh\u00edculos electrificados eligi\u00f3 <strong>Agrishow<\/strong>, la feria de tecnolog\u00eda agr\u00edcola m\u00e1s grande de <a href=\"https:\/\/eleconomista.com.ar\/tags\/brasil-t191\" target=\"_blank\" rel=\"noopener\">Brasil<\/a> para exhibir lo que ser\u00e1 su exponente para rivalizar con modelos como <strong>Fiat Toro<\/strong>, <strong>Chevrolet Montana<\/strong>, <strong>Ford Maverick<\/strong> y <strong>Renault Ni\u00e1gara<\/strong>.<\/p>\n<p>Seg\u00fan pudieron confirmar los colegas brasile\u00f1os, BYD la llamar\u00e1 <strong>Mako<\/strong> y ser\u00e1 producida en la planta de Cama\u00e7ari, en el estado de Bah\u00eda este mismo a\u00f1o.<\/p>\n<p>La intenci\u00f3n de la automotriz china es lanzarla en el \u00faltimo trimestre tomando como base el SUV <strong>Song Pro<\/strong>, uno de los cuatro modelos que se comercializan en Argentina.<\/p>\n<p>Si bien no hay confirmaci\u00f3n oficial<mark class=\"marker-yellow\"> su mec\u00e1nica ser\u00e1 <\/mark><a href=\"https:\/\/eleconomista.com.ar\/tags\/autos-hibridos-t6146\" target=\"_blank\" rel=\"noopener\"><mark class=\"marker-yellow\">h\u00edbrida<\/mark><\/a><mark class=\"marker-yellow\">-flex enchufable<\/mark>, lo que le permitir\u00e1 utilizar el combustible disponible en el mercado brasile\u00f1o que tiene un alto contenido de bioetanol derivado de la ca\u00f1a de az\u00facar.<\/p>\n<div class=\"rela\">\n<div class=\"pic\"> <a href=\"https:\/\/eleconomista.com.ar\/autos\/maybach-marca-lujo-mercedes-anticipa-su-llegada-pais-pantalla-grande-n94532\" title=\"Maybach, la marca de lujo de Mercedes, anticipa su llegada al pa\u00eds en la pantalla grande\"><img src=\"http:\/\/economiapoliticacba.com\/wp-content\/uploads\/2026\/04\/byd-hara-una-pick-up-chica-en-brasil-y-la-lanzara-este-mismo-ano.webp\" alt=\"Maybach, la marca de lujo de Mercedes, anticipa su llegada al pa\u00eds en la pantalla grande\" loading=\"lazy\"><\/a> <\/div><\/div>\n<p>En caso de mantener las mismas prestaciones, la potencia m\u00e1xima combinada rondar\u00eda los 235 cv, con torque de 400 Nm, y una autonom\u00eda en modo 100% el\u00e9ctrico de 100 km, aproximadamente. Se especula que, a su vez, se ofrecer\u00e1 con variantes con tracci\u00f3n 4&#215;2 y tambi\u00e9n 4&#215;4, como es el caso de la <strong>Shark <\/strong>(<a href=\"https:\/\/eleconomista.com.ar\/autos\/ya-venta-argentina-como-cuanto-sale-pick-up-byd-n94195\" target=\"_blank\" rel=\"noopener\">ver ac\u00e1<\/a>).<\/p>\n<p><mark class=\"marker-yellow\">En Brasil ven este lanzamiento como un cambio de estrategia tras la tibia recepci\u00f3n que tuvo la Shark, que estuvo por debajo de lo esperado.<\/mark><\/p>\n<p>La Mako (cuyo nombre tambi\u00e9n remite al tibur\u00f3n) parece ser un producto m\u00e1s acorde en tama\u00f1o al gusto del consumidor brasile\u00f1o, y se adaptar tambi\u00e9n mejor al uso dual de trabajo y esparcimiento.<\/p>\n<div class=\"rela\">\n<div class=\"pic\"> <a href=\"https:\/\/eleconomista.com.ar\/autos\/fuerte-oposicion-automotrices-chinas-fabriquen-autos-eeuu-n94530\" title=\"Fuerte oposici\u00f3n a que las automotrices chinas fabriquen autos en EE.UU.\"><img src=\"http:\/\/economiapoliticacba.com\/wp-content\/uploads\/2026\/04\/byd-hara-una-pick-up-chica-en-brasil-y-la-lanzara-este-mismo-ano-1.webp\" alt=\"Fuerte oposici\u00f3n a que las automotrices chinas fabriquen autos en EE.UU.\" loading=\"lazy\"><\/a> <\/div><\/div>\n<figure class=\"image\"><img loading=\"lazy\" width=\"100\" height=\"100\" class=\"cst_img\" src=\"http:\/\/economiapoliticacba.com\/wp-content\/uploads\/2026\/04\/byd-hara-una-pick-up-chica-en-brasil-y-la-lanzara-este-mismo-ano-2.webp\" alt=\"Se llamar\u00e1 Mako (tibur\u00f3n en maor\u00ed) y ser\u00e1 fabricada en Brasil.\"><figcaption><strong>Se llamar\u00e1 Mako (tibur\u00f3n en maor\u00ed) y ser\u00e1 fabricada en Brasil.<\/strong><\/figcaption><\/figure>\n<h2><strong>\u00bfPuede llegar la nueva pick-up BYD a la Argentina?<\/strong><\/h2>\n<p>Desde ya que la apuesta fuerte de BYD es penetrar con fuerza en toda la regi\u00f3n pero con foco en el mercado m\u00e1s importante que es Brasil, donde de momento s\u00f3lo ensambla.<\/p>\n<p>La automotriz ya anunci\u00f3 una inversi\u00f3n para desarrollar proveedores y fabricar nuevos modelos, e incluso la construcci\u00f3n de un centro de desarrollo y una pista de pruebas con la finalidad de hacer autos pensados para los caminos y usos locales.<\/p>\n<p>Para que la BYD Mako llegue a la Argentina deber\u00e1 cumplir con el porcentaje de localizaci\u00f3n de partes que exige el acuerdo vigente entre ambos pa\u00edses. No alcanza con que sea un modelo armado en suelo brasile\u00f1o con piezas tra\u00eddas en barco desde China.<\/p>\n<p>Por ende, es altamente probable que este modelo primero sea lanzado en Brasil y m\u00e1s adelante arribe a los concesionarios argentinos.<\/p>\n<figure class=\"image\"><img loading=\"lazy\" width=\"100\" height=\"100\" class=\"cst_img\" src=\"http:\/\/economiapoliticacba.com\/wp-content\/uploads\/2026\/04\/byd-hara-una-pick-up-chica-en-brasil-y-la-lanzara-este-mismo-ano-3.webp\" alt=\"BYD se bas\u00f3 en la arquitectura del SUV Song Pro para dar origen a esta camioneta chica que ser\u00e1 rival de Fiat Toro.\"><figcaption><strong>BYD se bas\u00f3 en la arquitectura del SUV Song Pro para dar origen a esta camioneta chica que ser\u00e1 rival de Fiat Toro.<\/strong><\/figcaption><\/figure>\n","protected":false},"excerpt":{"rendered":"<p>BYD sigue dando muestras de su decisi\u00f3n de crecer fuerte en Latinoam\u00e9rica y en esta oportunidad sorprendi\u00f3 al mostrar la maqueta de la que ser\u00e1 su primera pick-up compacta hecha en la regi\u00f3n. La marca china de veh\u00edculos electrificados eligi\u00f3 Agrishow, la feria de tecnolog\u00eda agr\u00edcola m\u00e1s grande de Brasil para exhibir lo que ser\u00e1 [&hellip;]<\/p>\n","protected":false},"author":1,"featured_media":50943,"comment_status":"closed","ping_status":"closed","sticky":false,"template":"","format":"standard","meta":{"om_disable_all_campaigns":false,"_monsterinsights_skip_tracking":false,"_monsterinsights_sitenote_active":false,"_monsterinsights_sitenote_note":"","_monsterinsights_sitenote_category":0},"categories":[17],"tags":[],"aioseo_notices":[],"_links":{"self":[{"href":"https:\/\/economiapoliticacba.com\/index.php?rest_route=\/wp\/v2\/posts\/50942"}],"collection":[{"href":"https:\/\/economiapoliticacba.com\/index.php?rest_route=\/wp\/v2\/posts"}],"about":[{"href":"https:\/\/economiapoliticacba.com\/index.php?rest_route=\/wp\/v2\/types\/post"}],"author":[{"embeddable":true,"href":"https:\/\/economiapoliticacba.com\/index.php?rest_route=\/wp\/v2\/users\/1"}],"replies":[{"embeddable":true,"href":"https:\/\/economiapoliticacba.com\/index.php?rest_route=%2Fwp%2Fv2%2Fcomments&post=50942"}],"version-history":[{"count":0,"href":"https:\/\/economiapoliticacba.com\/index.php?rest_route=\/wp\/v2\/posts\/50942\/revisions"}],"wp:featuredmedia":[{"embeddable":true,"href":"https:\/\/economiapoliticacba.com\/index.php?rest_route=\/wp\/v2\/media\/50943"}],"wp:attachment":[{"href":"https:\/\/economiapoliticacba.com\/index.php?rest_route=%2Fwp%2Fv2%2Fmedia&parent=50942"}],"wp:term":[{"taxonomy":"category","embeddable":true,"href":"https:\/\/economiapoliticacba.com\/index.php?rest_route=%2Fwp%2Fv2%2Fcategories&post=50942"},{"taxonomy":"post_tag","embeddable":true,"href":"https:\/\/economiapoliticacba.com\/index.php?rest_route=%2Fwp%2Fv2%2Ftags&post=50942"}],"curies":[{"name":"wp","href":"https:\/\/api.w.org\/{rel}","templated":true}]}}