{"id":50936,"date":"2026-04-30T17:31:54","date_gmt":"2026-04-30T17:31:54","guid":{"rendered":"http:\/\/69f38f9827c48e2f8720d186"},"modified":"2026-04-30T17:31:54","modified_gmt":"2026-04-30T17:31:54","slug":"7-500-kilometros-y-un-sueno-cuatro-cordobeses-van-al-mundial-en-bicicleta","status":"publish","type":"post","link":"https:\/\/economiapoliticacba.com\/?p=50936","title":{"rendered":"7.500 kil\u00f3metros y un sue\u00f1o: cuatro cordobeses van al Mundial en bicicleta"},"content":{"rendered":"<p><img src=\"http:\/\/economiapoliticacba.com\/wp-content\/uploads\/2026\/04\/7-500-kilometros-y-un-sueno-cuatro-cordobeses-van-al-mundial-en-bicicleta.jpg\"><\/p>\n<p>Un grupo de cuatro ciclistas cordobeses puso en marcha un nuevo desaf\u00edo de largo alcance con destino final en el Mundial 2026. La partida se realiz\u00f3 este jueves desde el estadio Mario Alberto Kempes, punto de inicio de un recorrido que contempla m\u00e1s de 7.500 kil\u00f3metros hasta territorio estadounidense.<\/p>\n<figure class=\"multimedia\" data-tadevel-template=\"web\/multimedia\" data-type=\"photo\">\n<div class=\"content\">\n<div class=\"sizer\" data-sizer=\"aspect-ratio\" data-tadevel-template=\"web\/aspect-ratio\"><img alt=\"7.500 kil\u00f3metros y un sue\u00f1o: cuatro cordobeses van al Mundial en bicicleta\" loading=\"lazy\"><\/div>\n<\/div>\n<\/figure>\n<p>La iniciativa est\u00e1 integrada por Lucas Ledezma, Leandro Blanco Pighi, Mat\u00edas Villarruel y Silvio Gatti, quienes proyectan completar el trayecto en un plazo estimado de 46 d\u00edas. Para cumplir con ese objetivo, prev\u00e9n sostener jornadas exigentes con distancias diarias que oscilar\u00e1n entre los 150 y 200 kil\u00f3metros.<\/p>\n<p>El itinerario incluye el paso por distintos pa\u00edses de Sudam\u00e9rica y Centroam\u00e9rica, con etapas que presentan condiciones geogr\u00e1ficas y clim\u00e1ticas diversas. Entre los tramos m\u00e1s complejos se destacan el cruce de la Cordillera de los Andes y sectores con condiciones adversas, tanto por el terreno como por el entorno.<\/p>\n<figure class=\"multimedia\" data-tadevel-template=\"web\/multimedia\" data-type=\"photo\">\n<div class=\"content\">\n<div class=\"sizer\" data-sizer=\"aspect-ratio\" data-tadevel-template=\"web\/aspect-ratio\"><img alt=\"7.500 kil\u00f3metros y un sue\u00f1o: cuatro cordobeses van al Mundial en bicicleta\" loading=\"lazy\"><\/div>\n<\/div>\n<\/figure>\n<p>Dentro de la planificaci\u00f3n, los ciclistas contemplan alcanzar el Paso de Jama en los primeros d\u00edas del recorrido y luego continuar hacia Per\u00fa. Desde Lima, el trayecto seguir\u00e1 hacia Colombia, donde est\u00e1 previsto un traslado a\u00e9reo para evitar el Tap\u00f3n del Dari\u00e9n, antes de retomar el viaje en bicicleta por Centroam\u00e9rica rumbo a M\u00e9xico.<\/p>\n<p>La log\u00edstica del viaje est\u00e1 planteada bajo un esquema de autosuficiencia. El grupo transporta equipamiento b\u00e1sico que incluye carpas, herramientas, abrigo y provisiones, lo que implica una gesti\u00f3n cuidadosa de los recursos a lo largo de cada etapa.<\/p>\n<figure class=\"multimedia\" data-tadevel-template=\"web\/multimedia\" data-type=\"photo\">\n<div class=\"content\">\n<div class=\"sizer\" data-sizer=\"aspect-ratio\" data-tadevel-template=\"web\/aspect-ratio\"><img alt=\"7.500 kil\u00f3metros y un sue\u00f1o: cuatro cordobeses van al Mundial en bicicleta\" loading=\"lazy\"><\/div>\n<\/div>\n<\/figure>\n<p>Adem\u00e1s del componente deportivo, la traves\u00eda tambi\u00e9n tiene una dimensi\u00f3n comunicacional. Los protagonistas compartir\u00e1n el desarrollo del recorrido a trav\u00e9s de redes sociales y cuentan con el respaldo de acuerdos con distintas marcas para sostener el proyecto.<\/p>\n<figure class=\"multimedia\" data-tadevel-template=\"web\/multimedia\" data-type=\"photo\">\n<div class=\"content\">\n<div class=\"sizer\" data-sizer=\"aspect-ratio\" data-tadevel-template=\"web\/aspect-ratio\"><img alt=\"7.500 kil\u00f3metros y un sue\u00f1o: cuatro cordobeses van al Mundial en bicicleta\" loading=\"lazy\"><\/div>\n<\/div>\n<\/figure>\n<p>Con antecedentes en experiencias similares, el equipo vuelve a apostar por una iniciativa de resistencia y planificaci\u00f3n, con el objetivo de arribar a la cita mundialista tras atravesar buena parte del continente americano.<\/p>\n<figure class=\"multimedia\" data-tadevel-template=\"web\/multimedia\" data-type=\"photo\">\n<div class=\"content\">\n<div class=\"sizer\" data-sizer=\"aspect-ratio\" data-tadevel-template=\"web\/aspect-ratio\"><img alt=\"7.500 kil\u00f3metros y un sue\u00f1o: cuatro cordobeses van al Mundial en bicicleta\" loading=\"lazy\"><\/div>\n<\/div>\n<\/figure>\n","protected":false},"excerpt":{"rendered":"<p>Un grupo de cuatro ciclistas cordobeses puso en marcha un nuevo desaf\u00edo de largo alcance con destino final en el Mundial 2026. La partida se realiz\u00f3 este jueves desde el estadio Mario Alberto Kempes, punto de inicio de un recorrido que contempla m\u00e1s de 7.500 kil\u00f3metros hasta territorio estadounidense. La iniciativa est\u00e1 integrada por Lucas [&hellip;]<\/p>\n","protected":false},"author":1,"featured_media":50937,"comment_status":"closed","ping_status":"closed","sticky":false,"template":"","format":"standard","meta":{"om_disable_all_campaigns":false,"_monsterinsights_skip_tracking":false,"_monsterinsights_sitenote_active":false,"_monsterinsights_sitenote_note":"","_monsterinsights_sitenote_category":0},"categories":[18],"tags":[],"aioseo_notices":[],"_links":{"self":[{"href":"https:\/\/economiapoliticacba.com\/index.php?rest_route=\/wp\/v2\/posts\/50936"}],"collection":[{"href":"https:\/\/economiapoliticacba.com\/index.php?rest_route=\/wp\/v2\/posts"}],"about":[{"href":"https:\/\/economiapoliticacba.com\/index.php?rest_route=\/wp\/v2\/types\/post"}],"author":[{"embeddable":true,"href":"https:\/\/economiapoliticacba.com\/index.php?rest_route=\/wp\/v2\/users\/1"}],"replies":[{"embeddable":true,"href":"https:\/\/economiapoliticacba.com\/index.php?rest_route=%2Fwp%2Fv2%2Fcomments&post=50936"}],"version-history":[{"count":0,"href":"https:\/\/economiapoliticacba.com\/index.php?rest_route=\/wp\/v2\/posts\/50936\/revisions"}],"wp:featuredmedia":[{"embeddable":true,"href":"https:\/\/economiapoliticacba.com\/index.php?rest_route=\/wp\/v2\/media\/50937"}],"wp:attachment":[{"href":"https:\/\/economiapoliticacba.com\/index.php?rest_route=%2Fwp%2Fv2%2Fmedia&parent=50936"}],"wp:term":[{"taxonomy":"category","embeddable":true,"href":"https:\/\/economiapoliticacba.com\/index.php?rest_route=%2Fwp%2Fv2%2Fcategories&post=50936"},{"taxonomy":"post_tag","embeddable":true,"href":"https:\/\/economiapoliticacba.com\/index.php?rest_route=%2Fwp%2Fv2%2Ftags&post=50936"}],"curies":[{"name":"wp","href":"https:\/\/api.w.org\/{rel}","templated":true}]}}