{"id":50927,"date":"2026-04-30T18:40:20","date_gmt":"2026-04-30T18:40:20","guid":{"rendered":"https:\/\/canalshowsport.com.ar\/?p=49792"},"modified":"2026-04-30T18:40:20","modified_gmt":"2026-04-30T18:40:20","slug":"f2-con-nicolas-varrone-repasa-el-cronograma-del-gp-de-miami","status":"publish","type":"post","link":"https:\/\/economiapoliticacba.com\/?p=50927","title":{"rendered":"F2: con Nicol\u00e1s Varrone, repas\u00e1 el cronograma del GP de Miami"},"content":{"rendered":"<p>Este fin de semana vuelve la acci\u00f3n en la <strong>F\u00f3rmula 2 con la presencia de Nicol\u00e1s Varrone<\/strong>. A continuaci\u00f3n, repasamos el cronograma del argentino en Miami.<\/p>\n<figure class=\"wp-block-image size-full\"><img loading=\"lazy\" decoding=\"async\" width=\"1290\" height=\"760\" src=\"http:\/\/economiapoliticacba.com\/wp-content\/uploads\/2026\/04\/f2-con-nicolas-varrone-repasa-el-cronograma-del-gp-de-miami.jpg\" alt class=\"wp-image-49793\" srcset=\"http:\/\/economiapoliticacba.com\/wp-content\/uploads\/2026\/04\/f2-con-nicolas-varrone-repasa-el-cronograma-del-gp-de-miami.jpg 1290w, http:\/\/economiapoliticacba.com\/wp-content\/uploads\/2026\/04\/f2-con-nicolas-varrone-repasa-el-cronograma-del-gp-de-miami-1.jpg 768w, http:\/\/economiapoliticacba.com\/wp-content\/uploads\/2026\/04\/f2-con-nicolas-varrone-repasa-el-cronograma-del-gp-de-miami-2.jpg 24w, http:\/\/economiapoliticacba.com\/wp-content\/uploads\/2026\/04\/f2-con-nicolas-varrone-repasa-el-cronograma-del-gp-de-miami-3.jpg 36w, http:\/\/economiapoliticacba.com\/wp-content\/uploads\/2026\/04\/f2-con-nicolas-varrone-repasa-el-cronograma-del-gp-de-miami-4.jpg 48w, http:\/\/economiapoliticacba.com\/wp-content\/uploads\/2026\/04\/f2-con-nicolas-varrone-repasa-el-cronograma-del-gp-de-miami-5.jpg 750w, http:\/\/economiapoliticacba.com\/wp-content\/uploads\/2026\/04\/f2-con-nicolas-varrone-repasa-el-cronograma-del-gp-de-miami-6.jpg 1140w\" sizes=\"(max-width: 1290px) 100vw, 1290px\"><\/figure>\n<p>Vale resaltar que ser\u00e1 su segunda presentaci\u00f3n en la categor\u00eda y dicha actividad comenzar\u00e1 este viernes con la <strong>primera pr\u00e1ctica<\/strong>, a partir de las 10.30 hs y desde las 15.30 hs, tendr\u00e1 inicio la <strong>clasificaci\u00f3n<\/strong>. <\/p>\n<p>El s\u00e1bado a las 11 se correr\u00e1 la <strong>carrera sprint<\/strong> y el d\u00eda domingo se llevar\u00e1 a cabo la <strong>carrera principal<\/strong>, desde las 13:30 hs. <\/p>\n<p>Recordemos que <strong>el piloto de 25 a\u00f1os forma parte del equipo Van Amersfoort Racing <\/strong>y tuvo se estreno en el mes de marzo. <\/p>\n<h4 class=\"wp-block-heading has-white-color has-pale-cyan-blue-background-color has-text-color has-background has-link-color wp-elements-5de8962855489ece35b7deb8a35d5768\"><em><strong>+ \u00bfSos fan\u00e1tico de la Selecci\u00f3n? Showsport sortea un viaje al Mundial.&nbsp;<a href=\"https:\/\/www.instagram.com\/showsportcanal\/p\/DW1vhPiFMOS\/\" rel=\"noopener\">Particip\u00e1 haciendo clic ac\u00e1<\/a><\/strong>.<\/em><br \/><\/h4>\n","protected":false},"excerpt":{"rendered":"<p>Este fin de semana vuelve la acci\u00f3n en la F\u00f3rmula 2 con la presencia de Nicol\u00e1s Varrone. A continuaci\u00f3n, repasamos el cronograma del argentino en Miami. Vale resaltar que ser\u00e1 su segunda presentaci\u00f3n en la categor\u00eda y dicha actividad comenzar\u00e1 este viernes con la primera pr\u00e1ctica, a partir de las 10.30 hs y desde las [&hellip;]<\/p>\n","protected":false},"author":1,"featured_media":50928,"comment_status":"closed","ping_status":"closed","sticky":false,"template":"","format":"standard","meta":{"om_disable_all_campaigns":false,"_monsterinsights_skip_tracking":false,"_monsterinsights_sitenote_active":false,"_monsterinsights_sitenote_note":"","_monsterinsights_sitenote_category":0},"categories":[16],"tags":[716,1985,3352,1405,3353],"aioseo_notices":[],"_links":{"self":[{"href":"https:\/\/economiapoliticacba.com\/index.php?rest_route=\/wp\/v2\/posts\/50927"}],"collection":[{"href":"https:\/\/economiapoliticacba.com\/index.php?rest_route=\/wp\/v2\/posts"}],"about":[{"href":"https:\/\/economiapoliticacba.com\/index.php?rest_route=\/wp\/v2\/types\/post"}],"author":[{"embeddable":true,"href":"https:\/\/economiapoliticacba.com\/index.php?rest_route=\/wp\/v2\/users\/1"}],"replies":[{"embeddable":true,"href":"https:\/\/economiapoliticacba.com\/index.php?rest_route=%2Fwp%2Fv2%2Fcomments&post=50927"}],"version-history":[{"count":0,"href":"https:\/\/economiapoliticacba.com\/index.php?rest_route=\/wp\/v2\/posts\/50927\/revisions"}],"wp:featuredmedia":[{"embeddable":true,"href":"https:\/\/economiapoliticacba.com\/index.php?rest_route=\/wp\/v2\/media\/50928"}],"wp:attachment":[{"href":"https:\/\/economiapoliticacba.com\/index.php?rest_route=%2Fwp%2Fv2%2Fmedia&parent=50927"}],"wp:term":[{"taxonomy":"category","embeddable":true,"href":"https:\/\/economiapoliticacba.com\/index.php?rest_route=%2Fwp%2Fv2%2Fcategories&post=50927"},{"taxonomy":"post_tag","embeddable":true,"href":"https:\/\/economiapoliticacba.com\/index.php?rest_route=%2Fwp%2Fv2%2Ftags&post=50927"}],"curies":[{"name":"wp","href":"https:\/\/api.w.org\/{rel}","templated":true}]}}