{"id":50925,"date":"2026-04-30T11:57:10","date_gmt":"2026-04-30T11:57:10","guid":{"rendered":"https:\/\/canalshowsport.com.ar\/?p=49696"},"modified":"2026-04-30T11:57:10","modified_gmt":"2026-04-30T11:57:10","slug":"gigante-360-belgrano-presento-el-proyecto-para-la-ampliacion-del-estadio","status":"publish","type":"post","link":"https:\/\/economiapoliticacba.com\/?p=50925","title":{"rendered":"Gigante 360\u00b0: Belgrano present\u00f3 el proyecto para la ampliaci\u00f3n del estadio"},"content":{"rendered":"<p>El mi\u00e9rcoles <a href=\"https:\/\/canalshowsport.com.ar\/asamblea-ordinaria-belgrano-aprobo-su-balance-y-destaco-el-aporte-clave-de-los-socios\/\"><strong>Belgrano<\/strong> celebr\u00f3 su Asamblea General Ordinaria<\/a>, con la presencia de m\u00e1s de mil socios, donde se aprob\u00f3 la Memoria y el Balance correspondientes al ejercicio 2025.<\/p>\n<p>Adem\u00e1s de la aprobaci\u00f3n del balance, Luis Fabi\u00e1n Artime, presidente del club, present\u00f3 de manera oficial el plan de infraestructura denominado <strong>\u201cGigante 360\u00b0\u201d<\/strong>.<\/p>\n<figure class=\"wp-block-image size-full\"><img loading=\"lazy\" decoding=\"async\" width=\"1080\" height=\"733\" src=\"http:\/\/economiapoliticacba.com\/wp-content\/uploads\/2026\/04\/gigante-360-belgrano-presento-el-proyecto-para-la-ampliacion-del-estadio.jpg\" alt class=\"wp-image-49699\" srcset=\"http:\/\/economiapoliticacba.com\/wp-content\/uploads\/2026\/04\/gigante-360-belgrano-presento-el-proyecto-para-la-ampliacion-del-estadio.jpg 1080w, http:\/\/economiapoliticacba.com\/wp-content\/uploads\/2026\/04\/gigante-360-belgrano-presento-el-proyecto-para-la-ampliacion-del-estadio-3.jpg 768w, http:\/\/economiapoliticacba.com\/wp-content\/uploads\/2026\/04\/gigante-360-belgrano-presento-el-proyecto-para-la-ampliacion-del-estadio-4.jpg 24w, http:\/\/economiapoliticacba.com\/wp-content\/uploads\/2026\/04\/gigante-360-belgrano-presento-el-proyecto-para-la-ampliacion-del-estadio-5.jpg 36w, http:\/\/economiapoliticacba.com\/wp-content\/uploads\/2026\/04\/gigante-360-belgrano-presento-el-proyecto-para-la-ampliacion-del-estadio-6.jpg 48w, http:\/\/economiapoliticacba.com\/wp-content\/uploads\/2026\/04\/gigante-360-belgrano-presento-el-proyecto-para-la-ampliacion-del-estadio-7.jpg 750w\" sizes=\"(max-width: 1080px) 100vw, 1080px\"><figcaption class=\"wp-element-caption\"> <\/figcaption><\/figure>\n<p>Se trata de un proyecto integral que busca la modernizaci\u00f3n y ampliaci\u00f3n del estadio de cara a los pr\u00f3ximos a\u00f1os. El objetivo es completar el anillo del estadio, mejorando no solo la capacidad sino tambi\u00e9n la experiencia del espectador en todas las tribunas.<\/p>\n<h4 class=\"wp-block-heading has-white-color has-pale-cyan-blue-background-color has-text-color has-background has-link-color wp-elements-7c5f8189fb634ec6d237445804a4fb41\"><em><strong>+ \u00bfSos fan\u00e1tico de la Selecci\u00f3n? Showsport sortea un viaje al Mundial.&nbsp;<a href=\"https:\/\/www.instagram.com\/showsportcanal\/p\/DW1vhPiFMOS\/\" rel=\"noopener\">Particip\u00e1 haciendo clic ac\u00e1<\/a><\/strong><\/em><\/h4>\n<p>Como paso fundamental para concretar este sue\u00f1o, el club <strong>compr\u00f3 tres casas sobre la calle La Rioja<\/strong>, colindantes a la actual Tribuna Preferencial. Esta adquisici\u00f3n es la pieza que faltaba para poder avanzar con las obras de expansi\u00f3n sobre ese sector.<\/p>\n<div class=\"wp-block-columns is-layout-flex wp-container-core-columns-is-layout-9d6595d7 wp-block-columns-is-layout-flex\">\n<div class=\"wp-block-column is-layout-flow wp-block-column-is-layout-flow\">\n<figure class=\"wp-block-image size-full\"><img loading=\"lazy\" decoding=\"async\" width=\"1080\" height=\"701\" src=\"http:\/\/economiapoliticacba.com\/wp-content\/uploads\/2026\/04\/gigante-360-belgrano-presento-el-proyecto-para-la-ampliacion-del-estadio-1.jpg\" alt class=\"wp-image-49701\" srcset=\"http:\/\/economiapoliticacba.com\/wp-content\/uploads\/2026\/04\/gigante-360-belgrano-presento-el-proyecto-para-la-ampliacion-del-estadio-1.jpg 1080w, http:\/\/economiapoliticacba.com\/wp-content\/uploads\/2026\/04\/gigante-360-belgrano-presento-el-proyecto-para-la-ampliacion-del-estadio-8.jpg 768w, http:\/\/economiapoliticacba.com\/wp-content\/uploads\/2026\/04\/gigante-360-belgrano-presento-el-proyecto-para-la-ampliacion-del-estadio-9.jpg 24w, http:\/\/economiapoliticacba.com\/wp-content\/uploads\/2026\/04\/gigante-360-belgrano-presento-el-proyecto-para-la-ampliacion-del-estadio-10.jpg 36w, http:\/\/economiapoliticacba.com\/wp-content\/uploads\/2026\/04\/gigante-360-belgrano-presento-el-proyecto-para-la-ampliacion-del-estadio-11.jpg 48w, http:\/\/economiapoliticacba.com\/wp-content\/uploads\/2026\/04\/gigante-360-belgrano-presento-el-proyecto-para-la-ampliacion-del-estadio-12.jpg 750w\" sizes=\"(max-width: 1080px) 100vw, 1080px\"><figcaption class=\"wp-element-caption\"> <\/figcaption><\/figure>\n<\/div>\n<div class=\"wp-block-column is-layout-flow wp-block-column-is-layout-flow\">\n<figure class=\"wp-block-image size-full\"><img loading=\"lazy\" decoding=\"async\" width=\"862\" height=\"568\" src=\"http:\/\/economiapoliticacba.com\/wp-content\/uploads\/2026\/04\/gigante-360-belgrano-presento-el-proyecto-para-la-ampliacion-del-estadio-2.jpg\" alt class=\"wp-image-49708\" srcset=\"http:\/\/economiapoliticacba.com\/wp-content\/uploads\/2026\/04\/gigante-360-belgrano-presento-el-proyecto-para-la-ampliacion-del-estadio-2.jpg 862w, http:\/\/economiapoliticacba.com\/wp-content\/uploads\/2026\/04\/gigante-360-belgrano-presento-el-proyecto-para-la-ampliacion-del-estadio-13.jpg 768w, http:\/\/economiapoliticacba.com\/wp-content\/uploads\/2026\/04\/gigante-360-belgrano-presento-el-proyecto-para-la-ampliacion-del-estadio-14.jpg 24w, http:\/\/economiapoliticacba.com\/wp-content\/uploads\/2026\/04\/gigante-360-belgrano-presento-el-proyecto-para-la-ampliacion-del-estadio-15.jpg 36w, http:\/\/economiapoliticacba.com\/wp-content\/uploads\/2026\/04\/gigante-360-belgrano-presento-el-proyecto-para-la-ampliacion-del-estadio-16.jpg 48w, http:\/\/economiapoliticacba.com\/wp-content\/uploads\/2026\/04\/gigante-360-belgrano-presento-el-proyecto-para-la-ampliacion-del-estadio-17.jpg 750w\" sizes=\"(max-width: 862px) 100vw, 862px\"><\/figure>\n<\/div>\n<\/div>\n<p>Otro de los puntos centrales del proyecto, es la modernizaci\u00f3n del sistema de iluminaci\u00f3n del estadio, permitiendo adecuar las instalaciones a los est\u00e1ndares internacionales exigidos por CONMEBOL<\/p>\n<figure class=\"wp-block-embed is-type-wp-embed is-provider-canal-showsport wp-block-embed-canal-showsport\"><\/figure>\n","protected":false},"excerpt":{"rendered":"<p>El mi\u00e9rcoles Belgrano celebr\u00f3 su Asamblea General Ordinaria, con la presencia de m\u00e1s de mil socios, donde se aprob\u00f3 la Memoria y el Balance correspondientes al ejercicio 2025. Adem\u00e1s de la aprobaci\u00f3n del balance, Luis Fabi\u00e1n Artime, presidente del club, present\u00f3 de manera oficial el plan de infraestructura denominado \u201cGigante 360\u00b0\u201d. Se trata de un [&hellip;]<\/p>\n","protected":false},"author":1,"featured_media":50926,"comment_status":"closed","ping_status":"closed","sticky":false,"template":"","format":"standard","meta":{"om_disable_all_campaigns":false,"_monsterinsights_skip_tracking":false,"_monsterinsights_sitenote_active":false,"_monsterinsights_sitenote_note":"","_monsterinsights_sitenote_category":0},"categories":[16],"tags":[3347,944,3348,22,580,3349,3350,3351],"aioseo_notices":[],"_links":{"self":[{"href":"https:\/\/economiapoliticacba.com\/index.php?rest_route=\/wp\/v2\/posts\/50925"}],"collection":[{"href":"https:\/\/economiapoliticacba.com\/index.php?rest_route=\/wp\/v2\/posts"}],"about":[{"href":"https:\/\/economiapoliticacba.com\/index.php?rest_route=\/wp\/v2\/types\/post"}],"author":[{"embeddable":true,"href":"https:\/\/economiapoliticacba.com\/index.php?rest_route=\/wp\/v2\/users\/1"}],"replies":[{"embeddable":true,"href":"https:\/\/economiapoliticacba.com\/index.php?rest_route=%2Fwp%2Fv2%2Fcomments&post=50925"}],"version-history":[{"count":0,"href":"https:\/\/economiapoliticacba.com\/index.php?rest_route=\/wp\/v2\/posts\/50925\/revisions"}],"wp:featuredmedia":[{"embeddable":true,"href":"https:\/\/economiapoliticacba.com\/index.php?rest_route=\/wp\/v2\/media\/50926"}],"wp:attachment":[{"href":"https:\/\/economiapoliticacba.com\/index.php?rest_route=%2Fwp%2Fv2%2Fmedia&parent=50925"}],"wp:term":[{"taxonomy":"category","embeddable":true,"href":"https:\/\/economiapoliticacba.com\/index.php?rest_route=%2Fwp%2Fv2%2Fcategories&post=50925"},{"taxonomy":"post_tag","embeddable":true,"href":"https:\/\/economiapoliticacba.com\/index.php?rest_route=%2Fwp%2Fv2%2Ftags&post=50925"}],"curies":[{"name":"wp","href":"https:\/\/api.w.org\/{rel}","templated":true}]}}