{"id":50913,"date":"2026-04-30T02:02:47","date_gmt":"2026-04-30T02:02:47","guid":{"rendered":"https:\/\/canalshowsport.com.ar\/?p=49687"},"modified":"2026-04-30T02:02:47","modified_gmt":"2026-04-30T02:02:47","slug":"artime-defendio-el-presente-de-belgrano-y-apoyo-al-plantel-en-la-asamblea","status":"publish","type":"post","link":"https:\/\/economiapoliticacba.com\/?p=50913","title":{"rendered":"Artime defendi\u00f3 el presente de Belgrano y apoy\u00f3 al plantel en la Asamblea"},"content":{"rendered":"<div><img src=\"http:\/\/economiapoliticacba.com\/wp-content\/uploads\/2026\/04\/artime-defendio-el-presente-de-belgrano-y-apoyo-al-plantel-en-la-asamblea.jpg\" class=\"ff-og-image-inserted\"><\/div>\n<p>El presidente de <strong>Belgrano<\/strong>, <strong>Luis Fabi\u00e1n Artime<\/strong>, <a href=\"https:\/\/canalshowsport.com.ar\/asamblea-ordinaria-belgrano-aprobo-su-balance-y-destaco-el-aporte-clave-de-los-socios\/\">encabez\u00f3 este mi\u00e9rcoles una asamblea en la que dej\u00f3 varias definiciones sobre el presente deportivo e institucional del club<\/a>, con un mensaje enfocado en <strong>sostener el rumbo <\/strong>y <strong>respaldar al plantel profesional<\/strong>.<\/p>\n<p>Durante su intervenci\u00f3n, el dirigente hizo referencia a las expectativas con las que el equipo hab\u00eda comenzado el torneo y a c\u00f3mo se fue desarrollando la campa\u00f1a. <strong><em>\u201cA principio de torneo \u00e9ramos los candidatos. Para m\u00ed nos mufaron\u201d<\/em><\/strong>, expres\u00f3 con tono distendido, en alusi\u00f3n a la p\u00e9rdida de protagonismo en las \u00faltimas fechas del Torneo Apertura.<\/p>\n<p>En esa l\u00ednea, <strong>Artime<\/strong> remarc\u00f3 el rol central de los <strong>socios<\/strong> dentro de la instituci\u00f3n: <em>\u201c<strong>Los verdaderos due\u00f1os de Belgrano son ustedes<\/strong>. Somos una comisi\u00f3n directiva de paso, que trata de gestionar lo que quieren los socios\u201d<\/em>, afirm\u00f3, destacando el car\u00e1cter participativo del club.<\/p>\n<p>El mandatario tambi\u00e9n defendi\u00f3 la calidad del <strong>plantel<\/strong> y el <strong>trabajo<\/strong> que se viene realizando desde lo deportivo. <em>\u201cHoy tenemos un plantel de gran jerarqu\u00eda que sigue estando. Ese equipo que jugaba bien sigue estando y <strong>confiamos plenamente en el cuerpo t\u00e9cnico y en los jugadores<\/strong>\u201d<\/em>, se\u00f1al\u00f3, buscando llevar tranquilidad ante los altibajos en el rendimiento.<\/p>\n<blockquote class=\"instagram-media\" data-instgrm-captioned data-instgrm-permalink=\"https:\/\/www.instagram.com\/p\/DXvMGphE30n\/?utm_source=ig_embed&amp;utm_campaign=loading\" data-instgrm-version=\"14\" readability=\"-0.21212121212121\"><\/blockquote>\n<p class=\"has-white-color has-pale-cyan-blue-background-color has-text-color has-background has-link-color wp-elements-48ed2feba6484ab79e864fee62224362\"><em><strong>+ \u00bfSos&nbsp;<\/strong><\/em><strong><em>fan<\/em><\/strong><em><strong>\u00e1tico de la Selecci\u00f3n? Showsport sortea un viaje al Mundial.&nbsp;<a href=\"https:\/\/www.instagram.com\/showsportcanal\/p\/DW1vhPiFMOS\/\" rel=\"noopener\">Particip\u00e1 haciendo clic ac\u00e1<\/a><\/strong><\/em><\/p>\n<p>En cuanto a los resultados, apel\u00f3 a una met\u00e1fora futbolera para explicar la falta de contundencia en algunos partidos: <em>\u201cLa caprichosa a veces pega en el palo y no entra. <strong>Las cosas se est\u00e1n haciendo bien\u201d<\/strong><\/em>, sostuvo.<\/p>\n<p>Adem\u00e1s, puso en valor la posici\u00f3n actual del equipo: <strong><em>\u201cHoy estamos entre los ocho, algo que antes no se pod\u00eda lograr\u201d<\/em><\/strong>, remarc\u00f3, en referencia a la clasificaci\u00f3n a los playoffs.<\/p>\n<p>Por \u00faltimo, <strong>Artime<\/strong> se refiri\u00f3 al conflicto legal con el delantero <strong>Pablo Vegetti<\/strong> y fue categ\u00f3rico respecto a la postura del club: <strong><em>\u201cVamos a pelear por la plata del club y de los socios\u201d<\/em><\/strong>, asegur\u00f3.<\/p>\n<figure class=\"wp-block-embed is-type-wp-embed is-provider-canal-showsport wp-block-embed-canal-showsport\"><\/figure>\n","protected":false},"excerpt":{"rendered":"<p>El presidente de Belgrano, Luis Fabi\u00e1n Artime, encabez\u00f3 este mi\u00e9rcoles una asamblea en la que dej\u00f3 varias definiciones sobre el presente deportivo e institucional del club, con un mensaje enfocado en sostener el rumbo y respaldar al plantel profesional. Durante su intervenci\u00f3n, el dirigente hizo referencia a las expectativas con las que el equipo hab\u00eda [&hellip;]<\/p>\n","protected":false},"author":1,"featured_media":50914,"comment_status":"closed","ping_status":"closed","sticky":false,"template":"","format":"standard","meta":{"om_disable_all_campaigns":false,"_monsterinsights_skip_tracking":false,"_monsterinsights_sitenote_active":false,"_monsterinsights_sitenote_note":"","_monsterinsights_sitenote_category":0},"categories":[16],"tags":[120,2088,22,34,2360],"aioseo_notices":[],"_links":{"self":[{"href":"https:\/\/economiapoliticacba.com\/index.php?rest_route=\/wp\/v2\/posts\/50913"}],"collection":[{"href":"https:\/\/economiapoliticacba.com\/index.php?rest_route=\/wp\/v2\/posts"}],"about":[{"href":"https:\/\/economiapoliticacba.com\/index.php?rest_route=\/wp\/v2\/types\/post"}],"author":[{"embeddable":true,"href":"https:\/\/economiapoliticacba.com\/index.php?rest_route=\/wp\/v2\/users\/1"}],"replies":[{"embeddable":true,"href":"https:\/\/economiapoliticacba.com\/index.php?rest_route=%2Fwp%2Fv2%2Fcomments&post=50913"}],"version-history":[{"count":0,"href":"https:\/\/economiapoliticacba.com\/index.php?rest_route=\/wp\/v2\/posts\/50913\/revisions"}],"wp:featuredmedia":[{"embeddable":true,"href":"https:\/\/economiapoliticacba.com\/index.php?rest_route=\/wp\/v2\/media\/50914"}],"wp:attachment":[{"href":"https:\/\/economiapoliticacba.com\/index.php?rest_route=%2Fwp%2Fv2%2Fmedia&parent=50913"}],"wp:term":[{"taxonomy":"category","embeddable":true,"href":"https:\/\/economiapoliticacba.com\/index.php?rest_route=%2Fwp%2Fv2%2Fcategories&post=50913"},{"taxonomy":"post_tag","embeddable":true,"href":"https:\/\/economiapoliticacba.com\/index.php?rest_route=%2Fwp%2Fv2%2Ftags&post=50913"}],"curies":[{"name":"wp","href":"https:\/\/api.w.org\/{rel}","templated":true}]}}