{"id":50911,"date":"2026-04-29T19:40:00","date_gmt":"2026-04-29T19:40:00","guid":{"rendered":"https:\/\/canalshowsport.com.ar\/?p=49583"},"modified":"2026-04-29T19:40:00","modified_gmt":"2026-04-29T19:40:00","slug":"estudiantes-de-la-plata-activo-protocolo-tras-una-grave-denuncia-contra-un-entrenador","status":"publish","type":"post","link":"https:\/\/economiapoliticacba.com\/?p=50911","title":{"rendered":"Estudiantes de La Plata activ\u00f3 protocolo tras una grave denuncia contra un entrenador"},"content":{"rendered":"<p>Una joven de 20 a\u00f1os denunci\u00f3 a un profesor de boxeo de <strong>Estudiantes de La Plata<\/strong> por presuntos hechos de abuso sexual que, seg\u00fan su testimonio, habr\u00edan ocurrido cuando era menor de edad, mientras entrenaba en la instituci\u00f3n. La causa se encuentra en investigaci\u00f3n judicial.<\/p>\n<h4 class=\"wp-block-heading has-white-color has-pale-cyan-blue-background-color has-text-color has-background has-link-color wp-elements-b5219c5afaca22a73f99ee79b713a9c2\"><em><strong>+ \u00bfSos fan\u00e1tico de la Selecci\u00f3n? Showsport sortea un viaje al Mundial.&nbsp;<a href=\"https:\/\/www.instagram.com\/showsportcanal\/p\/DW1vhPiFMOS\/\" rel=\"noopener\">Particip\u00e1 haciendo clic ac\u00e1<\/a><\/strong>.<\/em><\/h4>\n<p>De acuerdo con la informaci\u00f3n difundida, la denunciante relat\u00f3 que los episodios se habr\u00edan iniciado cuando ten\u00eda 16 a\u00f1os, en el marco de su actividad deportiva, y que el v\u00ednculo con el acusado se habr\u00eda extendido durante un per\u00edodo prolongado.<\/p>\n<figure class=\"wp-block-image size-large\"><img decoding=\"async\" src=\"http:\/\/economiapoliticacba.com\/wp-content\/uploads\/2026\/04\/estudiantes-de-la-plata-activo-protocolo-tras-una-grave-denuncia-contra-un-entrenador.jpg\" alt><\/figure>\n<p>Tras conocerse la denuncia, el club emiti\u00f3 un comunicado oficial en el que inform\u00f3 que activ\u00f3 sus protocolos internos y puso a disposici\u00f3n de la Justicia toda la informaci\u00f3n requerida, adem\u00e1s de acompa\u00f1ar a la persona denunciante a trav\u00e9s de sus \u00e1reas especializadas.<\/p>\n<p>Asimismo, el club inform\u00f3 la <strong>suspensi\u00f3n preventiva del trabajador denunciado<\/strong> mientras avanza el proceso judicial, con el objetivo de resguardar a la denunciante y garantizar el desarrollo de la investigaci\u00f3n.<\/p>\n<blockquote class=\"twitter-tweet\" readability=\"8.6326530612245\">\n<p lang=\"es\" dir=\"ltr\">COMUNICADO OFICIAL<\/p>\n<p>El Club Estudiantes de La Plata informa que, ante la denuncia contra un trabajador de la instituci\u00f3n por violencia de g\u00e9nero radicada ante la Justicia, se desplegaron de manera inmediata todas las herramientas institucionales para acompa\u00f1ar a la denunciante y\u2026<\/p>\n<p>\u2014 Estudiantes de La Plata Club (@edelpclub) <a href=\"https:\/\/twitter.com\/edelpclub\/status\/2049259570183418345?ref_src=twsrc%5Etfw\" rel=\"noopener\">April 28, 2026<\/a><\/p><\/blockquote>\n<p>La instituci\u00f3n solicit\u00f3 adem\u00e1s responsabilidad a los medios de comunicaci\u00f3n y a la comunidad en general para preservar la identidad de la joven y evitar su revictimizaci\u00f3n, remarcando que no brindar\u00e1 m\u00e1s detalles sobre el caso por cuestiones de confidencialidad.<\/p>\n","protected":false},"excerpt":{"rendered":"<p>Una joven de 20 a\u00f1os denunci\u00f3 a un profesor de boxeo de Estudiantes de La Plata por presuntos hechos de abuso sexual que, seg\u00fan su testimonio, habr\u00edan ocurrido cuando era menor de edad, mientras entrenaba en la instituci\u00f3n. La causa se encuentra en investigaci\u00f3n judicial. + \u00bfSos fan\u00e1tico de la Selecci\u00f3n? Showsport sortea un viaje [&hellip;]<\/p>\n","protected":false},"author":1,"featured_media":50912,"comment_status":"closed","ping_status":"closed","sticky":false,"template":"","format":"standard","meta":{"om_disable_all_campaigns":false,"_monsterinsights_skip_tracking":false,"_monsterinsights_sitenote_active":false,"_monsterinsights_sitenote_note":"","_monsterinsights_sitenote_category":0},"categories":[16],"tags":[556,428],"aioseo_notices":[],"_links":{"self":[{"href":"https:\/\/economiapoliticacba.com\/index.php?rest_route=\/wp\/v2\/posts\/50911"}],"collection":[{"href":"https:\/\/economiapoliticacba.com\/index.php?rest_route=\/wp\/v2\/posts"}],"about":[{"href":"https:\/\/economiapoliticacba.com\/index.php?rest_route=\/wp\/v2\/types\/post"}],"author":[{"embeddable":true,"href":"https:\/\/economiapoliticacba.com\/index.php?rest_route=\/wp\/v2\/users\/1"}],"replies":[{"embeddable":true,"href":"https:\/\/economiapoliticacba.com\/index.php?rest_route=%2Fwp%2Fv2%2Fcomments&post=50911"}],"version-history":[{"count":0,"href":"https:\/\/economiapoliticacba.com\/index.php?rest_route=\/wp\/v2\/posts\/50911\/revisions"}],"wp:featuredmedia":[{"embeddable":true,"href":"https:\/\/economiapoliticacba.com\/index.php?rest_route=\/wp\/v2\/media\/50912"}],"wp:attachment":[{"href":"https:\/\/economiapoliticacba.com\/index.php?rest_route=%2Fwp%2Fv2%2Fmedia&parent=50911"}],"wp:term":[{"taxonomy":"category","embeddable":true,"href":"https:\/\/economiapoliticacba.com\/index.php?rest_route=%2Fwp%2Fv2%2Fcategories&post=50911"},{"taxonomy":"post_tag","embeddable":true,"href":"https:\/\/economiapoliticacba.com\/index.php?rest_route=%2Fwp%2Fv2%2Ftags&post=50911"}],"curies":[{"name":"wp","href":"https:\/\/api.w.org\/{rel}","templated":true}]}}