{"id":50908,"date":"2026-04-29T15:49:00","date_gmt":"2026-04-29T15:49:00","guid":{"rendered":"https:\/\/economiapoliticacba.com\/?p=50908"},"modified":"2026-04-29T15:49:00","modified_gmt":"2026-04-29T15:49:00","slug":"adorni-hablo-en-el-congreso-el-duro-mensaje-contra-el-populismo-y-la-advertencia-por-una-operacion-golpista","status":"publish","type":"post","link":"https:\/\/economiapoliticacba.com\/?p=50908","title":{"rendered":"Adorni habl\u00f3 en el Congreso: el duro mensaje contra el populismo y la advertencia por una &#8220;operaci\u00f3n golpista&#8221;"},"content":{"rendered":"<p>El jefe de Gabinete, <a href=\"https:\/\/eleconomista.com.ar\/tags\/manuel-adorni-t5695\" target=\"_blank\" rel=\"noopener\"><strong>Manuel Adorni,<\/strong><\/a> inici\u00f3 su presentaci\u00f3n del Informe de Gesti\u00f3n 2026 en el Congreso <a href=\"https:\/\/eleconomista.com.ar\/politica\/lo-adorni-contesto-evasivas-jefe-gabinete-sobre-su-patrimonio-viajes-de-regalo-n94519\" target=\"_blank\" rel=\"noopener\"><strong>acompa\u00f1ado por el presidente Javier Milei y el Gabinete <\/strong><\/a>. En ese marco, afirm\u00f3 que <strong>&#8220;la marcha del gobierno evidencia resultados contundentes y positivos en cada una de las \u00e1reas, y la Argentina ha comenzado a sentar las bases de un nuevo comienzo&#8221;<\/strong>. <\/p>\n<p>Durante el arranque de su exposici\u00f3n, sostuvo que <strong>&#8220;estamos emprendiendo el arduo camino de reformas necesarias para devolverles a los argentinos todo lo que les fue arrebatado por la maldad, la arrogancia o simplemente la limitaci\u00f3n intelectual del populismo que solo ha perpetuado la decadencia&#8221;<\/strong>, y remarc\u00f3 que &#8220;el Presidente asumi\u00f3 con el claro mandato de encauzar el rumbo de un pa\u00eds descarriado&#8221;. <\/p>\n<p><a href=\"https:\/\/eleconomista.com.ar\/tags\/manuel-adorni-t5695\" target=\"_blank\" rel=\"noopener\"><strong>Adorni <\/strong><\/a>tambi\u00e9n describi\u00f3 el escenario heredado al se\u00f1alar que el Gobierno &#8220;recibi\u00f3 una situaci\u00f3n cr\u00edtica que, de no haber sido abordada con decisi\u00f3n y oportunidad, podr\u00eda haber derivado en <mark class=\"marker-yellow\"><strong>una ca\u00edda del PBI superior al 15%<\/strong><\/mark> y en niveles de pobreza del 90%&#8221;. En ese sentido, agreg\u00f3 que &#8220;la irresponsabilidad fiscal condenaba a la Rep\u00fablica a su fundici\u00f3n total&#8221; y que el pa\u00eds atravesaba un contexto de inflaci\u00f3n, inseguridad y estancamiento econ\u00f3mico. <\/p>\n<figure class=\"image\"><img loading=\"lazy\" width=\"100\" height=\"100\" class=\"cst_img\" src=\"http:\/\/economiapoliticacba.com\/wp-content\/uploads\/2026\/04\/adorni-hablo-en-el-congreso-el-duro-mensaje-contra-el-populismo-y-la-advertencia-por-una-operacion-golpista.webp\" alt=\"karina milei\"><figcaption>Con Milei en el palco: Adorni defendi\u00f3 el rumbo econ\u00f3mico y lanz\u00f3 una advertencia a la oposici\u00f3n.<\/figcaption><\/figure>\n<p>En otro tramo, indic\u00f3 que <strong>&#8220;contra ese destino nefasto luchamos d\u00eda a d\u00eda y lo estamos dejando en el pasado&#8221;<\/strong>, aunque admiti\u00f3 que &#8220;todav\u00eda queda much\u00edsimo camino por recorrer&#8221; y que algunos resultados a\u00fan no impactan de forma directa en la vida cotidiana. Adem\u00e1s, atribuy\u00f3 parte de ese retraso a <mark class=\"marker-yellow\"><strong>&#8220;la operaci\u00f3n golpista que el kirchnerismo y la izquierda ejecutaron en plena campa\u00f1a electoral&#8221;.<\/strong><\/mark> <\/p>\n<p>Por \u00faltimo, el funcionario asegur\u00f3 que el Gobierno est\u00e1 impulsando cambios estructurales: &#8220;hoy nuestro gobierno est\u00e1 haciendo lo que el sistema pol\u00edtico se neg\u00f3 a hacer durante m\u00e1s de 100 a\u00f1os&#8221;. En esa l\u00ednea, concluy\u00f3 que <strong>&#8220;el camino de reformas que emprendi\u00f3 el Gobierno nos est\u00e1 llevando paso a paso a un destino de grandeza&#8221;<\/strong>, y sostuvo que el Presidente &#8220;solo se debe a la gente com\u00fan y defiende un \u00fanico inter\u00e9s: el de los que trabajan, los que estudian y los que se esfuerzan&#8221;. <\/p>\n","protected":false},"excerpt":{"rendered":"<p>El jefe de Gabinete, Manuel Adorni, inici\u00f3 su presentaci\u00f3n del Informe de Gesti\u00f3n 2026 en el Congreso acompa\u00f1ado por el presidente Javier Milei y el Gabinete . En ese marco, afirm\u00f3 que &#8220;la marcha del gobierno evidencia resultados contundentes y positivos en cada una de las \u00e1reas, y la Argentina ha comenzado a sentar las [&hellip;]<\/p>\n","protected":false},"author":1,"featured_media":50909,"comment_status":"closed","ping_status":"closed","sticky":false,"template":"","format":"standard","meta":{"om_disable_all_campaigns":false,"_monsterinsights_skip_tracking":false,"_monsterinsights_sitenote_active":false,"_monsterinsights_sitenote_note":"","_monsterinsights_sitenote_category":0},"categories":[17,21],"tags":[],"aioseo_notices":[],"_links":{"self":[{"href":"https:\/\/economiapoliticacba.com\/index.php?rest_route=\/wp\/v2\/posts\/50908"}],"collection":[{"href":"https:\/\/economiapoliticacba.com\/index.php?rest_route=\/wp\/v2\/posts"}],"about":[{"href":"https:\/\/economiapoliticacba.com\/index.php?rest_route=\/wp\/v2\/types\/post"}],"author":[{"embeddable":true,"href":"https:\/\/economiapoliticacba.com\/index.php?rest_route=\/wp\/v2\/users\/1"}],"replies":[{"embeddable":true,"href":"https:\/\/economiapoliticacba.com\/index.php?rest_route=%2Fwp%2Fv2%2Fcomments&post=50908"}],"version-history":[{"count":0,"href":"https:\/\/economiapoliticacba.com\/index.php?rest_route=\/wp\/v2\/posts\/50908\/revisions"}],"wp:featuredmedia":[{"embeddable":true,"href":"https:\/\/economiapoliticacba.com\/index.php?rest_route=\/wp\/v2\/media\/50909"}],"wp:attachment":[{"href":"https:\/\/economiapoliticacba.com\/index.php?rest_route=%2Fwp%2Fv2%2Fmedia&parent=50908"}],"wp:term":[{"taxonomy":"category","embeddable":true,"href":"https:\/\/economiapoliticacba.com\/index.php?rest_route=%2Fwp%2Fv2%2Fcategories&post=50908"},{"taxonomy":"post_tag","embeddable":true,"href":"https:\/\/economiapoliticacba.com\/index.php?rest_route=%2Fwp%2Fv2%2Ftags&post=50908"}],"curies":[{"name":"wp","href":"https:\/\/api.w.org\/{rel}","templated":true}]}}