{"id":50906,"date":"2026-04-29T16:37:00","date_gmt":"2026-04-29T16:37:00","guid":{"rendered":"https:\/\/economiapoliticacba.com\/?p=50906"},"modified":"2026-04-29T16:37:00","modified_gmt":"2026-04-29T16:37:00","slug":"privatizaciones-diego-chaher-revelo-como-blindaran-las-ventas-para-que-sean-irreversibles","status":"publish","type":"post","link":"https:\/\/economiapoliticacba.com\/?p=50906","title":{"rendered":"Privatizaciones: Diego Chaher revel\u00f3 c\u00f3mo blindar\u00e1n las ventas para que sean &#8220;irreversibles&#8221;"},"content":{"rendered":"<p>El retiro del Estado de la actividad productiva dej\u00f3 de ser una consigna para convertirse en un plan en marcha. <a href=\"https:\/\/eleconomista.com.ar\/tags\/privatizaciones-t6807\" target=\"_blank\" rel=\"noopener\"><strong>Con m\u00e1s de 40 empresas p\u00fablicas en proceso de privatizaci\u00f3n o cierre<\/strong><\/a>, el Gobierno avanza en una transformaci\u00f3n profunda del rol estatal en la econom\u00eda, con el objetivo expl\u00edcito de reducir lo que considera una estructura ineficiente y costosa.<\/p>\n<p>En una <strong>entrevista que brind\u00f3 a Infobae<\/strong>, el titular de la Agencia de Transformaci\u00f3n de Empresas P\u00fablicas, Diego Chaher, detall\u00f3 el alcance de esta estrategia. <mark class=\"marker-yellow\">&#8220;<strong>El Presidente marc\u00f3 que el Estado se tiene que retirar de todas las empresas. El objetivo es vender todo. Todas<\/strong>&#8220;<\/mark>, afirm\u00f3, al describir un proceso que abarca desde grandes compa\u00f1\u00edas como Aerol\u00edneas Argentinas, AySA o Enarsa hasta firmas m\u00e1s peque\u00f1as.<\/p>\n<p>El funcionario sostuvo que el problema de fondo es estructural y cuestion\u00f3 el funcionamiento hist\u00f3rico de las empresas estatales. &#8220;<strong>Somos los 47 millones de argentinos los que estamos pagando los d\u00e9ficits<\/strong>&#8220;, se\u00f1al\u00f3, al tiempo que remarc\u00f3 que cualquier intento de ordenamiento dentro del Estado es fr\u00e1gil si no existe &#8220;disciplina de mercado&#8221;. En ese marco, defendi\u00f3 el rumbo fiscal: &#8220;<strong>Tenemos el d\u00e9ficit cero pr\u00e1cticamente tatuado en el lomo<\/strong>&#8220;.<\/p>\n<p>La hoja de ruta incluye tanto privatizaciones como cierres de estructuras consideradas innecesarias. <a href=\"https:\/\/eleconomista.com.ar\/tags\/privatizaciones-t6807\" target=\"_blank\" rel=\"noopener\">&#8220;<strong>Las que no tienen sentido hay que cerrarlas<\/strong>&#8220;<\/a>, resumi\u00f3 Chaher, al referirse a empresas sin actividad real. Tambi\u00e9n anticip\u00f3 que el Gobierno busca avanzar con procesos &#8220;irreversibles&#8221;, mediante contratos que dificulten eventuales reestatizaciones. &#8220;<strong>Que le salga car\u00edsimo al pa\u00eds y tenga que enfrentar penalidades internacionales<\/strong>&#8220;, explic\u00f3 sobre el blindaje legal que se intenta construir.<\/p>\n<p>En paralelo, el Ejecutivo ya comenz\u00f3 a mostrar avances concretos, como el proceso sobre Transener, y proyecta nuevas operaciones en energ\u00eda y transporte durante 2026. Seg\u00fan Chaher, el objetivo es atraer inversores &#8220;genuinos&#8221; y consolidar un cambio de modelo: &#8220;<a href=\"https:\/\/eleconomista.com.ar\/tags\/privatizaciones-t6807\" target=\"_blank\" rel=\"noopener\"><strong>No queremos quedarnos con nada, queremos vender todo y hacerlo bien<\/strong>&#8220;<\/a>, sintetiz\u00f3, al definir una estrategia que busca redefinir de manera permanente el v\u00ednculo entre el Estado y la actividad empresarial.<\/p>\n<div class=\"rela\">\n<div class=\"pic\"> <a href=\"https:\/\/eleconomista.com.ar\/economia\/alfonso-prat-gay-a-programa-le-falta-crecimiento-le-puede-pedir-gente-sacrificio-toda-vida-n94524\" title=\"Alfonso Prat-Gay: &quot;A este programa le falta crecimiento. No se le puede pedir a la gente sacrificio toda la vida&quot;\"><img src=\"http:\/\/economiapoliticacba.com\/wp-content\/uploads\/2026\/04\/privatizaciones-diego-chaher-revelo-como-blindaran-las-ventas-para-que-sean-irreversibles.webp\" alt=\"Alfonso Prat-Gay: &quot;A este programa le falta crecimiento. No se le puede pedir a la gente sacrificio toda la vida&quot;\" loading=\"lazy\"><\/a> <\/div><\/div>\n<div class=\"rela\">\n<div class=\"pic\"> <a href=\"https:\/\/eleconomista.com.ar\/economia\/alarma-industria-cierran-tres-fabricas-textiles-dia-ya-perdieron-mas-20000-empleos-n94516\" title=\"Alarma en la industria: cierran tres f\u00e1bricas textiles por d\u00eda y ya se perdieron m\u00e1s de 20.000 empleos\"><img src=\"http:\/\/economiapoliticacba.com\/wp-content\/uploads\/2026\/04\/privatizaciones-diego-chaher-revelo-como-blindaran-las-ventas-para-que-sean-irreversibles-1.webp\" alt=\"Alarma en la industria: cierran tres f\u00e1bricas textiles por d\u00eda y ya se perdieron m\u00e1s de 20.000 empleos\" loading=\"lazy\"><\/a> <\/div><\/div>\n<div class=\"rela\">\n<div class=\"pic\"> <a href=\"https:\/\/eleconomista.com.ar\/economia\/plazos-fijos-bancos-cual-tasa-estan-pagando-hoy-n94514\" title=\"Plazos fijos en bancos: \u00bfCu\u00e1l es la tasa que est\u00e1n pagando hoy?\"><img src=\"http:\/\/economiapoliticacba.com\/wp-content\/uploads\/2026\/04\/privatizaciones-diego-chaher-revelo-como-blindaran-las-ventas-para-que-sean-irreversibles-2.webp\" alt=\"Plazos fijos en bancos: \u00bfCu\u00e1l es la tasa que est\u00e1n pagando hoy?\" loading=\"lazy\"><\/a> <\/div><\/div>\n","protected":false},"excerpt":{"rendered":"<p>El retiro del Estado de la actividad productiva dej\u00f3 de ser una consigna para convertirse en un plan en marcha. Con m\u00e1s de 40 empresas p\u00fablicas en proceso de privatizaci\u00f3n o cierre, el Gobierno avanza en una transformaci\u00f3n profunda del rol estatal en la econom\u00eda, con el objetivo expl\u00edcito de reducir lo que considera una [&hellip;]<\/p>\n","protected":false},"author":1,"featured_media":50907,"comment_status":"closed","ping_status":"closed","sticky":false,"template":"","format":"standard","meta":{"om_disable_all_campaigns":false,"_monsterinsights_skip_tracking":false,"_monsterinsights_sitenote_active":false,"_monsterinsights_sitenote_note":"","_monsterinsights_sitenote_category":0},"categories":[17],"tags":[],"aioseo_notices":[],"_links":{"self":[{"href":"https:\/\/economiapoliticacba.com\/index.php?rest_route=\/wp\/v2\/posts\/50906"}],"collection":[{"href":"https:\/\/economiapoliticacba.com\/index.php?rest_route=\/wp\/v2\/posts"}],"about":[{"href":"https:\/\/economiapoliticacba.com\/index.php?rest_route=\/wp\/v2\/types\/post"}],"author":[{"embeddable":true,"href":"https:\/\/economiapoliticacba.com\/index.php?rest_route=\/wp\/v2\/users\/1"}],"replies":[{"embeddable":true,"href":"https:\/\/economiapoliticacba.com\/index.php?rest_route=%2Fwp%2Fv2%2Fcomments&post=50906"}],"version-history":[{"count":0,"href":"https:\/\/economiapoliticacba.com\/index.php?rest_route=\/wp\/v2\/posts\/50906\/revisions"}],"wp:featuredmedia":[{"embeddable":true,"href":"https:\/\/economiapoliticacba.com\/index.php?rest_route=\/wp\/v2\/media\/50907"}],"wp:attachment":[{"href":"https:\/\/economiapoliticacba.com\/index.php?rest_route=%2Fwp%2Fv2%2Fmedia&parent=50906"}],"wp:term":[{"taxonomy":"category","embeddable":true,"href":"https:\/\/economiapoliticacba.com\/index.php?rest_route=%2Fwp%2Fv2%2Fcategories&post=50906"},{"taxonomy":"post_tag","embeddable":true,"href":"https:\/\/economiapoliticacba.com\/index.php?rest_route=%2Fwp%2Fv2%2Ftags&post=50906"}],"curies":[{"name":"wp","href":"https:\/\/api.w.org\/{rel}","templated":true}]}}