{"id":50900,"date":"2026-04-29T18:33:27","date_gmt":"2026-04-29T18:33:27","guid":{"rendered":"http:\/\/69f24674632e978584a44ef2"},"modified":"2026-04-29T18:33:27","modified_gmt":"2026-04-29T18:33:27","slug":"teatro-musical-luna-radioencantamientos-explora-nostalgia-misterio-y-ensonacion","status":"publish","type":"post","link":"https:\/\/economiapoliticacba.com\/?p=50900","title":{"rendered":"Teatro musical: \u201cLuna: Radioencantamientos&#8221; explora nostalgia, misterio y enso\u00f1aci\u00f3n"},"content":{"rendered":"<p><img src=\"http:\/\/economiapoliticacba.com\/wp-content\/uploads\/2026\/04\/teatro-musical-luna-radioencantamientos-explora-nostalgia-misterio-y-ensonacion.jpg\"><\/p>\n<p>Llega la obra de teatro musical <strong>Luna: Radioencantamientos<\/strong>, una idea colectiva y creativa basada en todo lo que puede generar en quienes son \u201cconsumidores\u201d atentos y receptivos; en lo emocional, en lo sensorial, en lo cotidiano, La radio, destac\u00e1ndose las esencias caracter\u00edsticas y virtudes de este medio de comunicaci\u00f3n \u00fanico, insustituible e imperecedero, potenciado por las nuevas tecnolog\u00edas de comunicaci\u00f3n.<\/p>\n<p>En escena: <strong>Gloria Acosta, Romina Zerbo, Rolo Casas y Jos\u00e9 Luis \u201cel alem\u00e1n\u201d Herrera.<\/strong> Las entradas se consiguen en<a href=\"https:\/\/www.cba24n.com.ar\/espectaculos\/ventas.autoentrada.com\/events\/luna-radioencantamientos\"> Autoentrada<\/a> y en boleterias del teatro.&nbsp;<br \/>&nbsp;<\/p>\n<figure class=\"multimedia\" data-tadevel-template=\"web\/multimedia\" data-type=\"photo\">\n<div class=\"content\">\n<div class=\"sizer\" data-sizer=\"aspect-ratio\" data-tadevel-template=\"web\/aspect-ratio\"><img alt=\"\u201cLuna: Radioencantamientos\u201d \" loading=\"lazy\"><\/div>\n<\/div><figcaption class=\"caption\">\n<div class=\"description\">\u201cLuna: Radioencantamientos\u201d<\/div>\n<div class=\"attribution\">Foto prensa<\/div>\n<\/figcaption><\/figure>\n<p><strong>En la sinopsis se detalla: La Radio: una oyente transita la experiencia de sentir y vivir la radio<\/strong> en su m\u00e1xima plenitud representando a todos esos oyentes que se ven inmersos por elecci\u00f3n, en un universo imaginario que genera im\u00e1genes sonoras maravillosas en donde los que emiten y los que receptan protagonizan una conexi\u00f3n interactuada de ida y vuelta, posibilitando dar lugar a la manifestaci\u00f3n de la nostalgia y la melancol\u00eda con toques de humor en un fluir pleno de magia espontanea. Las canciones con sus historias, los datos referenciales, la presencia de los m\u00fasicos en vivo y el \u201cspeaker\u201d y \u201cla oyente\u201d conforman un marco policrom\u00e1tico de todo lo que puede ocurrir en un estudio de radio y todo lo que puede o podr\u00eda ocurrir del otro lado de la radio.&nbsp;<br \/>&nbsp;<\/p>\n<figure class=\"multimedia\" data-html data-tadevel-template=\"web\/multimedia\" data-type=\"rich\" data-url=\"https:\/\/www.instagram.com\/radioluna_encantamientos\/reel\/DXt81cvjNAK\/\"><figcaption class=\"caption\">\n<div class=\"description\">Radio Luna Encantamientos on Instagram: &#8220;\ud83c\udf1c&#8221;Luna: Radioencantamientos &#8220;El encanto de la radio generando mundos encantados!.. \ud83d\udcab sorprende, Cautiva y hace Re\u00edr. Teatro \ud83c\udfad y m\u00fasica \ud83c\udfb6 con sonido de radio. \ud83d\udcc5Viernes: 8,15 y 29 Mayo \ud83d\udd5820.30Hs. \ud83d\udccdTeatro Real &#8211; San Jer\u00f3nimo 66 (Sala Azucena Carmona) C\u00f3rdoba-Argentina \ud83c\udf9f\ufe0fEntradas por AUTOENTRADA y BOLETERIAS del Teatro. ventas.autoentrada.com\/events\/luna-radioencantamientos SINOPSIS \ud83d\udcfb La Radio: Una oyente transita la experiencia de sentir y vivir la radio en su m\u00e1xima plenitud representando a todos esos oyentes que se ven inmersos por elecci\u00f3n, en un universo imaginario que genera im\u00e1genes sonoras maravillosas en donde los que emiten y los que receptan protagonizan una conexi\u00f3n interactuada de ida y vuelta, posibilitando dar lugar a la manifestaci\u00f3n de la nostalgia y la melancol\u00eda con toques de humor en un fluir pleno de magia espontanea. Las canciones con sus historias, los datos referenciales, la presencia de los m\u00fasicos en vivo y el \u201cspeecker\u201d y \u201cla oyente\u201d conforman un marco policrom\u00e1tico de todo lo que puede ocurrir en un estudio de radio y todo lo que puede o podr\u00eda ocurrir del otro lado de la radio. \ud83c\udf1cLuna: Radio encantamientos&#8230; \ud83d\udcfb La radio enciende el futuro. #espect\u00e1culo #musica #teatrocba #teatro #cultura #radio #culturacba&#8221;<\/div>\n<\/figcaption><\/figure>\n<p><strong>Sobre la tem\u00e1tica la Luna, es un potente elemento significativo <\/strong>que sintetiza un horario en el que la gente que elige esa franja horaria de escuchar y receptar.&nbsp;<\/p>\n<figure class=\"multimedia\" data-tadevel-template=\"web\/multimedia\" data-type=\"photo\">\n<div class=\"content\">\n<div class=\"sizer\" data-sizer=\"aspect-ratio\" data-tadevel-template=\"web\/aspect-ratio\"><img alt=\"\u201cLuna: Radioencantamientos\u201d \" loading=\"lazy\"><\/div>\n<\/div><figcaption class=\"caption\">\n<div class=\"description\">\u201cLuna: Radioencantamientos\u201d<\/div>\n<div class=\"attribution\">Foto prensa<\/div>\n<\/figcaption><\/figure>\n<p>Se sabe de antemano que se va a producir un ida y vuelta diferente al resto de la tira de programaci\u00f3n. La obra se desarrolla simb\u00f3licamente en un estudio de radio en planos distintos con la oyente que por momentos se cruzan en interacci\u00f3n con la vibraci\u00f3n de los que emiten y la que escucha, en una misma frecuencia. Los tempos, el lenguaje, climas y contenidos de la radio se amalgaman para transmitir sensaciones e im\u00e1genes radiales que impactaran en la sensibilidad de la oyente produciendo efectos puramente sensoriales ligados al existir cotidiano tambi\u00e9n, de quienes eligen a la radio como un territorio\/espacio insustituible de conexi\u00f3n, mucho m\u00e1s all\u00e1 de una simple compa\u00f1\u00eda, plena de introspecci\u00f3n e imaginaciones. Un viaje hacia lo m\u00e1s movilizador de la radio planteando perspectivas de enso\u00f1aci\u00f3n, nostalgia y misterio.&nbsp;<\/p>\n<p>El desarrollo de la obra transita distintos cuadros (7) en donde siempre el eje central es la Radio, pero haciendo hincapi\u00e9 en todo lo que la misma puede producir y generar en todo aquel (aquella) que vibra con la radio valorando y adem\u00e1s adoptando incuestionablemente, a la Radio como un medio indispensable.&nbsp;<\/p>\n","protected":false},"excerpt":{"rendered":"<p>Llega la obra de teatro musical Luna: Radioencantamientos, una idea colectiva y creativa basada en todo lo que puede generar en quienes son \u201cconsumidores\u201d atentos y receptivos; en lo emocional, en lo sensorial, en lo cotidiano, La radio, destac\u00e1ndose las esencias caracter\u00edsticas y virtudes de este medio de comunicaci\u00f3n \u00fanico, insustituible e imperecedero, potenciado por [&hellip;]<\/p>\n","protected":false},"author":1,"featured_media":50901,"comment_status":"closed","ping_status":"closed","sticky":false,"template":"","format":"standard","meta":{"om_disable_all_campaigns":false,"_monsterinsights_skip_tracking":false,"_monsterinsights_sitenote_active":false,"_monsterinsights_sitenote_note":"","_monsterinsights_sitenote_category":0},"categories":[18],"tags":[],"aioseo_notices":[],"_links":{"self":[{"href":"https:\/\/economiapoliticacba.com\/index.php?rest_route=\/wp\/v2\/posts\/50900"}],"collection":[{"href":"https:\/\/economiapoliticacba.com\/index.php?rest_route=\/wp\/v2\/posts"}],"about":[{"href":"https:\/\/economiapoliticacba.com\/index.php?rest_route=\/wp\/v2\/types\/post"}],"author":[{"embeddable":true,"href":"https:\/\/economiapoliticacba.com\/index.php?rest_route=\/wp\/v2\/users\/1"}],"replies":[{"embeddable":true,"href":"https:\/\/economiapoliticacba.com\/index.php?rest_route=%2Fwp%2Fv2%2Fcomments&post=50900"}],"version-history":[{"count":0,"href":"https:\/\/economiapoliticacba.com\/index.php?rest_route=\/wp\/v2\/posts\/50900\/revisions"}],"wp:featuredmedia":[{"embeddable":true,"href":"https:\/\/economiapoliticacba.com\/index.php?rest_route=\/wp\/v2\/media\/50901"}],"wp:attachment":[{"href":"https:\/\/economiapoliticacba.com\/index.php?rest_route=%2Fwp%2Fv2%2Fmedia&parent=50900"}],"wp:term":[{"taxonomy":"category","embeddable":true,"href":"https:\/\/economiapoliticacba.com\/index.php?rest_route=%2Fwp%2Fv2%2Fcategories&post=50900"},{"taxonomy":"post_tag","embeddable":true,"href":"https:\/\/economiapoliticacba.com\/index.php?rest_route=%2Fwp%2Fv2%2Ftags&post=50900"}],"curies":[{"name":"wp","href":"https:\/\/api.w.org\/{rel}","templated":true}]}}