{"id":50896,"date":"2026-04-29T19:38:16","date_gmt":"2026-04-29T19:38:16","guid":{"rendered":"http:\/\/69f25cd3632e978584a57cc7"},"modified":"2026-04-29T19:38:16","modified_gmt":"2026-04-29T19:38:16","slug":"caidas-en-las-industrias-de-cordoba-la-uic-marco-una-baja-del-44-en-el-primer-trimestre","status":"publish","type":"post","link":"https:\/\/economiapoliticacba.com\/?p=50896","title":{"rendered":"Ca\u00eddas en las industrias de C\u00f3rdoba: la UIC marc\u00f3 una baja del 44% en el primer trimestre"},"content":{"rendered":"<p><img src=\"http:\/\/economiapoliticacba.com\/wp-content\/uploads\/2026\/04\/caidas-en-las-industrias-de-cordoba-la-uic-marco-una-baja-del-44-en-el-primer-trimestre.jpg\"><\/p>\n<p>La <strong>Uni\u00f3n Industrial de C\u00f3rdoba<\/strong> relev\u00f3 que el 44% de las empresas confirmaron bajas en la producci\u00f3n en el primer trimestre de 2026.<\/p>\n<p><strong>Daniel Urc\u00eda<\/strong>, vicepresidente de la instituci\u00f3n, dijo que el escenario se divide en tercios: &#8220;Uno ve el panorama industrial muy malo, otro estable y un tercero con perspectivas de crecimiento&#8221;.<\/p>\n<figure data-url=\"https:\/\/www.youtube.com\/watch?v=m9GlnY2sBmo\" class=\"multimedia\" data-html data-tadevel-template=\"web\/multimedia\" data-type=\"video\">\n<div class=\"content\">\n<div class=\"sizer\" data-sizer=\"aspect-ratio\" data-tadevel-template=\"web\/aspect-ratio\">\n<div class=\"backdrop\" data-tadevel-template=\"web\/backdrop\">\n<div class=\"facade\" data-facade-target data-tadevel-template=\"web\/multimedia-facade\"><button aria-label=\"Reproducir video\" class=\"run\"><\/button> [embedded content]<\/div>\n<\/div>\n<\/div>\n<\/div><figcaption class=\"caption\">\n<div class=\"description\">Industriales de C\u00f3rdoba bajo alerta por ca\u00eddas del 44%<\/div>\n<\/figcaption><\/figure>\n<p>El empresario frigor\u00edfico dijo que el invierno tambi\u00e9n activ\u00f3 las alarmas en el sector por el impacto en el aprovisionamiento de gas y la guerra en Medio Oriente.<\/p>\n<figure class=\"multimedia\" data-tadevel-template=\"web\/multimedia\" data-type=\"photo\">\n<div class=\"content\">\n<div class=\"sizer\" data-sizer=\"aspect-ratio\" data-tadevel-template=\"web\/aspect-ratio\"><img alt=\"El Observatorio de la UIC marca que la ca\u00edda del consumo es el principal obst\u00e1culo para el desarrollo.\" loading=\"lazy\"><\/div>\n<\/div><figcaption class=\"caption\">\n<div class=\"description\">El Observatorio de la UIC marca que la ca\u00edda del consumo es el principal obst\u00e1culo para el desarrollo.<\/div>\n<div class=\"attribution\">Imagen: estudio de Pulso Productivo.<\/div>\n<\/figcaption><\/figure>\n<p class=\"aside\">&#8220;Va a ser un a\u00f1o dif\u00edcil; para que aparezca el cr\u00e9dito todav\u00eda falta; hay reuniones pendientes para implementar sistemas que le permitan al sector privado sortear esto sin hablar de subsidios&#8221;, afirm\u00f3 Urc\u00eda.<\/p>\n<p>De acuerdo con el relevamiento del <strong>Observatorio de la UIC<\/strong>, los primeros tres meses del a\u00f1o muestran que &#8220;el 41% de las empresas no prev\u00e9 realizar inversiones, limitando la acumulaci\u00f3n de capital y la capacidad de recuperaci\u00f3n futura&#8221;.<\/p>\n<p>Otro dato preocupante del estudio es que &#8220;el deterioro deja de ser epis\u00f3dico y comienza a consolidarse como tendencia&#8221;.<\/p>\n","protected":false},"excerpt":{"rendered":"<p>La Uni\u00f3n Industrial de C\u00f3rdoba relev\u00f3 que el 44% de las empresas confirmaron bajas en la producci\u00f3n en el primer trimestre de 2026. Daniel Urc\u00eda, vicepresidente de la instituci\u00f3n, dijo que el escenario se divide en tercios: &#8220;Uno ve el panorama industrial muy malo, otro estable y un tercero con perspectivas de crecimiento&#8221;. [embedded content] [&hellip;]<\/p>\n","protected":false},"author":1,"featured_media":50897,"comment_status":"closed","ping_status":"closed","sticky":false,"template":"","format":"standard","meta":{"om_disable_all_campaigns":false,"_monsterinsights_skip_tracking":false,"_monsterinsights_sitenote_active":false,"_monsterinsights_sitenote_note":"","_monsterinsights_sitenote_category":0},"categories":[18],"tags":[],"aioseo_notices":[],"_links":{"self":[{"href":"https:\/\/economiapoliticacba.com\/index.php?rest_route=\/wp\/v2\/posts\/50896"}],"collection":[{"href":"https:\/\/economiapoliticacba.com\/index.php?rest_route=\/wp\/v2\/posts"}],"about":[{"href":"https:\/\/economiapoliticacba.com\/index.php?rest_route=\/wp\/v2\/types\/post"}],"author":[{"embeddable":true,"href":"https:\/\/economiapoliticacba.com\/index.php?rest_route=\/wp\/v2\/users\/1"}],"replies":[{"embeddable":true,"href":"https:\/\/economiapoliticacba.com\/index.php?rest_route=%2Fwp%2Fv2%2Fcomments&post=50896"}],"version-history":[{"count":0,"href":"https:\/\/economiapoliticacba.com\/index.php?rest_route=\/wp\/v2\/posts\/50896\/revisions"}],"wp:featuredmedia":[{"embeddable":true,"href":"https:\/\/economiapoliticacba.com\/index.php?rest_route=\/wp\/v2\/media\/50897"}],"wp:attachment":[{"href":"https:\/\/economiapoliticacba.com\/index.php?rest_route=%2Fwp%2Fv2%2Fmedia&parent=50896"}],"wp:term":[{"taxonomy":"category","embeddable":true,"href":"https:\/\/economiapoliticacba.com\/index.php?rest_route=%2Fwp%2Fv2%2Fcategories&post=50896"},{"taxonomy":"post_tag","embeddable":true,"href":"https:\/\/economiapoliticacba.com\/index.php?rest_route=%2Fwp%2Fv2%2Ftags&post=50896"}],"curies":[{"name":"wp","href":"https:\/\/api.w.org\/{rel}","templated":true}]}}